{"id":14691,"date":"2020-09-23T11:07:07","date_gmt":"2020-09-23T09:07:07","guid":{"rendered":"http:\/\/bisbalpenedes.com\/web\/?p=14691"},"modified":"2020-09-23T13:15:28","modified_gmt":"2020-09-23T11:15:28","slug":"lajuntament-signa-un-conveni-amb-joventut-bisbalenca-cf-per-a-la-promocio-del-futbol-al-municipi","status":"publish","type":"post","link":"https:\/\/bisbalpenedes.com\/web\/2020\/09\/23\/lajuntament-signa-un-conveni-amb-joventut-bisbalenca-cf-per-a-la-promocio-del-futbol-al-municipi\/","title":{"rendered":"L\u2019Ajuntament signa un conveni amb Joventut Bisbalenca CF per a la promoci\u00f3 del futbol al municipi"},"content":{"rendered":"<figure id=\"attachment_14692\" aria-describedby=\"caption-attachment-14692\" style=\"width: 630px\" class=\"wp-caption aligncenter\"><a href=\"http:\/\/bisbalpenedes.com\/web\/wp-content\/uploads\/2020\/09\/IMG_20200917_110509.jpg\"><img loading=\"lazy\" class=\"size-large wp-image-14692\" src=\"http:\/\/bisbalpenedes.com\/web\/wp-content\/uploads\/2020\/09\/IMG_20200917_110509-1024x768.jpg\" alt=\"El president de l'entitat, Lu\u00eds Federico Hern\u00e1ndez, signa el contracte a l'Ajuntament de la Bisbal del Pened\u00e8s. A la Fotografia apareix el president de la Joventut Bisbalenca CF, l'alcaldessa de la Bisbal del Pened\u00e8s -Agn\u00e8s Ferr\u00e9- i la Regidora d'Esports, Leo Uceda.\" width=\"630\" height=\"473\" srcset=\"https:\/\/bisbalpenedes.com\/web\/wp-content\/uploads\/2020\/09\/IMG_20200917_110509-1024x768.jpg 1024w, https:\/\/bisbalpenedes.com\/web\/wp-content\/uploads\/2020\/09\/IMG_20200917_110509-600x450.jpg 600w, https:\/\/bisbalpenedes.com\/web\/wp-content\/uploads\/2020\/09\/IMG_20200917_110509-300x225.jpg 300w, https:\/\/bisbalpenedes.com\/web\/wp-content\/uploads\/2020\/09\/IMG_20200917_110509-768x576.jpg 768w\" sizes=\"(max-width: 630px) 100vw, 630px\" \/><\/a><figcaption id=\"caption-attachment-14692\" class=\"wp-caption-text\">El president de l&#8217;entitat, Lu\u00eds Federico Hern\u00e1ndez, signa el contracte a l&#8217;Ajuntament de la Bisbal del Pened\u00e8s. A la Fotografia apareixen el president de la Joventut Bisbalenca CF, l&#8217;alcaldessa de la Bisbal del Pened\u00e8s -Agn\u00e8s Ferr\u00e9- i la Regidora d&#8217;Esports, Leo Uceda.<\/figcaption><\/figure>\n<p style=\"text-align: justify;\"><span style=\"color: #000000;\">La Junta de Govern del 14 de setembre de 2020 va aprovar el conveni de col\u00b7laboraci\u00f3 entre l\u2019Ajuntament de la Bisbal del Pened\u00e8s i Joventut Bisbalenca CF per a la temporada 2020\/2021 per a la promoci\u00f3 de l\u2019esport al municipi, el foment de les activitats esportives de car\u00e0cter formatiu i de competici\u00f3, en especial, les relacionades amb el futbol.<\/span><\/p>\n<p style=\"text-align: justify;\"><span style=\"color: #000000;\">El Pla estrat\u00e8gic de subvencions de l\u2019Ajuntament de la Bisbal del Pened\u00e8s per a l\u2019exercici 2020 es va aprovar en el <a style=\"color: #000000;\" href=\"https:\/\/bisbalpenedes.com\/web\/2019\/12\/17\/plaestrategicsubvencions2020\/\">Ple ordinari<\/a> del 16 de desembre de 2019. \u00a0Aquest pla preveia la concessi\u00f3 d\u2019una subvenci\u00f3 nominativa de 23.000\u20ac a l\u2019entitat Joventut Bisbalenca CF. El conveni t\u00e9 com a objecte establir el marc de col\u00b7laboraci\u00f3 entre l\u2019Ajuntament de la Bisbal del Pened\u00e8s i Joventut Bisbalenca CF amb l\u2019objectiu de promocionar el futbol al municipi. Les activitats objecte de la subvenci\u00f3 comprenen aquelles que es realitzin entre el dia de la signatura del conveni, el 17 de setembre de 2020, i el 30 de juny de 2021. Aquestes han de tenir a veure amb fitxes, arbitratges, despla\u00e7aments, equipacions i altres conceptes relacionats amb les activitats esportives que du a terme el club.<\/span><\/p>\n<p style=\"text-align: justify;\"><span style=\"color: #000000;\">L\u2019Ajuntament concedeix de forma directa a Joventut Bisbalenca CF un import total de 23.000\u20ac per a la temporada 2020\/2021. D\u2019aquest import, 10.000\u20ac s\u2019abonen en el moment de la signatura del conveni, 6.500\u20ac al gener de 2021 i 6.500\u20ac quan es justifiquin les despeses de la subvenci\u00f3, al juliol de 2021.<\/span><\/p>\n<p style=\"text-align: justify;\"><span style=\"color: #000000;\">Joventut Bisbalenca CF \u00e9s una entitat esportiva legalment constitu\u00efda, sense \u00e0nim de lucre, inscrita al Registre municipal d\u2019entitats, dedicada al foment i la pr\u00e0ctica continuada de l\u2019activitat esportiva, en concret, del futbol.<\/span><\/p>\n<hr \/>\n<p style=\"text-align: justify;\"><span style=\"color: #000000;\"><strong>CASTELLANO |\u00a0<\/strong>La Junta de Gobierno del 14 de septiembre de 2020 aprob\u00f3 el convenio de colaboraci\u00f3n entre el Ayuntamiento de la Bisbal del Pened\u00e8s y Joventut Bisbalenca CF para la temporada 2020\/2021 para la promoci\u00f3n del deporte en el municipio, el fomento de las actividades deportivas de car\u00e1cter formativo y de competici\u00f3n, en especial, las relacionadas con el f\u00fatbol.<\/span><\/p>\n<p style=\"text-align: justify;\"><span style=\"color: #000000;\">El Plan estrat\u00e9gico de subvenciones del Ayuntamiento de la Bisbal del Pened\u00e8s para el ejercicio 2020 se aprob\u00f3 en el <a style=\"color: #000000;\" href=\"https:\/\/bisbalpenedes.com\/web\/2019\/12\/17\/plaestrategicsubvencions2020\/\">Pleno ordinario<\/a> del 16 de diciembre de 2019.\u00a0 Este plan preve\u00eda la concesi\u00f3n de una subvenci\u00f3n nominativa de 23.000\u20ac a la entidad Joventut Bisbalenca CF. El convenio tiene como objeto establecer el marco de colaboraci\u00f3n entre el Ayuntamiento de la Bisbal del Pened\u00e8s y Joventut Bisbalenca CF con el objetivo de promocionar el f\u00fatbol en el municipio. Las actividades objeto de la subvenci\u00f3n comprenden aquellas que se realicen entre el d\u00eda de la firma del convenio, el 17 de septiembre de 2020, y el 30 de junio de 2021. Estas tienen que tener que ver con fichas, arbitrajes, desplazamientos, equipaciones y otros conceptos relacionados con las actividades deportivas que lleva a cabo el club.<\/span><\/p>\n<p style=\"text-align: justify;\"><span style=\"color: #000000;\">El Ayuntamiento concede de forma directa a Joventut Bisbalenca CF un importe total de 23.000\u20ac para la temporada 2020\/2021. De este importe, 10.000\u20ac se abonan en el momento de la firma del convenio, 6.500\u20ac en enero de 2021 y 6.500\u20ac cuando se justifiquen los gastos de la subvenci\u00f3n, en julio de 2021.<\/span><\/p>\n<p style=\"text-align: justify;\"><span style=\"color: #000000;\">Joventut Bisbalenca CF es una entidad deportiva legalmente constituida, sin \u00e1nimo de lucro, inscrita al Registro municipal de entidades, dedicada al fomento y la pr\u00e1ctica continuada de la actividad deportiva, en concreto, del f\u00fatbol.<\/span><\/p>\n","protected":false},"excerpt":{"rendered":"<p>La Junta de Govern del 14 de setembre de 2020 va aprovar el conveni de col\u00b7laboraci\u00f3 entre l\u2019Ajuntament de la Bisbal del Pened\u00e8s i Joventut Bisbalenca CF per a la &hellip; <a href=\"https:\/\/bisbalpenedes.com\/web\/2020\/09\/23\/lajuntament-signa-un-conveni-amb-joventut-bisbalenca-cf-per-a-la-promocio-del-futbol-al-municipi\/\" class=\"more-link\">Read More<\/a><\/p>\n","protected":false},"author":4,"featured_media":14692,"comment_status":"closed","ping_status":"closed","sticky":false,"template":"","format":"standard","meta":[],"categories":[19,8,3418],"tags":[73,368,367,345,4037],"_links":{"self":[{"href":"https:\/\/bisbalpenedes.com\/web\/wp-json\/wp\/v2\/posts\/14691"}],"collection":[{"href":"https:\/\/bisbalpenedes.com\/web\/wp-json\/wp\/v2\/posts"}],"about":[{"href":"https:\/\/bisbalpenedes.com\/web\/wp-json\/wp\/v2\/types\/post"}],"author":[{"embeddable":true,"href":"https:\/\/bisbalpenedes.com\/web\/wp-json\/wp\/v2\/users\/4"}],"replies":[{"embeddable":true,"href":"https:\/\/bisbalpenedes.com\/web\/wp-json\/wp\/v2\/comments?post=14691"}],"version-history":[{"count":2,"href":"https:\/\/bisbalpenedes.com\/web\/wp-json\/wp\/v2\/posts\/14691\/revisions"}],"predecessor-version":[{"id":14695,"href":"https:\/\/bisbalpenedes.com\/web\/wp-json\/wp\/v2\/posts\/14691\/revisions\/14695"}],"wp:featuredmedia":[{"embeddable":true,"href":"https:\/\/bisbalpenedes.com\/web\/wp-json\/wp\/v2\/media\/14692"}],"wp:attachment":[{"href":"https:\/\/bisbalpenedes.com\/web\/wp-json\/wp\/v2\/media?parent=14691"}],"wp:term":[{"taxonomy":"category","embeddable":true,"href":"https:\/\/bisbalpenedes.com\/web\/wp-json\/wp\/v2\/categories?post=14691"},{"taxonomy":"post_tag","embeddable":true,"href":"https:\/\/bisbalpenedes.com\/web\/wp-json\/wp\/v2\/tags?post=14691"}],"curies":[{"name":"wp","href":"https:\/\/api.w.org\/{rel}","templated":true}]}}