{"id":14688,"date":"2020-09-23T11:07:17","date_gmt":"2020-09-23T09:07:17","guid":{"rendered":"http:\/\/bisbalpenedes.com\/web\/?p=14688"},"modified":"2020-09-23T11:07:17","modified_gmt":"2020-09-23T09:07:17","slug":"lajuntament-signa-un-conveni-amb-la-societat-perque-promogui-la-cultura-i-la-tradicio-al-municipi","status":"publish","type":"post","link":"https:\/\/bisbalpenedes.com\/web\/2020\/09\/23\/lajuntament-signa-un-conveni-amb-la-societat-perque-promogui-la-cultura-i-la-tradicio-al-municipi\/","title":{"rendered":"L\u2019Ajuntament signa un conveni amb la Societat perqu\u00e8 promogui la cultura i la tradici\u00f3 al municipi"},"content":{"rendered":"<figure id=\"attachment_14689\" aria-describedby=\"caption-attachment-14689\" style=\"width: 630px\" class=\"wp-caption aligncenter\"><a href=\"http:\/\/bisbalpenedes.com\/web\/wp-content\/uploads\/2020\/09\/DSC05045.jpg\"><img loading=\"lazy\" class=\"size-large wp-image-14689\" src=\"http:\/\/bisbalpenedes.com\/web\/wp-content\/uploads\/2020\/09\/DSC05045-1024x768.jpg\" alt=\"Un moment de la signatura del conveni amb l'entitat. Signa el president, Josep Pasqual, acompanyat d'altres membres de la junta de l'entitat.\" width=\"630\" height=\"473\" srcset=\"https:\/\/bisbalpenedes.com\/web\/wp-content\/uploads\/2020\/09\/DSC05045-1024x768.jpg 1024w, https:\/\/bisbalpenedes.com\/web\/wp-content\/uploads\/2020\/09\/DSC05045-600x450.jpg 600w, https:\/\/bisbalpenedes.com\/web\/wp-content\/uploads\/2020\/09\/DSC05045-300x225.jpg 300w, https:\/\/bisbalpenedes.com\/web\/wp-content\/uploads\/2020\/09\/DSC05045-768x576.jpg 768w\" sizes=\"(max-width: 630px) 100vw, 630px\" \/><\/a><figcaption id=\"caption-attachment-14689\" class=\"wp-caption-text\">Un moment de la signatura del conveni amb l&#8217;entitat. Signa el president, Josep Pasqual, acompanyat d&#8217;altres membres de la junta de l&#8217;entitat; l&#8217;alcaldessa de la Bisbal del Pened\u00e8s, Agn\u00e8s Ferr\u00e9; i la Regidora de Cultura, Judith Vidal.<\/figcaption><\/figure>\n<p style=\"text-align: justify;\"><span style=\"color: #000000;\">La Junta de Govern del 24 d\u2019agost de 2020 va aprovar un conveni amb la Societat Cultural i Recreativa Bisbalenca per a la promoci\u00f3 de la cultura i la tradici\u00f3 popular catalanes al municipi, fomentant l\u2019associacionisme. El passat divendres 4 de setembre es va signar el conveni amb l\u2019entitat.<\/span><\/p>\n<p style=\"text-align: justify;\"><span style=\"color: #000000;\">El Pla estrat\u00e8gic de subvencions de l\u2019Ajuntament de la Bisbal del Pened\u00e8s per a l\u2019exercici 2020 es va aprovar en el <a style=\"color: #000000;\" href=\"https:\/\/bisbalpenedes.com\/web\/2019\/12\/17\/plaestrategicsubvencions2020\/\">Ple ordinari<\/a> del 16 de desembre de 2020. \u00a0Aquest pla preveia la concessi\u00f3 d\u2019una subvenci\u00f3 nominativa de 12.000\u20ac a la Societat per a la realitzaci\u00f3 de les activitats de l\u2019any 2020, en concret l\u2019entitat ha de col\u00b7laborar en el finan\u00e7ament de les despeses derivades de:<\/span><\/p>\n<p style=\"padding-left: 30px; text-align: justify;\"><span style=\"color: #000000;\">-L\u2019organitzaci\u00f3 de la Festa Major d\u2019Hivern i de la Festa Major Xica d\u2019estiu, al local de l\u2019entitat i pels carrers de la vila de l\u2019any 2020.<\/span><\/p>\n<p style=\"padding-left: 30px; text-align: justify;\"><span style=\"color: #000000;\">-L\u2019organitzaci\u00f3 del curs de gralla i tambor per als membres del Grup de geganters i grallers de l\u2019entitat que t\u00e9 lloc entre els mesos de gener i juny i d\u2019octubre a desembre del 2020.<\/span><\/p>\n<p style=\"padding-left: 30px; text-align: justify;\"><span style=\"color: #000000;\">-Les actuacions del grup de geganters i grallers de l\u2019entitat al municipi durant l\u2019any 2020 amb l\u2019ocasi\u00f3 de la rebuda de la Flama del Canig\u00f3, les cercaviles de la Festa Major d\u2019estiu i altres participacions en actes organitzats des de la Regidoria de Cultura de l\u2019Ajuntament de la Bisbal del Pened\u00e8s.<\/span><\/p>\n<p style=\"padding-left: 30px; text-align: justify;\"><span style=\"color: #000000;\">-L\u2019organitzaci\u00f3 d\u2019altres activitats i festes durant l\u2019any 2020.<\/span><\/p>\n<p style=\"text-align: justify;\"><span style=\"color: #000000;\">Mitjan\u00e7ant el conveni signat, l\u2019entitat s\u2019obliga a:<\/span><\/p>\n<p style=\"padding-left: 30px; text-align: justify;\"><span style=\"color: #000000;\">-Promoure la cultura I la tradici\u00f3 popular catalanes al municipi<\/span><\/p>\n<p style=\"padding-left: 30px; text-align: justify;\"><span style=\"color: #000000;\">-Cedir la sala de l\u2019edifici propietat de l\u2019entitat a l\u2019Ajuntament per al seu \u00fas o per al de l\u2019escola Ull de Vent o l\u2019Institut Coster de la Torre, quan aquest ho requereixi, sempre que no estigui programada una activitat per part de l\u2019entitat.<\/span><\/p>\n<p style=\"padding-left: 30px; text-align: justify;\"><span style=\"color: #000000;\">-Fer constar de forma clara en tota documentaci\u00f3 impresa o en qualsevol altre suport que l\u2019activitat est\u00e0 subvencionada per l\u2019Ajuntament de la Bisbal del Pened\u00e8s<\/span><\/p>\n<p style=\"padding-left: 30px; text-align: justify;\"><span style=\"color: #000000;\">-Presentar la documentaci\u00f3 justificativa corresponent, abans del 31 de gener de 2021.<\/span><\/p>\n<p style=\"text-align: justify;\"><span style=\"color: #000000;\">La Societat \u00e9s una entitat cultural sense \u00e0nim de lucre, legalment constitu\u00efda i inscrita al Registre municipal d\u2019entitats, que t\u00e9 com a objecte promoure la cultura i les festes populars. Un dels objectius que persegueix l\u2019Ajuntament en el foment de la cultura al municipi, \u00e9s la promoci\u00f3 de la mateixa per\u00f2 tamb\u00e9 millorar la qualitat de vida de la ciutadania promovent la conviv\u00e8ncia i cohesi\u00f3 socials. En aquest sentit, l\u2019Ajuntament tenia previst atorgar una subvenci\u00f3 de 15.000\u20ac al Ball de Diables i diablons de la Bisbal del Pened\u00e8s per a les activitats organitzades -promovent la cultura i la conviv\u00e8ncia i el folklore al municipi- i per als actes realitzats amb motiu del 15\u00e8 aniversari de l\u2019entitat. Aquests actes s\u2019havien de dur a terme durant el 2020. D\u2019altra banda, tamb\u00e9 estava prevista una subvenci\u00f3, a trav\u00e9s de conveni, amb la Colla Castellera la Bisbal del Pened\u00e8s (Bous) per promoure la cultura castellera i\u00a0 la conviv\u00e8ncia al municipi per un import d\u201911.500\u20ac. En aquests dos casos, la pand\u00e8mia de la Covid-19 a fet que les entitats aturin la seva activitat i, per aquest motiu, no s\u2019ha signat el conveni previst perqu\u00e8 no podrien destinar aquests diners al funcionament de l\u2019entitat i, per tant, no podrien justificar les despeses. No obstant aix\u00f2, hi ha altres convenis amb entitats (culturals, esportives, educatives, mediambientals\u2026) que s\u00ed que s\u2019han pogut tirar endavant, com ara el conveni amb l\u2019Escola Ull de Vent per a material escolar i equipaments inform\u00e0tics; el conveni amb l\u2019ADF Clot de Bou; o el conveni aprovat amb la Joventut Bisbalenca CF per a la temporada 2020\/2021.<\/span><\/p>\n<p style=\"text-align: justify;\"><span style=\"color: #000000;\">En el cas del conveni signat amb la Societat Cultural i Recreativa Bisbalenca, ara s\u2019ha aprovat un primer pagament de 10.000\u20ac. El segon pagament, de 2.000\u20ac es far\u00e0 quan hagin justificat el conveni. En cas d\u2019incompliment dels requisits i les obligacions establertes al conveni, hauran de reintegrar una part o el total de la subvenci\u00f3, segons la Llei 38\/2003, del 17 de novembre, general de subvencions i el Reglament de la Llei 38\/2003, del 17 de novembre, general de subvencions.<\/span><\/p>\n<hr \/>\n<p style=\"text-align: justify;\"><span style=\"color: #000000;\">CASTELLANO |\u00a0La Junta de Gobierno del 24 de agosto de 2020 aprob\u00f3 un convenio con la Societat Cultural i Recreativa Bisbalenca para la promoci\u00f3n de la cultura y la tradici\u00f3n popular catalanas en el municipio, fomentando el asociacionismo. El pasado viernes 4 de septiembre se firm\u00f3 el convenio con la entidad.<\/span><\/p>\n<p style=\"text-align: justify;\"><span style=\"color: #000000;\">El Plan estrat\u00e9gico de subvenciones del Ayuntamiento de la Bisbal del Pened\u00e8s para el ejercicio 2020 se aprob\u00f3 en el Pleno ordinario del 16 de diciembre de 2020.\u00a0 Este plan preve\u00eda la concesi\u00f3n de una subvenci\u00f3n nominativa de 12.000\u20ac a la Societat para la realizaci\u00f3n de las actividades del a\u00f1o 2020, en concreto la entidad tiene que colaborar en la financiaci\u00f3n de los gastos derivados de:<\/span><\/p>\n<p style=\"padding-left: 30px; text-align: justify;\"><span style=\"color: #000000;\">-La organizaci\u00f3n de la Fiesta Mayor de Invierno y de la \u2018Festa Major Xica\u2019 de verano, en el local de la entidad y por las calles del municipio del a\u00f1o 2020.<\/span><\/p>\n<p style=\"padding-left: 30px; text-align: justify;\"><span style=\"color: #000000;\">-La organizaci\u00f3n del curso de gralla y tambor para los miembros del Grupo de <em>geganters<\/em> y <em>grallers<\/em> de la entidad que tiene lugar entre los meses de enero y junio y de octubre a diciembre de 2020.<\/span><\/p>\n<p style=\"padding-left: 30px; text-align: justify;\"><span style=\"color: #000000;\">-Las actuaciones del grupo de <em>geganters<\/em> y <em>grallers<\/em> de la entidad en el municipio durante el a\u00f1o 2020 con la ocasi\u00f3n del recibimiento de la <em>Flama del Canig\u00f3<\/em>, los pasacalles de la Fiesta Mayor de verano y otras participaciones en actos organizados desde la Concejal\u00eda de Cultura del Ayuntamiento de la Bisbal del Pened\u00e8s.<\/span><\/p>\n<p style=\"padding-left: 30px; text-align: justify;\"><span style=\"color: #000000;\">-La organizaci\u00f3n de otras actividades y fiestas durante el a\u00f1o 2020.<\/span><\/p>\n<p style=\"text-align: justify;\"><span style=\"color: #000000;\">Mediante el convenio firmado, la entidad se obliga a:<\/span><\/p>\n<p style=\"padding-left: 30px; text-align: justify;\"><span style=\"color: #000000;\">-Promover la cultura y la tradici\u00f3n popular catalanas en el municipio<\/span><\/p>\n<p style=\"padding-left: 30px; text-align: justify;\"><span style=\"color: #000000;\">-Ceder la sala del edificio propiedad de la entidad al Ayuntamiento para su uso o para el de la escuela Ull de Vent o el Instituto Coster de la Torre, cuando este lo requiera, siempre que no est\u00e9 programada una actividad por parte de la entidad.<\/span><\/p>\n<p style=\"padding-left: 30px; text-align: justify;\"><span style=\"color: #000000;\">-Hacer constar de forma clara en toda la documentaci\u00f3n impresa o en cualquier otro soporte que la actividad est\u00e1 subvencionada por el Ayuntamiento de la Bisbal del Pened\u00e8s<\/span><\/p>\n<p style=\"padding-left: 30px; text-align: justify;\"><span style=\"color: #000000;\">-Presentar la documentaci\u00f3n justificativa correspondiente, antes del 31 de enero de 2021.<\/span><\/p>\n<p style=\"text-align: justify;\"><span style=\"color: #000000;\">La Societat es una entidad cultural sin \u00e1nimo de lucro, legalmente constituida e inscrita al Registro municipal de entidades, que tiene como objeto promover la cultura y las fiestas populares. Uno de los objetivos que persigue el Ayuntamiento en el fomento de la cultura en el municipio, es la promoci\u00f3n de la misma pero tambi\u00e9n mejorar la calidad de vida de la ciudadan\u00eda promoviendo la convivencia y cohesi\u00f3n sociales. En este sentido, el Ayuntamiento ten\u00eda previsto otorgar una subvenci\u00f3n de 15.000\u20ac al Ball de Diables i diablons de la Bisbal del Pened\u00e8s para las actividades organizadas -promoviendo la cultura y la convivencia y el folclore en el municipio- y para los actos realizados con motivo del 15\u00ba aniversario de la entidad. Estos actos se ten\u00edan que llevar a cabo durante el 2020. Por otro lado, tambi\u00e9n estaba prevista una subvenci\u00f3n, a trav\u00e9s de convenio, con la Colla Castellera la Bisbal del Pened\u00e8s (Bous) para promover la cultura castellera y la convivencia \u00a0en el municipio por un importe de 11.500\u20ac. En estos dos casos, la pandemia de la Covid-19 ha hecho que las entidades paren su actividad y, por este motivo, no se ha firmado el convenio previsto porque no podr\u00edan destinar este dinero al funcionamiento de la entidad y, por lo tanto, no podr\u00edan justificar los gastos. Sin embargo, hay otros convenios con entidades (culturales, deportivas, educativas, medioambientales\u2026) que s\u00ed que se han podido sacar adelante, como por ejemplo el convenio con la Escola Ull de Vent para material escolar y equipaciones inform\u00e1ticas; el convenio con el ADF Clot de Bou; o el convenio aprobado con la Joventut Bisbalenca CF para la temporada 2020\/2021.<\/span><\/p>\n<p style=\"text-align: justify;\"><span style=\"color: #000000;\">En el caso del convenio firmado con la Societat Cultural i Recreativa Bisbalenca, ahora se ha aprobado un primer pago de 10.000\u20ac. El segundo pago, de 2.000\u20ac se har\u00e1 cuando hayan justificado el convenio. En caso de incumplimiento de los requisitos y las obligaciones establecidas al convenio, tendr\u00e1n que reintegrar una parte o el total de la subvenci\u00f3n, seg\u00fan la Ley 38\/2003, del 17 de noviembre, general de subvenciones y el Reglamento de la Ley 38\/2003, del 17 de noviembre, general de subvenciones.<\/span><\/p>\n","protected":false},"excerpt":{"rendered":"<p>La Junta de Govern del 24 d\u2019agost de 2020 va aprovar un conveni amb la Societat Cultural i Recreativa Bisbalenca per a la promoci\u00f3 de la cultura i la tradici\u00f3 &hellip; <a href=\"https:\/\/bisbalpenedes.com\/web\/2020\/09\/23\/lajuntament-signa-un-conveni-amb-la-societat-perque-promogui-la-cultura-i-la-tradicio-al-municipi\/\" class=\"more-link\">Read More<\/a><\/p>\n","protected":false},"author":4,"featured_media":14689,"comment_status":"closed","ping_status":"closed","sticky":false,"template":"","format":"standard","meta":[],"categories":[13,8,2809],"tags":[110,230,225,750,1245,2776],"_links":{"self":[{"href":"https:\/\/bisbalpenedes.com\/web\/wp-json\/wp\/v2\/posts\/14688"}],"collection":[{"href":"https:\/\/bisbalpenedes.com\/web\/wp-json\/wp\/v2\/posts"}],"about":[{"href":"https:\/\/bisbalpenedes.com\/web\/wp-json\/wp\/v2\/types\/post"}],"author":[{"embeddable":true,"href":"https:\/\/bisbalpenedes.com\/web\/wp-json\/wp\/v2\/users\/4"}],"replies":[{"embeddable":true,"href":"https:\/\/bisbalpenedes.com\/web\/wp-json\/wp\/v2\/comments?post=14688"}],"version-history":[{"count":2,"href":"https:\/\/bisbalpenedes.com\/web\/wp-json\/wp\/v2\/posts\/14688\/revisions"}],"predecessor-version":[{"id":14694,"href":"https:\/\/bisbalpenedes.com\/web\/wp-json\/wp\/v2\/posts\/14688\/revisions\/14694"}],"wp:featuredmedia":[{"embeddable":true,"href":"https:\/\/bisbalpenedes.com\/web\/wp-json\/wp\/v2\/media\/14689"}],"wp:attachment":[{"href":"https:\/\/bisbalpenedes.com\/web\/wp-json\/wp\/v2\/media?parent=14688"}],"wp:term":[{"taxonomy":"category","embeddable":true,"href":"https:\/\/bisbalpenedes.com\/web\/wp-json\/wp\/v2\/categories?post=14688"},{"taxonomy":"post_tag","embeddable":true,"href":"https:\/\/bisbalpenedes.com\/web\/wp-json\/wp\/v2\/tags?post=14688"}],"curies":[{"name":"wp","href":"https:\/\/api.w.org\/{rel}","templated":true}]}}