{"id":14685,"date":"2020-09-22T17:03:56","date_gmt":"2020-09-22T15:03:56","guid":{"rendered":"http:\/\/bisbalpenedes.com\/web\/?p=14685"},"modified":"2020-09-22T17:03:56","modified_gmt":"2020-09-22T15:03:56","slug":"el-dissabte-26-de-setembre-podreu-tornar-a-gaudir-del-cinema-del-cicle-gaudi-a-la-bisbal","status":"publish","type":"post","link":"https:\/\/bisbalpenedes.com\/web\/2020\/09\/22\/el-dissabte-26-de-setembre-podreu-tornar-a-gaudir-del-cinema-del-cicle-gaudi-a-la-bisbal\/","title":{"rendered":"El dissabte 26 de setembre podreu tornar a gaudir del cinema del Cicle Gaud\u00ed a la Bisbal"},"content":{"rendered":"<p style=\"text-align: center;\"><iframe loading=\"lazy\" src=\"https:\/\/www.youtube.com\/embed\/hUbjobqoBdc\" width=\"560\" height=\"315\" frameborder=\"0\" allowfullscreen=\"allowfullscreen\"><\/iframe><\/p>\n<p style=\"text-align: justify;\"><span style=\"color: #000000;\">El dissabte 26 de setembre, a les 18h, projectarem la pel\u00b7l\u00edcula La innoc\u00e8ncia.<\/span><\/p>\n<p style=\"text-align: justify;\"><span style=\"color: #000000;\">Les taquilles s\u2019obriran 30 minuts abans amb l\u2019objectiu de tenir un control dels assistents i poder-los ubicar respectant totes les mesures de seguretat per la Covid-19. L\u2019aforament ser\u00e0 limitat.<\/span><\/p>\n<p style=\"text-align: justify;\"><span style=\"color: #000000;\">El preu general de l\u2019entrada \u00e9s de 4,5\u20ac i s\u2019ofereix un preu redu\u00eft de 3\u20ac presentant el carnet de la Biblioteca Municipal de La Bisbal.<\/span><\/p>\n<p style=\"text-align: justify;\"><span style=\"color: #000000;\">Quant a la recaptaci\u00f3, aquesta es destinar\u00e0 a l\u2019entitat del poble que s\u2019encarregui de gestionar la taquilla.<\/span><\/p>\n<p style=\"text-align: justify;\"><span style=\"color: #000000;\"><strong>LA INNOC\u00c8NCIA<\/strong><\/span><\/p>\n<p style=\"text-align: justify;\"><span style=\"color: #000000;\"><strong>FITXA T\u00c8CNICA<\/strong><\/span><\/p>\n<p style=\"text-align: justify;\"><span style=\"color: #000000;\">Direcci\u00f3: Luc\u00eda Alemany<\/span><\/p>\n<p style=\"text-align: justify;\"><span style=\"color: #000000;\">Gui\u00f3: Luc\u00eda Alemany i Laia Soler<\/span><\/p>\n<p style=\"text-align: justify;\"><span style=\"color: #000000;\">Muntatge: Juliana Monta\u00f1\u00e9s<\/span><\/p>\n<p style=\"text-align: justify;\"><span style=\"color: #000000;\">Estrena: 10 de gener de 2020<\/span><\/p>\n<p style=\"text-align: justify;\"><span style=\"color: #000000;\">Durada: 92 minuts<\/span><\/p>\n<p style=\"text-align: justify;\"><span style=\"color: #000000;\">G\u00e8nere: Drama<\/span><\/p>\n<p style=\"text-align: justify;\"><span style=\"color: #000000;\">Versi\u00f3: Original en catal\u00e0, castell\u00e0 i angl\u00e8s<\/span><\/p>\n<p style=\"text-align: justify;\"><span style=\"color: #000000;\">Int\u00e8rprets: Carmen Arrufat, Laia Marull, Sergi L\u00f3pez, Joel Bosqued<\/span><\/p>\n<p style=\"text-align: justify;\"><span style=\"color: #000000;\"><strong>SINOPSI<\/strong><\/span><\/p>\n<p style=\"text-align: justify;\"><span style=\"color: #000000;\">La Lis \u00e9s una adolescent que somnia convertir-se en artista de circ i escapar del seu poble, malgrat que sap que, per aconseguir-ho, haur\u00e0 d\u2019enfrontar-se als seus pares. \u00c9s estiu i la Lis es passa el dia jugant al carrer i flirtejant amb el seu xicot, uns anys m\u00e9s gran que ella. La tafaneria dels ve\u00efns i la manca d\u2019intimitat obliguen la Lis a portar aquesta relaci\u00f3 en secret per tal que els seus pares no se n\u2019assabentin.<\/span><\/p>\n<p style=\"text-align: justify;\"><span style=\"color: #000000;\">Per\u00f2 aquest estiu id\u00edl\u00b7lic arribar\u00e0 al final i amb l\u2019inici de la tardor la Lis descobrir\u00e0 que est\u00e0 embarassada.<\/span><\/p>\n<hr \/>\n<p style=\"text-align: justify;\"><span style=\"color: #000000;\"><strong>CASTELLANO |\u00a0<\/strong>El s\u00e1bado 26 de septiembre, a las 18h, proyectaremos la pel\u00edcula La innoc\u00e8ncia.<\/span><\/p>\n<p style=\"text-align: justify;\"><span style=\"color: #000000;\">Las taquillas se abrir\u00e1n 30 minutos antes con el objetivo de tener el control de los asistentes y poderlos ubicar respetando todas las medidas de seguridad por la Covid-19. El aforo ser\u00e1 limitado.<\/span><\/p>\n<p style=\"text-align: justify;\"><span style=\"color: #000000;\">El precio general de la entrada es de 4,5\u20ac y se ofrece un precio reducido de 3\u20ac presentando el carn\u00e9 de la Biblioteca Municipal de la Bisbal.<\/span><\/p>\n<p style=\"text-align: justify;\"><span style=\"color: #000000;\">En cuanto a la recaudaci\u00f3n, esta se destinar\u00e1 a la entidad del pueblo que se encargue de gestionar la taquilla.<\/span><\/p>\n<p style=\"text-align: justify;\"><span style=\"color: #000000;\"><strong>LA INNOC\u00c8NCIA<\/strong><\/span><\/p>\n<p style=\"text-align: justify;\"><span style=\"color: #000000;\"><strong>FICHA T\u00c9CNICA<\/strong><\/span><br \/>\n<span style=\"color: #000000;\">Direcci\u00f3n: Luc\u00eda Alemany<\/span><\/p>\n<p style=\"text-align: justify;\"><span style=\"color: #000000;\">Gui\u00f3n: Luc\u00eda Alemany y Laia Soler<\/span><\/p>\n<p style=\"text-align: justify;\"><span style=\"color: #000000;\">Montaje: Juliana Monta\u00f1\u00e9s<\/span><\/p>\n<p style=\"text-align: justify;\"><span style=\"color: #000000;\">Estreno: 10 de enero de 2020<\/span><\/p>\n<p style=\"text-align: justify;\"><span style=\"color: #000000;\">Duraci\u00f3n: 92 minutos<\/span><\/p>\n<p style=\"text-align: justify;\"><span style=\"color: #000000;\">G\u00e9nero: Drama<\/span><\/p>\n<p style=\"text-align: justify;\"><span style=\"color: #000000;\">Versi\u00f3n: Original en catal\u00e1n, castellano e ingl\u00e9s<\/span><\/p>\n<p style=\"text-align: justify;\"><span style=\"color: #000000;\">Int\u00e9rpretes: Carmen Arrufat, Laia Marull, Sergi L\u00f3pez, Joel Busqued.<\/span><\/p>\n<p style=\"text-align: justify;\"><span style=\"color: #000000;\"><strong>SINOPSIS<\/strong><\/span><\/p>\n<p style=\"text-align: justify;\"><span style=\"color: #000000;\">Lis es una adolescente que sue\u00f1a con convertirse en un artista de circo y escapar de su pueblo, aunque sabe que, para conseguirlo, deber\u00e1 enfrentarse a sus padres. Es verano y Lis se pasa el d\u00eda jugando en la calle y flirteando con su chico, unos a\u00f1os mayor que ella. El cotilleo de los vecinos y la falta de intimidad obligan a Lis a llevar esta relaci\u00f3n en secreto por tal que sus padres no se enteren.<\/span><\/p>\n<p style=\"text-align: justify;\"><span style=\"color: #000000;\">Pero ese verano id\u00edlico llegar\u00e1 al final y al inicio del oto\u00f1o y Lis descubrir\u00e1 que est\u00e1 embarazada.<\/span><\/p>\n","protected":false},"excerpt":{"rendered":"<p>El dissabte 26 de setembre, a les 18h, projectarem la pel\u00b7l\u00edcula La innoc\u00e8ncia. Les taquilles s\u2019obriran 30 minuts abans amb l\u2019objectiu de tenir un control dels assistents i poder-los ubicar &hellip; <a href=\"https:\/\/bisbalpenedes.com\/web\/2020\/09\/22\/el-dissabte-26-de-setembre-podreu-tornar-a-gaudir-del-cinema-del-cicle-gaudi-a-la-bisbal\/\" class=\"more-link\">Read More<\/a><\/p>\n","protected":false},"author":4,"featured_media":14686,"comment_status":"closed","ping_status":"closed","sticky":false,"template":"","format":"standard","meta":[],"categories":[13,8],"tags":[308,4017],"_links":{"self":[{"href":"https:\/\/bisbalpenedes.com\/web\/wp-json\/wp\/v2\/posts\/14685"}],"collection":[{"href":"https:\/\/bisbalpenedes.com\/web\/wp-json\/wp\/v2\/posts"}],"about":[{"href":"https:\/\/bisbalpenedes.com\/web\/wp-json\/wp\/v2\/types\/post"}],"author":[{"embeddable":true,"href":"https:\/\/bisbalpenedes.com\/web\/wp-json\/wp\/v2\/users\/4"}],"replies":[{"embeddable":true,"href":"https:\/\/bisbalpenedes.com\/web\/wp-json\/wp\/v2\/comments?post=14685"}],"version-history":[{"count":1,"href":"https:\/\/bisbalpenedes.com\/web\/wp-json\/wp\/v2\/posts\/14685\/revisions"}],"predecessor-version":[{"id":14687,"href":"https:\/\/bisbalpenedes.com\/web\/wp-json\/wp\/v2\/posts\/14685\/revisions\/14687"}],"wp:featuredmedia":[{"embeddable":true,"href":"https:\/\/bisbalpenedes.com\/web\/wp-json\/wp\/v2\/media\/14686"}],"wp:attachment":[{"href":"https:\/\/bisbalpenedes.com\/web\/wp-json\/wp\/v2\/media?parent=14685"}],"wp:term":[{"taxonomy":"category","embeddable":true,"href":"https:\/\/bisbalpenedes.com\/web\/wp-json\/wp\/v2\/categories?post=14685"},{"taxonomy":"post_tag","embeddable":true,"href":"https:\/\/bisbalpenedes.com\/web\/wp-json\/wp\/v2\/tags?post=14685"}],"curies":[{"name":"wp","href":"https:\/\/api.w.org\/{rel}","templated":true}]}}