{"id":14675,"date":"2020-09-22T16:08:05","date_gmt":"2020-09-22T14:08:05","guid":{"rendered":"http:\/\/bisbalpenedes.com\/web\/?p=14675"},"modified":"2020-09-22T16:09:06","modified_gmt":"2020-09-22T14:09:06","slug":"aquest-dilluns-21-de-setembre-sha-celebrat-el-ple-ordinari-de-lajuntament-de-la-bisbal-del-penedes","status":"publish","type":"post","link":"https:\/\/bisbalpenedes.com\/web\/2020\/09\/22\/aquest-dilluns-21-de-setembre-sha-celebrat-el-ple-ordinari-de-lajuntament-de-la-bisbal-del-penedes\/","title":{"rendered":"Aquest dilluns 21 de setembre s&#8217;ha celebrat el Ple Ordinari de l\u2019Ajuntament de la Bisbal del Pened\u00e8s"},"content":{"rendered":"<p style=\"text-align: center;\"><iframe loading=\"lazy\" src=\"https:\/\/www.youtube.com\/embed\/eZSjD11jL1Q\" width=\"560\" height=\"315\" frameborder=\"0\" allowfullscreen=\"allowfullscreen\"><\/iframe><\/p>\n<p style=\"text-align: justify;\"><span style=\"color: #000000;\">El dilluns 21 de setembre de 2020, a les 19h, ha tingut lloc el Ple ordinari de l\u2019Ajuntament de la Bisbal del Pened\u00e8s corresponent a aquest trimestre. El Ple s\u2019ha celebrat de forma presencial i a porta tancada, per poder garantir totes les mesures de prevenci\u00f3 de contagis per la Covid-19, i l\u2019enregistrament en v\u00eddeo es pot veure en aquest enlla\u00e7:\u00a0<a style=\"color: #000000;\" href=\"https:\/\/youtu.be\/eZSjD11jL1Q\" target=\"_blank\">https:\/\/youtu.be\/eZSjD11jL1Q<\/a><\/span><\/p>\n<p style=\"text-align: justify;\"><span style=\"color: #000000;\">La sessi\u00f3 plen\u00e0ria ha comptat amb la pres\u00e8ncia dels regidors de Comprom\u00eds amb la Bisbal (6), el PSC (2), Units per la Bisbal-FIC (1) i Ara la Bisbal (1). La regidora d\u2019ERC-AM, S\u00edlvia Monfort, s\u2019ha absentat.<\/span><\/p>\n<p style=\"text-align: justify;\"><span style=\"color: #000000;\">S\u2019hi han tractat els seg\u00fcents punts:<\/span><\/p>\n<p style=\"text-align: justify;\"><span style=\"color: #000000;\"><strong>A)PART RESOLUTIVA:<\/strong><\/span><\/p>\n<p style=\"text-align: justify;\"><span style=\"color: #000000;\"><strong>1.-Aprovaci\u00f3 de l\u2019acta del Ple ordinari del 15 de juny.<\/strong><\/span><\/p>\n<p style=\"text-align: justify;\"><span style=\"color: #000000;\"><u>S\u2019ha aprovat<\/u> amb els vots a favor de Comprom\u00eds amb la Bisbal (6), PSC (2), Units per la Bisbal-FIC (1) i Ara la Bisbal (1).<\/span><\/p>\n<p style=\"text-align: justify;\"><span style=\"color: #000000;\"><strong>2.-Aprovaci\u00f3 de l\u2019acta del Ple extraordinari urgent del 4 d\u2019agost.<\/strong><\/span><\/p>\n<p style=\"text-align: justify;\"><span style=\"color: #000000;\"><u>S\u2019ha aprovat<\/u> amb els vots a favor de Comprom\u00eds amb la Bisbal (6), Units per la Bisbal-FIC (1) i Ara la Bisbal (1) i els vots en contra del PSC (2).<\/span><\/p>\n<p style=\"text-align: justify;\"><span style=\"color: #000000;\"><strong>3.-Calendari oficial de festes laborals per a l\u2019any 2021.<\/strong><\/span><\/p>\n<p style=\"text-align: justify;\"><span style=\"color: #000000;\"><u>S\u2019ha aprovat<\/u> amb els vots a favor de Comprom\u00eds amb la Bisbal (6), PSC (2), Units per la Bisbal-FIC (1) i Ara la Bisbal (1).<\/span><\/p>\n<p style=\"text-align: justify;\"><span style=\"color: #000000;\">Les festes locals per a l\u2019any 2021 seran:<\/span><\/p>\n<p style=\"text-align: justify;\"><span style=\"color: #000000;\">-El divendres 23 d\u2019abril, amb motiu de Sant Jordi<\/span><\/p>\n<p style=\"text-align: justify;\"><span style=\"color: #000000;\">-El dilluns 16 d\u2019agost, amb motiu de la Festa Major<\/span><\/p>\n<p style=\"text-align: justify;\"><span style=\"color: #000000;\"><strong>4.-Modificaci\u00f3 de Cr\u00e8dit 2P\/2020 en la modalitat de cr\u00e8dit extraordinari.<\/strong><\/span><\/p>\n<p style=\"text-align: justify;\"><span style=\"color: #000000;\"><u>S\u2019ha aprovat<\/u> amb els vots a favor de Comprom\u00eds amb la Bisbal (6), PSC (2) i Units per la Bisbal-FIC (1) i l\u2019abstenci\u00f3 d\u2019Ara la Bisbal (1).<\/span><\/p>\n<p style=\"text-align: justify;\"><span style=\"color: #000000;\">Es crea una nova partida pressupost\u00e0ria \u201c326.48018 Fam\u00edlies i institucions sense \u00e0nim de lucre. Subvenci\u00f3 nominativa a l\u2019AMPA Escola ull de Vent\u201d amb 16.700\u20ac.<\/span><\/p>\n<p style=\"text-align: justify;\"><span style=\"color: #000000;\">L\u2019import de la nova partida (16.700\u20ac) s\u2019extreu de les partides seg\u00fcents:<\/span><\/p>\n<p style=\"text-align: justify; padding-left: 30px;\"><span style=\"color: #000000;\">3.184,11\u20ac de la partida de subvenci\u00f3 per als llibres de l\u2019escola curs 2019\/2020 (partida 326.48002), que \u00e9s el sobrant de l\u2019esmentada partida despr\u00e9s d\u2019haver aprovat el pagament de les subvencions per a llibres del curs anterior.<\/span><\/p>\n<p style=\"text-align: justify; padding-left: 30px;\"><span style=\"color: #000000;\">5.505,89\u20ac de la partida de subvenci\u00f3 per als llibres de l\u2019IES Coster de la Torre curs 2019\/2020 (partida 326.48003), que \u00e9s el sobrant de l\u2019esmentada partida despr\u00e9s d\u2019haver aprovat el pagament de les subvencions per a llibres del curs anterior.<\/span><\/p>\n<p style=\"text-align: justify; padding-left: 30px;\"><span style=\"color: #000000;\">7.090\u20ac de la partida de les subvencions de menjador escolar (partida 326.48005), ja que despr\u00e9s d\u2019aprovar l\u2019atorgament d\u2019aquestes subvencions i aprovar l\u2019autoritzaci\u00f3 i disposici\u00f3 de la despesa (fase \u201cAD\u201d) en la Junta de Govern del 24 d\u2019agost de 2020, l\u2019import total \u00e9s de 7.910,10\u20ac i la partida compta amb 20.000\u20ac, amb la qual cosa quedarien 12.089,90\u20ac en aquesta partida, dels quals s\u2019extreuen 7.090\u20ac en aquesta modificaci\u00f3 de cr\u00e8dit.<\/span><\/p>\n<p style=\"text-align: justify;\"><span style=\"color: #000000;\">Es crea aquesta nova partida perqu\u00e8, des d\u2019aquest curs 2020-2021 l\u2019Ajuntament abonar\u00e0 l\u2019import dels llibres directament a l\u2019AMPA i, d\u2019aquesta manera, les fam\u00edlies empadronades no hauran d\u2019avan\u00e7ar els diners dels llibres ni demanar cap subvenci\u00f3.<\/span><\/p>\n<p style=\"text-align: justify;\"><span style=\"color: #000000;\">Fins ara, les fam\u00edlies adquirien els llibres socialitzats -a trav\u00e9s de l\u2019AMPA de l\u2019escola- fent el corresponent pagament i, posteriorment, sol\u00b7licitaven les subvencions per a llibres escolars a l\u2019Ajuntament de la Bisbal del Pened\u00e8s. En cas de ser benefici\u00e0ries de la subvenci\u00f3, rebien el cost dels llibres socialitzats uns mesos despr\u00e9s de fer el pagament. Amb aquest nou funcionament, mitjan\u00e7ant conveni, se simplifica l\u2019adquisici\u00f3 de llibres i, a m\u00e9s, les fam\u00edlies no han d\u2019avan\u00e7ar els diners ni tramitar cap subvenci\u00f3, nom\u00e9s cal que estiguin empadronades i siguin s\u00f2cies de l\u2019AMPA per poder demanar els llibres sense haver de fer el pagament.<\/span><\/p>\n<p style=\"text-align: justify;\"><span style=\"color: #000000;\"><strong>5.-Adhesi\u00f3 a la Mancomunitat Pened\u00e8s Garraf <\/strong>\u00a0<\/span><\/p>\n<p style=\"text-align: justify;\"><span style=\"color: #000000;\"><u>S\u2019ha aprovat<\/u> amb els vots a favor de Comprom\u00eds amb la Bisbal (6), PSC (2), Units per la Bisbal-FIC (1) i el vot en contra d\u2019Ara la Bisbal (1).<\/span><\/p>\n<p style=\"text-align: justify;\"><span style=\"color: #000000;\">El Ple ha aprovat:<\/span><\/p>\n<p style=\"text-align: justify; padding-left: 30px;\"><span style=\"color: #000000;\">-L\u2019adhesi\u00f3 a la Mancomunitat Pened\u00e8s-Garraf, d\u2019acord amb els seus estatuts reguladors, publicats al BOP de Barcelona el 14 de juny de 2020.<\/span><\/p>\n<p style=\"text-align: justify; padding-left: 30px;\"><span style=\"color: #000000;\">-Els estatuts reguladors de la Mancomunitat, publicats al BOP de Barcelona el 14 de juny de 2019.<\/span><\/p>\n<p style=\"text-align: justify; padding-left: 30px;\"><span style=\"color: #000000;\">-Establir l\u2019adhesi\u00f3 de l\u2019Ajuntament al servei del Centre d\u2019Atenci\u00f3 d\u2019Animals Dom\u00e8stics (CAAD), al servei d\u2019educaci\u00f3 ambiental i als serveis centrals, sense perjudici de la posterior ampliaci\u00f3 a altres serveis.<\/span><\/p>\n<p style=\"text-align: justify;\"><span style=\"color: #000000;\">Amb l\u2019adhesi\u00f3 a la Mancomunitat Pened\u00e8s-Garraf, l\u2019Ajuntament de la Bisbal del Pened\u00e8s es podr\u00e0 beneficiar del servei del Centre d\u2019Atenci\u00f3 d\u2019Animals Dom\u00e8stics (CAAD), el servei d\u2019educaci\u00f3 ambiental i els serveis centrals, sense perjudici de la posterior ampliaci\u00f3 a altres serveis.<\/span><\/p>\n<p style=\"text-align: justify;\"><span style=\"color: #000000;\">El cost anual dels serveis per a l\u2019Ajuntament de la Bisbal del Pened\u00e8s ser\u00e0 de 18.399,94\u20ac i aquest 2020 haur\u00e0 d\u2019abonar la part proporcional dels serveis que es prestin fins al 31 de desembre que ascendeix a 5.366,65\u20ac.<\/span><\/p>\n<p style=\"text-align: justify; padding-left: 30px;\"><span style=\"color: #000000;\"><strong>El Centre d\u2019Atenci\u00f3 d\u2019Animals Dom\u00e8stics (CAAD Pened\u00e8s) <\/strong>s\u2019encarrega, amb criteris de benestar animal, de la recollida de gossos, gats i fures que es perden o s\u00f3n abandonades a les nostres comarques. El CAAD s\u2019ocupa d\u2019aquests animals fins que es retroben amb les seves fam\u00edlies o fins que poden ser adoptats i compta amb un equip de cuidadors especialitzats, serveis de veterin\u00e0ria i personal d\u2019oficina que s\u2019ocupa i vetlla pel benestar dels animals acollits i at\u00e9n persones interessades en adoptar o recuperar el seu animal de companyia. Des del centre, conjuntament amb els voluntaris, promou l\u2019adopci\u00f3 com a primera opci\u00f3 de tinen\u00e7a d\u2019animals i com a forma de lluita contra l\u2019abandonament, fomentant la tinen\u00e7a responsable d\u2019animals entre el conjunt de la ciutadania.<\/span><\/p>\n<p style=\"text-align: justify; padding-left: 30px;\"><span style=\"color: #000000;\"><strong>El servei d\u2019educaci\u00f3 ambiental<\/strong> se centra en la realitzaci\u00f3 de campanyes sobre diferents tem\u00e0tiques ambientals relacionades amb els \u00e0mbits de la gesti\u00f3 de la Mancomunitat Pened\u00e8s-Garraf: tinen\u00e7a responsable d\u2019animals de companyia, prevenci\u00f3 i reducci\u00f3 de residus, millora de la recollida selectiva, malbaratament alimentari, estalvi i consum d\u2019aigua o autocompostatge, entre altres.<\/span><\/p>\n<p style=\"text-align: justify; padding-left: 30px;\"><span style=\"color: #000000;\">La Mancomunitat Pened\u00e8s-Garraf va n\u00e9ixer a principis de la d\u00e8cada dels vuitanta del segle passat i, en l\u2019actualitat, est\u00e0 formada per 34 ajuntaments de l\u2019Alt i el Baix Pened\u00e8s i el Garraf. L\u2019objectiu de l\u2019entitat \u00e9s sumar esfor\u00e7os i mitjans per cobrir de manera conjunta les necessitats del territori en mat\u00e8ria de medi ambient urb\u00e0, protecci\u00f3 de la salubritat p\u00fablica, servei de recollida i control d\u2019animals abandonats, abastament domiciliari d\u2019aigua potable a domicili i evacuaci\u00f3 i tractament d\u2019aig\u00fces residuals, biblioteques p\u00fabliques, protecci\u00f3 civil i prevenci\u00f3 i extinci\u00f3 d\u2019incendis, tr\u00e0nsit i transport col\u00b7lectiu urb\u00e0, instal\u00b7lacions esportives, ocupaci\u00f3 del temps lliure i equipaments culturals.<\/span><\/p>\n<p style=\"text-align: justify;\"><span style=\"color: #000000;\"><strong>6.-Moci\u00f3 per defensar el futur industrial de la Vegueria Pened\u00e8s presentada pel grup municipal Comprom\u00eds amb la Bisbal <\/strong><\/span><\/p>\n<p style=\"text-align: justify;\"><span style=\"color: #000000;\"><u>S\u2019ha aprovat<\/u> amb els vots a favor de Comprom\u00eds amb la Bisbal (6), PSC (2), Units per la Bisbal-FIC (1) i l\u2019abstenci\u00f3 d\u2019Ara la Bisbal (1).<\/span><\/p>\n<p style=\"text-align: justify;\"><span style=\"color: #000000;\">Aquesta moci\u00f3 ve motivada pel recent anunci de la voluntat de tancament de les ind\u00fastries de Saint-Gobain Glass a l\u2019Arbo\u00e7 (Baix Pened\u00e8s) i Bosch de Castellet i la Gornal (Alt Pened\u00e8s). Amb l\u2019aprovaci\u00f3 d\u2019aquesta moci\u00f3 s\u2019acorda demanar:<\/span><\/p>\n<p style=\"text-align: justify; padding-left: 30px;\"><span style=\"color: #000000;\">1.-Constituir un grup de treball per la reindustrialitzaci\u00f3 de la Vegueria del Pened\u00e8s format pels quatre Consells Comarcals del territori, les quatre capitals de comarca, associacions empresarials i sindicals, seguint el model de la Taula de Reindustrialitzaci\u00f3 de l\u2019Alt Pened\u00e8s.<\/span><\/p>\n<p style=\"text-align: justify; padding-left: 30px;\"><span style=\"color: #000000;\">2.-Donar suport a les mobilitzacions dels treballadors i les fam\u00edlies afectades pels tancaments de les empreses industrials al territori, en aquest cas els de Saint Gobain a l\u2019Arbo\u00e7 i Bosch a Castellet i la Gornal.<\/span><\/p>\n<p style=\"text-align: justify; padding-left: 30px;\"><span style=\"color: #000000;\">3.-Continuar demanant al Govern de la Generalitat de Catalunya el desplegament dels serveis territorials a la Vegueria, en aquest cas esdev\u00e9 urgent ja despr\u00e9s de m\u00e9s de tres anys sense fer-ho com marca la llei.<\/span><\/p>\n<p style=\"text-align: justify; padding-left: 30px;\"><span style=\"color: #000000;\">4.-Traslladar aquest acord al Govern de la Generalitat, al Parlament de Catalunya, al Govern de l\u2019Estat Espanyol i al Congreso de los Diputados.<\/span><\/p>\n<p style=\"text-align: justify;\"><span style=\"color: #000000;\"><strong>7.-Moci\u00f3 per un futur industrial al Baix Pened\u00e8s, presentada pels grups municipals del PSC, ERC-AM i Units\u2013FIC<\/strong><\/span><\/p>\n<p style=\"text-align: justify;\"><span style=\"color: #000000;\"><u>S\u2019ha aprovat<\/u> amb els vots a favor de Comprom\u00eds amb la Bisbal (6), PSC (2), Units per la Bisbal-FIC (1) i Ara la Bisbal (1).<\/span><\/p>\n<p style=\"text-align: justify;\"><span style=\"color: #000000;\">Aquesta moci\u00f3 ve motivada pel recent anunci de la voluntat de tancament de les ind\u00fastries de Saint-Gobain Glass a l\u2019Arbo\u00e7 (Baix Pened\u00e8s) i Bosch de Castellet i la Gornal (Alt Pened\u00e8s), entre altres empreses afectades per processos de reestructuraci\u00f3 o tancament. Mitjan\u00e7ant l\u2019aprovaci\u00f3 d\u2019aquest acord es resol:<\/span><\/p>\n<p style=\"text-align: justify; padding-left: 30px;\"><span style=\"color: #000000;\"><strong>Primer.-<\/strong> Mostrar la nostra solidaritat amb les lluites dels treballadors i treballadores de Saint Gobain Glass i de tots els treballadors externs afectats, i llurs fam\u00edlies, i mostrar el nostre comprom\u00eds amb ells de lluitar fins al final per evitar el tancament i acomiadaments a l\u2019empresa, i exigir un pla industrial per Saint Gobain que comporti manteniment i millora de les taxes d\u2019ocupaci\u00f3.<\/span><\/p>\n<p style=\"text-align: justify; padding-left: 30px;\"><span style=\"color: #000000;\"><strong>Segon.-<\/strong> Estendre aquesta mostra de fraternal solidaritat a tots els treballadors i treballadores de Catalunya i d\u2019Espanya afectats per tancaments i reduccions de plantilla, en especial volem mostrar la nostra solidaritat amb els treballadors i treballadores de l\u2019empresa Robert Bosch de Castellet i la Gornal, i de totes les empreses afectades per processos de reestructuraci\u00f3 o tancament.<\/span><\/p>\n<p style=\"text-align: justify; padding-left: 30px;\"><span style=\"color: #000000;\"><strong>Tercer.-<\/strong> Celebrem el comprom\u00eds i anunci del Govern d\u2019Espanya de legislar per derogar els aspectes m\u00e9s lesius de les darreres reformes laborals, i demanem premura, per la urg\u00e8ncia de la mesura, i instem a comen\u00e7ar la contrareforma amb la modificaci\u00f3 de l\u2019article 51 de l\u2019Estatut dels Treballadors que amb el redactat actual s\u2019elimin\u00e0 l\u2019exig\u00e8ncia de la preceptiva autoritzaci\u00f3 administrativa del Govern davant dels expedients de regulaci\u00f3 d\u2019ocupaci\u00f3. \u00c9s imprescindible restituir amb urg\u00e8ncia aquesta exig\u00e8ncia d\u2019autoritzaci\u00f3 administrativa per limitar la sagna de tancaments injustos i per estudiar plans industrials que garanteixin la continu\u00eftat de l\u2019ocupaci\u00f3.<\/span><\/p>\n<p style=\"text-align: justify; padding-left: 30px;\"><span style=\"color: #000000;\"><strong>Quart.-<\/strong> Necessitem, si s\u2019escau, intervenir les empreses, participar-les, nacionalitzar-les o prendre el control de la gesti\u00f3 per ampliar el sector industrial i aconseguir que hi hagi un sector potent d\u2019ind\u00fastries amb capital i control p\u00fablics, com s\u2019ha fet a altres pa\u00efsos de la Uni\u00f3 Europea (Alemanya, Fran\u00e7a\u2026) per protegir l\u2019ocupaci\u00f3 i garantir un motor industrial per a l\u2019economia de pa\u00efsos i regions com els nostres.<\/span><\/p>\n<p style=\"text-align: justify; padding-left: 30px;\"><span style=\"color: #000000;\"><strong>Cinqu\u00e8.-<\/strong> Instem la Generalitat de Catalunya a qu\u00e8 posi en marxa un pla de desenvolupament industrial per al pa\u00eds, i a on el Baix Pened\u00e8s pel seu enclavament geogr\u00e0fic estrat\u00e8gic i per les seves infraestructures de transport, han de jugar un paper important. Creiem necessari que el Parlament de Catalunya declari el Baix Pened\u00e8s com una zona d\u2019urgent reindustrialitzaci\u00f3, recuperant la terminologia dels anys 80, que van permetre un desenvolupament industrial potent a zones com el Vall\u00e8s Occidental o el Baix Llobregat. Ara \u00e9s hora d\u2019invertir en el Pened\u00e8s per desenvolupar un futur industrial per les comarques del Pened\u00e8s, i fer realitat les inversions compromeses per fer realitat el Logis Pened\u00e8s.<\/span><\/p>\n<p style=\"text-align: justify; padding-left: 30px;\"><span style=\"color: #000000;\"><strong>Sis\u00e8.-<\/strong> Exigim tamb\u00e9 que es doti els ajuntaments i Consells Comarcals de recursos per gestionar m\u00e9s pol\u00edtiques actives d\u2019ocupaci\u00f3, com ara un centre integral de formaci\u00f3, augment del nombre i la diversitat d\u2019oferta de cicles formatius, una oficina d\u2019atracci\u00f3 d\u2019inversions industrials, i el desenvolupament d\u2019un pla d\u2019industrialitzaci\u00f3 comarcal, que inclogui mesures per sectors productius com el camp i l\u2019energia, la ind\u00fastria auxiliar log\u00edstica i el turisme, sense oblidar el desenvolupament i creixement d\u2019Idiada, i la inversi\u00f3 en innovaci\u00f3 que aix\u00f2 suposa per al sector de l\u2019automoci\u00f3.<\/span><\/p>\n<p style=\"text-align: justify; padding-left: 30px;\"><span style=\"color: #000000;\"><strong>Set\u00e8.- <\/strong>Traslladar aquest acord al Govern de la Generalitat, al Parlament de Catalunya, al Govern de l\u2019Estat Espanyol, a les centrals sindicals majorit\u00e0ries i al Congreso de los Diputados.<\/span><\/p>\n<p style=\"text-align: justify;\"><span style=\"color: #000000;\"><strong>B)ACTIVITAT DE CONTROL<\/strong><\/span><\/p>\n<p style=\"text-align: justify;\"><span style=\"color: #000000;\"><strong>8.-Donar compte de les l\u00ednies fonamentals del pressupost per a l\u2019exercici 2021 <\/strong><\/span><\/p>\n<p style=\"text-align: justify;\"><span style=\"color: #000000;\">Es dona compte al Ple de les l\u00ednies fonamentals del pressupost per a l\u2019exercici 2021, que es van aprovar el 10 de setembre de 2020 mitjan\u00e7ant Decret d\u2019Alcaldia.<\/span><\/p>\n<p style=\"text-align: justify;\"><span style=\"color: #000000;\">Per a l\u2019any 2021 es preveu un pressupost total de 5.356.797,23\u20ac.<\/span><\/p>\n<p style=\"text-align: justify;\"><span style=\"color: #000000;\"><strong>ESTIMACI\u00d3 DELS INGRESSOS CORRENTS PER AL 2021:<\/strong><\/span><\/p>\n<p style=\"text-align: justify; padding-left: 30px;\"><span style=\"color: #000000;\"><u>Cap\u00edtol 1.<\/u> Impostos directes: es preveu el mateix import que el 2020.<\/span><\/p>\n<p style=\"text-align: justify; padding-left: 30px;\"><span style=\"color: #000000;\"><u>Cap\u00edtol 2.<\/u> Impostos indirectes: es preveu el mateix import que el 2020.<\/span><\/p>\n<p style=\"text-align: justify; padding-left: 30px;\"><span style=\"color: #000000;\"><u>Cap\u00edtol 3.<\/u> Taxes, preus p\u00fablics i altres ingressos. Es preveu el mateix import que el 2020. No obstant aix\u00f2, com a conseq\u00fc\u00e8ncia de la crisi sanit\u00e0ria de la Covid-19 \u00e9s possible que el nombre d\u2019usuaris\/usu\u00e0ries dels diferents serveis municipals (cursos, tallers, activitats, casals, etc.) puguin variar, previsiblement a la baixa.<\/span><\/p>\n<p style=\"text-align: justify; padding-left: 30px;\"><span style=\"color: #000000;\"><u>Cap\u00edtol 4.<\/u> Transfer\u00e8ncies corrents: es preveu el mateix import que el 2020.<\/span><\/p>\n<p style=\"text-align: justify; padding-left: 30px;\"><span style=\"color: #000000;\"><u>Cap\u00edtol 5.<\/u> Ingressos patrimonials: provenen de rendes d\u2019immobles. Es preveu un import lleugerament m\u00e9s elevat que el 2020, ja que s\u2019ha resolt el procediment de revisi\u00f3 d\u2019ofici del contracte d\u2019arrendament del local del poliesportiu municipal i es preveu licitar el servei de bar dels locals socials de les urbanitzacions La Miralba i l\u2019Esplai.<\/span><\/p>\n<p style=\"text-align: justify; padding-left: 30px;\"><span style=\"color: #000000;\"><u>Cap\u00edtol 6.<\/u> Alienaci\u00f3 d\u2019inversions reals: comprenen els ingressos per venda de parcel\u00b7les de la urbanitzaci\u00f3 de la Miralba, d\u2019acord amb la previsi\u00f3 duta a terme en el pla pressupostari a mitj\u00e0 termini. Est\u00e0 previst que a finals de l\u2019exercici 2020 s\u2019inici\u00efn els procediments d\u2019alienaci\u00f3, per\u00f2 no ser\u00e0 fins a l\u2019exercici 2021 quan es puguin adjudicar les parcel\u00b7les.<\/span><\/p>\n<p style=\"text-align: justify; padding-left: 30px;\"><span style=\"color: #000000;\"><u>Cap\u00edtol 7.<\/u> Transfer\u00e8ncies de capital: la previsi\u00f3 de subvencions que li seran concedides a l\u2019Ajuntament de La Bisbal del Pened\u00e8s \u00e9s la seg\u00fcent: franges forestals 11.636,40\u20ac; Pla d\u2019Actuaci\u00f3 Municipal (PAM) per a l\u2019adequaci\u00f3 de \u201cla fassina\u201d 100.000\u20ac i l\u2019arranjament d\u2019infraestructures del barri de la Riba 335.000\u20ac. No obstant aix\u00f2, la resoluci\u00f3 de la convocat\u00f2ria de la subvenci\u00f3 corresponent al PAM de la Diputaci\u00f3 de Tarragona est\u00e0 prevista per al mes d\u2019octubre, moment en qu\u00e8 es coneixeran els imports atorgats.<\/span><\/p>\n<p style=\"text-align: justify; padding-left: 30px;\"><span style=\"color: #000000;\"><u>Cap\u00edtol 8.<\/u> Actius financers: ingressos provinents de bestretes al personal, amb la seva contrapartida en despeses. El mateix import que el 2020.<\/span><\/p>\n<p style=\"text-align: justify; padding-left: 30px;\"><span style=\"color: #000000;\"><u>Cap\u00edtol 9.<\/u> Passius financers: s\u00f3n els ingressos provinents d\u2019operacions de cr\u00e8dit concertades. No est\u00e0 previst dur a terme cap concertaci\u00f3 de pr\u00e9stecs per a l\u2019exercici 2021.<\/span><\/p>\n<p style=\"text-align: justify;\"><span style=\"color: #000000;\"><strong>ESTIMACI\u00d3 DE LES DESPESES CORRENTS PER AL 2021:<\/strong><\/span><\/p>\n<p style=\"text-align: justify; padding-left: 30px;\"><span style=\"color: #000000;\"><u>Cap\u00edtol 1<\/u>. Despeses de personal: es preveu un increment del 2,5% respecte a l\u2019exercici anterior. En l\u2019actualitat s\u2019est\u00e0 treballant en els processos d\u2019aplantillament i en l\u2019oferta p\u00fablica d\u2019ocupaci\u00f3 per a l\u2019exercici 2021, assumptes que es portaran a debat en la propera mesa de negociaci\u00f3 amb els representants dels treballadors de l\u2019Ajuntament de La Bisbal del Pened\u00e8s.<\/span><\/p>\n<p style=\"text-align: justify; padding-left: 30px;\"><span style=\"color: #000000;\"><u>Cap\u00edtol 2.<\/u> Despeses corrents en b\u00e9ns i serveis: el mateix import que el 2020.<\/span><\/p>\n<p style=\"text-align: justify; padding-left: 30px;\"><span style=\"color: #000000;\"><u>Cap\u00edtol 3.<\/u> Despeses financeres: pagaments d\u2019interessos i despeses dels pr\u00e9stecs contractats per l\u2019entitat.<\/span><\/p>\n<p style=\"text-align: justify; padding-left: 30px;\"><span style=\"color: #000000;\"><u>Cap\u00edtol 4<\/u>. Transfer\u00e8ncies corrents: El mateix import que el 2020. Es tracta de la participaci\u00f3 de l\u2019Ajuntament de la Bisbal del Pened\u00e8s en altres organismes, convenis de col\u00b7laboraci\u00f3 o atorgament de subvencions, entre altres transfer\u00e8ncies corrents.<\/span><\/p>\n<p style=\"text-align: justify; padding-left: 30px;\"><span style=\"color: #000000;\"><u>Cap\u00edtol 5.<\/u> Fons de conting\u00e8ncia: l\u2019import que consta al pressupost.<\/span><\/p>\n<p style=\"text-align: justify; padding-left: 30px;\"><span style=\"color: #000000;\"><u>Cap\u00edtol 6.<\/u> Inversions reals: inversions reals finan\u00e7ades mitjan\u00e7ant la venda de terrenys, subvencions i recursos propis. La previsi\u00f3 \u00e9s:<\/span><\/p>\n<p style=\"padding-left: 60px; text-align: justify;\"><span style=\"color: #000000;\">-Subministrament, instal\u00b7laci\u00f3 i manteniment de c\u00e0meres lectores de matr\u00edcules: 46.000\u20ac<\/span><\/p>\n<p style=\"padding-left: 60px; text-align: justify;\"><span style=\"color: #000000;\">-Franges forestals: 30.000\u20ac<\/span><\/p>\n<p style=\"padding-left: 60px; text-align: justify;\"><span style=\"color: #000000;\">-Adequaci\u00f3 de \u201cla fassina\u201d: 350.000\u20ac<\/span><\/p>\n<p style=\"padding-left: 60px; text-align: justify;\"><span style=\"color: #000000;\">-Millores en la xarxa d\u2019aigua: 256.627,29\u20ac<\/span><\/p>\n<p style=\"padding-left: 60px; text-align: justify;\"><span style=\"color: #000000;\">-Arranjament d\u2019infraestructures del barri de la Riba: 673.930,71\u20ac<\/span><\/p>\n<p style=\"padding-left: 60px; text-align: justify;\"><span style=\"color: #000000;\">-Enllumenat p\u00fablic: 50.000\u20ac<\/span><\/p>\n<p style=\"padding-left: 60px; text-align: justify;\"><span style=\"color: #000000;\">-B\u00fasties per a les urbanitzacions: 10.000\u20ac<\/span><\/p>\n<p style=\"padding-left: 60px; text-align: justify;\"><span style=\"color: #000000;\">-Pressupostos participatius: 72.000\u20ac<\/span><\/p>\n<p style=\"padding-left: 60px; text-align: justify;\"><span style=\"color: #000000;\">-Adequaci\u00f3 de les instal\u00b7lacions de l\u2019Ajuntament: 20.000\u20ac<\/span><\/p>\n<p style=\"text-align: justify; padding-left: 30px;\"><span style=\"color: #000000;\"><u>Cap\u00edtol 8.<\/u> Actius financers: s\u00f3n les bestretes del personal i es contempla el mateix import que en l\u2019exercici anterior.<\/span><\/p>\n<p style=\"text-align: justify; padding-left: 30px;\"><span style=\"color: #000000;\"><u>Cap\u00edtol 9.<\/u> Passius financers: Es redueix un 58,29% respecte a l\u2019any 2020 per l\u2019amortitzaci\u00f3 anticipada de pr\u00e9stecs prevista per a finals de l\u2019any 2020, per l\u2019aplicaci\u00f3 dels saldos de les inversions sostenibles provinents de la distribuci\u00f3 del super\u00e0vit de 2018 i per la finalitzaci\u00f3 de l\u2019amortitzaci\u00f3 del pr\u00e9stec amb l\u2019Institut Catal\u00e0 de Finances (ICF) per les obres d\u2019urbanitzaci\u00f3 de la Miralba. No est\u00e0 previst concertar cap operaci\u00f3 de pr\u00e9stec durant el 2021.<\/span><\/p>\n<p style=\"text-align: justify;\"><span style=\"color: #000000;\"><strong>PREVISI\u00d3 DE COMPLIMENT DE REQUISITS:<\/strong><\/span><\/p>\n<p style=\"text-align: justify;\"><span style=\"color: #000000;\">-Les l\u00ednies fonamentals del pressupost de l\u2019Ajuntament de la Bisbal del Pened\u00e8s per a l\u2019any 2021 presenten equilibri pressupostari.<\/span><\/p>\n<p style=\"text-align: justify;\"><span style=\"color: #000000;\">-Avaluaci\u00f3 dels objectius d\u2019estabilitat pressupost\u00e0ria, regla de la despesa i deute p\u00fablic:<\/span><\/p>\n<p style=\"text-align: justify;\"><span style=\"color: #000000;\">\u00a0\u00a0\u00a0\u00a0\u00a0\u00a0\u00a0\u00a0 -Capacitat de finan\u00e7ament de 634.589,65\u20ac<\/span><\/p>\n<p style=\"text-align: justify;\"><span style=\"color: #000000;\">\u00a0\u00a0\u00a0\u00a0\u00a0\u00a0\u00a0\u00a0 -Marge de compliment de la regla de la despesa de 296.310,87\u20ac<\/span><\/p>\n<p style=\"text-align: justify;\"><span style=\"color: #000000;\">\u00a0\u00a0\u00a0\u00a0\u00a0\u00a0\u00a0\u00a0 -Deute viu: 12,97%<\/span><\/p>\n<p style=\"text-align: justify;\"><span style=\"color: #000000;\"><strong>9.-Donar compte del per\u00edode mig de pagament 2n trimestre 2020<\/strong><\/span><\/p>\n<p style=\"text-align: justify;\"><span style=\"color: #000000;\">El per\u00edode mig de pagament del 2n trimestre de 2020 \u00e9s de 18,36 dies.<\/span><\/p>\n<p style=\"text-align: justify;\"><span style=\"color: #000000;\">El m\u00e0xim legal \u00e9s de 30 dies.<\/span><\/p>\n<p style=\"text-align: justify;\"><span style=\"color: #000000;\"><strong>10.Donar compte de l\u2019execuci\u00f3 pressupost 2n trimestre 2020 <\/strong><\/span><\/p>\n<p style=\"text-align: justify;\"><span style=\"color: #000000;\">Es dona compte de l\u2019enviament al Ministeri d\u2019Hisenda i Administracions p\u00fabliques del resum de l\u2019estat d\u2019execuci\u00f3 del pressupost del segon trimestre de 2020 i de l\u2019informe de secretaria-intervenci\u00f3, conforme s\u2019ha tram\u00e8s la informaci\u00f3 dins el termini establert.<\/span><\/p>\n<p style=\"text-align: justify;\"><span style=\"color: #000000;\"><strong>11.Donar compte dels acords de la Junta de Govern Local <\/strong><\/span><\/p>\n<p style=\"text-align: justify;\"><span style=\"color: #000000;\">El Ple ha donat compte dels acords de la Junta de Govern Local.12<\/span><\/p>\n<p style=\"text-align: justify;\"><span style=\"color: #000000;\"><strong>12.Donar compte dels Decrets d&#8217;Alcaldia<\/strong><\/span><\/p>\n<p style=\"text-align: justify;\"><span style=\"color: #000000;\">El Ple ha donat compte dels Decrets d\u2019Alcaldia.<\/span><\/p>\n<p style=\"text-align: justify;\"><span style=\"color: #000000;\"><strong>C) PRECS I PREGUNTES<\/strong><\/span><\/p>\n<hr \/>\n<p style=\"text-align: justify;\"><span style=\"color: #000000;\"><strong>CASTELLANO |<\/strong>\u00a0Este lunes 21 de septiembre de 2020, a las 19h, ha tenido lugar el Pleno ordinario del Ayuntamiento de la Bisbal del Pened\u00e8s correspondiente a este trimestre. El Pleno se ha celebrado de forma presencial y a puerta cerrada, para poder garantizar todas las medidas de prevenci\u00f3n de contagios por la Covid-19, y la grabaci\u00f3n en v\u00eddeo se puede ver en el siguiente enlace:\u00a0<a style=\"color: #000000;\" href=\"https:\/\/youtu.be\/eZSjD11jL1Q\" target=\"_blank\">https:\/\/youtu.be\/eZSjD11jL1Q<\/a><\/span><\/p>\n<p style=\"text-align: justify;\"><span style=\"color: #000000;\">La sesi\u00f3n plenaria ha contado con la presencia de los concejales de Comprom\u00eds amb la Bisbal (6), el PSC (2), Units per la Bisbal-FIC (1) y Ara la Bisbal (1). La concejala de ERC-AM, S\u00edlvia Monfort, se ha ausentado.<\/span><\/p>\n<p style=\"text-align: justify;\"><span style=\"color: #000000;\">Se han tratado los siguientes puntos:<\/span><\/p>\n<p style=\"text-align: justify;\"><span style=\"color: #000000;\"><strong>A)PARTE RESOLUTIVA:<\/strong><\/span><\/p>\n<p style=\"text-align: justify;\"><span style=\"color: #000000;\"><strong>1.-Aprobaci\u00f3n del acta del Pleno ordinario del 15 de junio.<\/strong><\/span><\/p>\n<p style=\"text-align: justify;\"><span style=\"color: #000000;\"><u>Se ha aprobado<\/u> con los votos a favor de Comprom\u00eds amb la Bisbal (6), PSC (2), Units per la Bisbal-FIC (1) y Ara la Bisbal (1).<\/span><\/p>\n<p style=\"text-align: justify;\"><span style=\"color: #000000;\"><strong>2.-Aprobaci\u00f3n del acta del Pleno extraordinario urgente del 4 de agosto.<\/strong><\/span><\/p>\n<p style=\"text-align: justify;\"><span style=\"color: #000000;\"><u>Se ha aprobado<\/u> con los votos a favor de Comprom\u00eds amb la Bisbal (6), Units per la Bisbal-FIC (1) y Ara la Bisbal (1) y los votos en contra del PSC (2).<\/span><\/p>\n<p style=\"text-align: justify;\"><span style=\"color: #000000;\"><strong>3.-Calendario oficial de fiestas laborales para el a\u00f1o 2021.<\/strong><\/span><\/p>\n<p style=\"text-align: justify;\"><span style=\"color: #000000;\"><u>Se ha aprobado<\/u> con los votos a favor de Comprom\u00eds amb la Bisbal (6), PSC (2), Units per la Bisbal-FIC (1) y Ara la Bisbal (1).<\/span><\/p>\n<p style=\"text-align: justify;\"><span style=\"color: #000000;\">Las fiestas locales para el a\u00f1o 2021 ser\u00e1n:<\/span><\/p>\n<p style=\"text-align: justify; padding-left: 30px;\"><span style=\"color: #000000;\">-El viernes 23 de abril, con motivo de Sant Jordi<\/span><\/p>\n<p style=\"text-align: justify; padding-left: 30px;\"><span style=\"color: #000000;\">-El lunes 16 de agosto, con motivo de la Fiesta Mayor<\/span><\/p>\n<p style=\"text-align: justify;\"><span style=\"color: #000000;\"><strong>4.-Modificaci\u00f3n de Cr\u00e9dito 2P\/2020 en la modalidad de cr\u00e9dito extraordinario.<\/strong><\/span><\/p>\n<p style=\"text-align: justify;\"><span style=\"color: #000000;\"><u>Se ha aprobado<\/u> con los votos a favor de Comprom\u00eds amb la Bisbal (6), PSC (2) y Units per la Bisbal-FIC (1) y la abstenci\u00f3n de Ara la Bisbal (1).<\/span><\/p>\n<p style=\"text-align: justify;\"><span style=\"color: #000000;\">Se crea una nueva partida presupuestaria \u201c326.48018 Familias e instituciones sin \u00e1nimo de lucro. Subvenci\u00f3n nominativa a la AMPA Escola Ull de Vent\u201d con 16.700\u20ac.<\/span><\/p>\n<p style=\"text-align: justify;\"><span style=\"color: #000000;\">El importe de la nueva partida (16.700\u20ac) se extrae de las partidas siguientes:<\/span><\/p>\n<p style=\"text-align: justify; padding-left: 30px;\"><span style=\"color: #000000;\">3.184,11\u20ac de la partida de subvenci\u00f3n para los libros del colegio curso 2019\/2020 (partida 326.48002), que es el sobrante de la mencionada partida despu\u00e9s de haber aprobado el pago de las subvenciones para libros del curso anterior.<\/span><\/p>\n<p style=\"text-align: justify; padding-left: 30px;\"><span style=\"color: #000000;\">5.505,89\u20ac de la partida de subvenci\u00f3n para los libros del IES Coster de la Torre curso 2019\/2020 (partida 326.48003), que es el sobrante de la mencionada partida despu\u00e9s de haber aprobado el pago de las subvenciones para libros del curso anterior.<\/span><\/p>\n<p style=\"text-align: justify; padding-left: 30px;\"><span style=\"color: #000000;\">7.090\u20ac de la partida de las subvenciones de comedor escolar (partida 326.48005), ya que despu\u00e9s de aprobar el otorgamiento de estas subvenciones y aprobar la autorizaci\u00f3n y disposici\u00f3n del gasto (fase \u201cAD\u201d) en la Junta de Gobierno del 24 de agosto de 2020, el importe total es de 7.910,10\u20ac y la partida cuenta con 20.000\u20ac, con lo cual quedar\u00edan 12.089,90\u20ac en esta partida, de los cuales se extraen 7.090\u20ac en esta modificaci\u00f3n de cr\u00e9dito.<\/span><\/p>\n<p style=\"text-align: justify;\"><span style=\"color: #000000;\">Se crea esta nueva partida porque, desde este curso 2020-2021 el Ayuntamiento abonar\u00e1 el importe de los libros directamente a la AMPA y, de este modo, las familias empadronadas no tendr\u00e1n que adelantar el dinero de los libros ni pedir ninguna subvenci\u00f3n.<\/span><\/p>\n<p style=\"text-align: justify;\"><span style=\"color: #000000;\">Hasta ahora, las familias adquir\u00edan los libros socializados -a trav\u00e9s de la AMPA de la escuela- haciendo el correspondiente pago y, posteriormente, solicitaban las subvenciones para libros escolares al Ayuntamiento de la Bisbal del Pened\u00e8s. En caso de ser beneficiarias de la subvenci\u00f3n, recib\u00edan el coste de los libros socializados unos meses despu\u00e9s de hacer el pago. Con este nuevo funcionamiento, mediante convenio, se simplifica la adquisici\u00f3n de libros y, adem\u00e1s, las familias no tienen que avanzar el dinero ni tramitar ninguna subvenci\u00f3n, solo hace falta que est\u00e9n empadronadas y sean socias de la AMPA para poder pedir los libros sin tener que hacer el pago.<\/span><\/p>\n<p style=\"text-align: justify;\"><span style=\"color: #000000;\"><strong>5.-Adhesi\u00f3n a la Mancomunitat Pened\u00e8s Garraf\u00a0 <\/strong><\/span><\/p>\n<p style=\"text-align: justify;\"><span style=\"color: #000000;\"><u>Se ha aprobado<\/u> con los votos a favor de Comprom\u00eds amb la Bisbal (6), PSC (2), Units per la Bisbal-FIC (1) y el voto en contra de Ara la Bisbal (1).<\/span><\/p>\n<p style=\"text-align: justify;\"><span style=\"color: #000000;\">El Pleno ha aprobado:<\/span><\/p>\n<p style=\"text-align: justify; padding-left: 30px;\"><span style=\"color: #000000;\">-La adhesi\u00f3n a la Mancomunitat Pened\u00e8s-Garraf, de acuerdo con sus estatutos reguladores, publicados en el BOP de Barcelona el 14 de junio de 2020.<\/span><\/p>\n<p style=\"text-align: justify; padding-left: 30px;\"><span style=\"color: #000000;\">-Los estatutos reguladores de la Mancomunitat, publicados en el BOP de Barcelona el 14 de junio de 2019.<\/span><\/p>\n<p style=\"text-align: justify; padding-left: 30px;\"><span style=\"color: #000000;\">-Establecer la adhesi\u00f3n del Ayuntamiento al servicio del Centro de Atenci\u00f3n de Animales Dom\u00e9sticos (CAAD), al servicio de educaci\u00f3n ambiental y a los servicios centrales, sin perjuicio de la posterior ampliaci\u00f3n a otros servicios.<\/span><\/p>\n<p style=\"text-align: justify;\"><span style=\"color: #000000;\">El coste anual de los servicios para el Ayuntamiento de la Bisbal del Pened\u00e8s ser\u00e1 de 18.399,94\u20ac y este 2020 tendr\u00e1 que abonar la parte proporcional de los servicios que se presten hasta el 31 de diciembre que asciende a 5.366,65\u20ac.<\/span><\/p>\n<p style=\"text-align: justify; padding-left: 30px;\"><span style=\"color: #000000;\"><strong>El Centro de Atenci\u00f3n de Animales Dom\u00e9sticos (CAAD Pened\u00e8s)<\/strong> se encarga, con criterios de bienestar animal, de la recogida de perros, gatos y hurones que se pierden o son abandonados en nuestras comarcas. El CAAD se ocupa de estos animales hasta que se reencuentran con sus familias o hasta que pueden ser adoptados y cuenta con un equipo de cuidadores especializados, servicios de veterinaria y personal de oficina que se ocupa y vela por el bienestar de los animales acogidos y atiende a personas interesadas en adoptar o recuperar su animal de compa\u00f1\u00eda. Desde el centro, conjuntamente con los voluntarios, se promueve la adopci\u00f3n como primera opci\u00f3n de tenencia de animales y como forma de lucha contra el abandono, fomentando la tenencia responsable de animales entre el conjunto de la ciudadan\u00eda.<\/span><\/p>\n<p style=\"text-align: justify; padding-left: 30px;\"><span style=\"color: #000000;\"><strong>El servicio de educaci\u00f3n ambiental<\/strong> se centra en la realizaci\u00f3n de campa\u00f1as sobre distintas tem\u00e1ticas ambientales relacionadas con los \u00e1mbitos de la gesti\u00f3n de la Mancomunitat Pened\u00e8s-Garraf: tenencia responsable de animales de compa\u00f1\u00eda, prevenci\u00f3n y reducci\u00f3n de residuos, mejora de la recogida selectiva, derroche alimentario, ahorro y consumo de agua o autocompostaje, entre otras.<\/span><\/p>\n<p style=\"text-align: justify;\"><span style=\"color: #000000;\">La Mancomunitat Pened\u00e8s-Garraf naci\u00f3 a principios de la d\u00e9cada de los ochenta del siglo pasado y, en la actualidad, est\u00e1 formada por 34 ayuntamientos del Alt y el Baix Pened\u00e8s y del Garraf. El objetivo de la entidad es sumar esfuerzos y medios para cubrir de manera conjunta las necesidades del territorio en materia de medio ambiente urbano, protecci\u00f3n de la salubridad p\u00fablica, servicio de recogida y control de animales abandonados, abastecimiento domiciliario de agua potable y evacuaci\u00f3n y tratamiento de aguas residuales, bibliotecas p\u00fablicas, protecci\u00f3n civil y prevenci\u00f3n y extinci\u00f3n de incendios, tr\u00e1fico y transporte colectivo urbano, instalaciones deportivas, ocupaci\u00f3n del tiempo libre y equipaciones culturales.<\/span><\/p>\n<p style=\"text-align: justify;\"><span style=\"color: #000000;\"><strong>6.-Moci\u00f3n para defender el futuro industrial de la Veguer\u00eda Pened\u00e8s presentada por el grupo municipal Comprom\u00eds amb la Bisbal <\/strong><\/span><\/p>\n<p style=\"text-align: justify;\"><span style=\"color: #000000;\"><u>Se ha aprobado<\/u> con los votos a favor de Comprom\u00eds amb la Bisbal (6), PSC (2), Units per la Bisbal-FIC (1) y la abstenci\u00f3n de Ara la Bisbal (1).<\/span><\/p>\n<p style=\"text-align: justify;\"><span style=\"color: #000000;\">Esta moci\u00f3n viene motivada por el reciente anuncio de la voluntad de cierre de las industrias de Saint-Gobain Glass en l&#8217;Arbo\u00e7 (Baix Pened\u00e8s) y Bosch de Castellet i la Gornal (Alt Pened\u00e8s). Con la aprobaci\u00f3n de esta moci\u00f3n se acuerda solicitar:<\/span><\/p>\n<p style=\"text-align: justify; padding-left: 30px;\"><span style=\"color: #000000;\">1.-Constituir un grupo de trabajo por la reindustrializaci\u00f3n de la Veguer\u00eda del Pened\u00e8s formado por los cuatro Consejos Comarcales del territorio, las cuatro capitales de comarca, asociaciones empresariales y sindicales, siguiendo el modelo de la Mesa de Reindustrializaci\u00f3n del Alt Pened\u00e8s.<\/span><\/p>\n<p style=\"text-align: justify; padding-left: 30px;\"><span style=\"color: #000000;\">2.-Apoyar a las movilizaciones de los trabajadores y las familias afectadas por los cierres de las empresas industriales en el territorio, en este caso los de Saint Gobain en l&#8217;Arbo\u00e7 y Bosch en Castellet i la Gornal.<\/span><\/p>\n<p style=\"text-align: justify; padding-left: 30px;\"><span style=\"color: #000000;\">3.-Seguir pidiendo al Gobierno de la Generalitat de Catalunya el despliegue de los servicios territoriales a la Veguer\u00eda, en este caso se trata de un tema que se ha convertido en urgente, despu\u00e9s de m\u00e1s de tres a\u00f1os sin hacerlo c\u00f3mo marca la ley.<\/span><\/p>\n<p style=\"text-align: justify; padding-left: 30px;\"><span style=\"color: #000000;\">4.-Trasladar este acuerdo al Gobierno de la Generalitat, al Parlament de Catalunya, al Gobierno del Estado Espa\u00f1ol y al Congreso de los Diputados.<\/span><\/p>\n<p style=\"text-align: justify;\"><span style=\"color: #000000;\"><strong>7.-Moci\u00f3n por un futuro industrial en el Baix Pened\u00e8s, presentada por los grupos municipales del PSC, ERC-AM y Units\u2013FIC<\/strong><\/span><\/p>\n<p style=\"text-align: justify;\"><span style=\"color: #000000;\"><span style=\"text-decoration: underline;\">Se ha aprobado<\/span> con los votos a favor de Comprom\u00eds amb la Bisbal (6), PSC (2), Units per la Bisbal-FIC (1) y Ara la Bisbal (1).<\/span><\/p>\n<p style=\"text-align: justify;\"><span style=\"color: #000000;\">Esta moci\u00f3n viene motivada por el reciente anuncio de la voluntad de cierre de las industrias de Saint-Gobain Glass en l&#8217;Arbo\u00e7 (Baix Pened\u00e8s) y Bosch de Castellet i la Gornal (Alt Pened\u00e8s), entre otras empresas afectadas por procesos de reestructuraci\u00f3n o cierre. Mediante la aprobaci\u00f3n de este acuerdo se resuelve:<\/span><\/p>\n<p style=\"text-align: justify; padding-left: 30px;\"><span style=\"color: #000000;\"><strong>Primero.-<\/strong> Mostrar nuestra solidaridad con las luchas de los trabajadores y trabajadoras de Saint Gobain Glass y de todos los trabajadores externos afectados, y sus familias, y mostrar nuestro compromiso con ellos de luchar hasta el final para evitar el cierre y despidos a la empresa, y exigir un plan industrial para Saint Gobain que comporte mantenimiento y mejora de las tasas de ocupaci\u00f3n.<\/span><\/p>\n<p style=\"text-align: justify; padding-left: 30px;\"><span style=\"color: #000000;\"><strong>Segundo.-<\/strong> Extender esta muestra de fraternal de solidaridad a todos los trabajadores y trabajadoras de Catalunya y de Espa\u00f1a afectados por cierres y reducciones de plantilla, en especial queremos mostrar nuestra solidaridad con los trabajadores y trabajadoras de la empresa Robert Bosch de Castellet i la Gornal, y de todas las empresas afectadas por procesos de reestructuraci\u00f3n o cierre.<\/span><\/p>\n<p style=\"text-align: justify; padding-left: 30px;\"><span style=\"color: #000000;\"><strong>Tercero.-<\/strong> Celebramos el compromiso y anuncio del Gobierno de Espa\u00f1a sobre legislar para derogar los aspectos m\u00e1s lesivos de las \u00faltimas reformas laborales, y pedimos premura, por la urgencia de la medida, e instamos a empezar la contrarreforma con la modificaci\u00f3n del art\u00edculo 51 del Estatuto de los Trabajadores que con el redactado actual se elimin\u00f3 la exigencia de la preceptiva autorizaci\u00f3n administrativa del Gobierno ante los expedientes de regulaci\u00f3n de ocupaci\u00f3n. Es imprescindible restituir con urgencia esta exigencia de autorizaci\u00f3n administrativa para limitar la sangr\u00eda de cierres injustos y para estudiar planes industriales que garanticen la continuidad de la ocupaci\u00f3n.<\/span><\/p>\n<p style=\"text-align: justify; padding-left: 30px;\"><span style=\"color: #000000;\"><strong>Quart.-<\/strong> Necesitamos, si procede, intervenir las empresas, participarlas, nacionalizarlas o tomar el control de la gesti\u00f3n para ampliar el sector industrial y conseguir que haya un sector potente de industrias con capital y control p\u00fablicos, como se ha hecho en otros pa\u00edses de la Uni\u00f3n Europea (Alemania, Francia\u2026) para proteger la ocupaci\u00f3n y garantizar un motor industrial para la econom\u00eda de pa\u00edses y regiones como los nuestros.<\/span><\/p>\n<p style=\"text-align: justify; padding-left: 30px;\"><span style=\"color: #000000;\"><strong>Quinto.-<\/strong> Instamos a la Generalitat de Catalunya a que ponga en marcha un plan de desarrollo industrial para el pa\u00eds, donde el Baix Pened\u00e8s por su enclave geogr\u00e1fico estrat\u00e9gico y por sus infraestructuras de transporte, tiene que jugar un papel importante. Creemos necesario que el Parlament de Catalunya declare el Baix Pened\u00e8s como una zona de urgente reindustrializaci\u00f3n, recuperando la terminolog\u00eda de los a\u00f1os 80, que permiti\u00f3 un desarrollo industrial potente en zonas como el Vall\u00e8s Occidental o el Baix Llobregat. Ahora es el momento de invertir en el Pened\u00e8s para desarrollar un futuro industrial para las comarcas del Pened\u00e8s, y hacer realidad las inversiones comprometidas para hacer realidad el Logis Pened\u00e8s.<\/span><\/p>\n<p style=\"text-align: justify; padding-left: 30px;\"><span style=\"color: #000000;\"><strong>Sexto.-<\/strong> Exigimos tambi\u00e9n que se dote a los ayuntamientos y Consells Comarcals de recursos para gestionar m\u00e1s pol\u00edticas activas de ocupaci\u00f3n, como por ejemplo un centro integral de formaci\u00f3n, aumento del n\u00famero y la diversidad de la oferta de ciclos formativos, una oficina de atracci\u00f3n de inversiones industriales, y el desarrollo de un plan de industrializaci\u00f3n comarcal, que incluya medidas por sectores productivos como el campo y la energ\u00eda, la industria auxiliar log\u00edstica y el turismo, sin olvidar el desarrollo y crecimiento de Idiada, y la inversi\u00f3n en innovaci\u00f3n que esto supone para el sector de la automoci\u00f3n.<\/span><\/p>\n<p style=\"text-align: justify; padding-left: 30px;\"><span style=\"color: #000000;\"><strong>S\u00e9ptimo.-<\/strong> Trasladar este acuerdo al Gobierno de la Generalitat, al Parlamento de Catalunya, al Gobierno del Estado Espa\u00f1ol, a las centrales sindicales mayoritarias y al Congreso de los Diputados.<\/span><\/p>\n<p style=\"text-align: justify;\"><span style=\"color: #000000;\"><strong>B)ACTIVIDAD DE CONTROL<\/strong><\/span><\/p>\n<p style=\"text-align: justify;\"><span style=\"color: #000000;\"><strong>8.-Dar cuenta de las l\u00edneas fundamentales del presupuesto para el ejercicio 2021 <\/strong><\/span><\/p>\n<p style=\"text-align: justify;\"><span style=\"color: #000000;\">Se da cuenta al Pleno de las l\u00edneas fundamentales del presupuesto para el ejercicio 2021, que se aprobaron el 10 de septiembre de 2020 mediante Decreto de Alcald\u00eda.<\/span><\/p>\n<p style=\"text-align: justify;\"><span style=\"color: #000000;\">Para el a\u00f1o 2021 se prev\u00e9 un presupuesto total de 5.356.797,23\u20ac.<\/span><\/p>\n<p style=\"text-align: justify;\"><span style=\"color: #000000;\"><strong>ESTIMACI\u00d3N DE LOS INGRESOS CORRIENTES PARA EL 2021:<\/strong><\/span><\/p>\n<p style=\"text-align: justify; padding-left: 30px;\"><span style=\"color: #000000;\"><u>Cap\u00edtulo 1<\/u>. Impuestos directos: se prev\u00e9 el mismo importe que en el 2020.<\/span><\/p>\n<p style=\"text-align: justify; padding-left: 30px;\"><span style=\"color: #000000;\"><u>Cap\u00edtulo 2.<\/u> Impuestos indirectos: se prev\u00e9 el mismo importe que en el 2020.<\/span><\/p>\n<p style=\"text-align: justify; padding-left: 30px;\"><span style=\"color: #000000;\"><u>Cap\u00edtulo 3.<\/u> Tasas, precios p\u00fablicos y otros ingresos. Se prev\u00e9 el mismo importe que en el 2020. Sin embargo, como consecuencia de la crisis sanitaria de la Covid-19 es posible que el n\u00famero de usuarios\/usuarias de los distintos servicios municipales (cursos, talleres, actividades, casales, etc.) puedan variar, previsiblemente a la baja.<\/span><\/p>\n<p style=\"text-align: justify; padding-left: 30px;\"><span style=\"color: #000000;\"><u>Cap\u00edtulo 4.<\/u> Transferencias corrientes: se prev\u00e9 el mismo importe que el 2020.<\/span><\/p>\n<p style=\"text-align: justify; padding-left: 30px;\"><span style=\"color: #000000;\"><u>Cap\u00edtulo 5.<\/u> Ingresos patrimoniales: provienen de rentas de inmuebles. Se prev\u00e9 un importe ligeramente m\u00e1s elevado que en el 2020, puesto que se ha resuelto el procedimiento de revisi\u00f3n de oficio del contrato de arrendamiento del local del polideportivo municipal y se prev\u00e9 licitar el servicio de bar de los locales sociales de las urbanizaciones La Miralba y l\u2019Esplai.<\/span><\/p>\n<p style=\"text-align: justify; padding-left: 30px;\"><span style=\"color: #000000;\"><u>Cap\u00edtulo 6.<\/u> Alienaci\u00f3n de inversiones reales: comprenden los ingresos por venta de parcelas de la urbanizaci\u00f3n de la Miralba, de acuerdo con la previsi\u00f3n llevada a cabo en el plan presupuestario a medio plazo. Est\u00e1 previsto que a finales del ejercicio 2020 se inicien los procedimientos de alienaci\u00f3n, pero no ser\u00e1 hasta el ejercicio 2021 cuando se podr\u00e1n adjudicar las parcelas.<\/span><\/p>\n<p style=\"text-align: justify; padding-left: 30px;\"><span style=\"color: #000000;\"><u>Cap\u00edtulo 7.<\/u> Transferencias de capital: la previsi\u00f3n de subvenciones que le ser\u00e1n concedidas al Ayuntamiento de La Bisbal del Pened\u00e8s es la siguiente: franjas forestales 11.636,40\u20ac; Plan de Actuaci\u00f3n Municipal (PAM) para la adecuaci\u00f3n de \u201cla fassina\u201d 100.000\u20ac y el arreglo de infraestructuras del barrio de la Riba 335.000\u20ac. Sin embargo, la resoluci\u00f3n de la convocatoria de la subvenci\u00f3n correspondiente al PAM de la Diputaci\u00f3n de Tarragona est\u00e1 prevista para el mes de octubre, momento en que se conocer\u00e1n los importes otorgados.<\/span><\/p>\n<p style=\"text-align: justify; padding-left: 30px;\"><span style=\"color: #000000;\"><u>Cap\u00edtulo 8.<\/u> Activos financieros: ingresos provenientes de anticipos al personal, con su contrapartida en gastos. El mismo importe que en el 2020.<\/span><\/p>\n<p style=\"text-align: justify; padding-left: 30px;\"><span style=\"color: #000000;\"><u>Cap\u00edtulo 9.<\/u> Pasivos financieros: son los ingresos provenientes de operaciones de cr\u00e9dito concertadas. No est\u00e1 previsto llevar a cabo ninguna concertaci\u00f3n de pr\u00e9stamos para el ejercicio 2021.<\/span><\/p>\n<p style=\"text-align: justify;\"><span style=\"color: #000000;\"><strong>ESTIMACI\u00d3N DE LOS GASTOS CORRIENTES PARA EL 2021:<\/strong><\/span><\/p>\n<p style=\"text-align: justify; padding-left: 30px;\"><span style=\"color: #000000;\"><u>Cap\u00edtulo 1.<\/u> Gastos de personal: se prev\u00e9 un incremento del 2,5% respecto al ejercicio anterior. En la actualidad se est\u00e1 trabajando en los procesos de aplantillamiento y en la oferta p\u00fablica de empleo para el ejercicio 2021, asuntos que se llevar\u00e1n a debate en la pr\u00f3xima mesa de negociaci\u00f3n con los representantes de los trabajadores del Ayuntamiento de La Bisbal del Pened\u00e8s.<\/span><\/p>\n<p style=\"text-align: justify; padding-left: 30px;\"><span style=\"color: #000000;\"><u>Cap\u00edtulo 2.<\/u> Gastos corrientes en bienes y servicios: el mismo importe que en el 2020.<\/span><\/p>\n<p style=\"text-align: justify; padding-left: 30px;\"><span style=\"color: #000000;\"><u>Cap\u00edtulo 3.<\/u> Gastos financieros: pagos de intereses y gastos de los pr\u00e9stamos contratados por la entidad.<\/span><\/p>\n<p style=\"text-align: justify; padding-left: 30px;\"><span style=\"color: #000000;\"><u>Cap\u00edtulo 4.<\/u> Transferencias corrientes: El mismo importe que en el 2020. Se trata de la participaci\u00f3n del Ayuntamiento de la Bisbal del Pened\u00e8s en otros organismos, convenios de colaboraci\u00f3n u otorgamiento de subvenciones, entre otras transferencias corrientes.<\/span><\/p>\n<p style=\"text-align: justify; padding-left: 30px;\"><span style=\"color: #000000;\"><u>Cap\u00edtulo 5.<\/u> Fondo de contingencia: el importe que consta en el presupuesto.<\/span><\/p>\n<p style=\"text-align: justify; padding-left: 30px;\"><span style=\"color: #000000;\"><u>Cap\u00edtulo 6.<\/u> Inversiones reales: inversiones reales financiadas mediante la venta de terrenos, subvenciones y recursos propios. La previsi\u00f3n es:<\/span><\/p>\n<p style=\"text-align: justify; padding-left: 60px;\"><span style=\"color: #000000;\">-Suministro, instalaci\u00f3n y mantenimiento de c\u00e1maras lectoras de matr\u00edculas: 46.000\u20ac<\/span><\/p>\n<p style=\"text-align: justify; padding-left: 60px;\"><span style=\"color: #000000;\">-Franjas forestales: 30.000\u20ac<\/span><\/p>\n<p style=\"text-align: justify; padding-left: 60px;\"><span style=\"color: #000000;\">-Adecuaci\u00f3n de \u201cla fassina\u201d: 350.000\u20ac<\/span><\/p>\n<p style=\"text-align: justify; padding-left: 60px;\"><span style=\"color: #000000;\">-Mejoras en la red de agua: 256.627,29\u20ac<\/span><\/p>\n<p style=\"text-align: justify; padding-left: 60px;\"><span style=\"color: #000000;\">-Arreglo de infraestructuras del barrio de la Riba: 673.930,71\u20ac<\/span><\/p>\n<p style=\"text-align: justify; padding-left: 60px;\"><span style=\"color: #000000;\">-Alumbrado p\u00fablico: 50.000\u20ac<\/span><\/p>\n<p style=\"text-align: justify; padding-left: 60px;\"><span style=\"color: #000000;\">-Buzones para las urbanizaciones: 10.000\u20ac<\/span><\/p>\n<p style=\"text-align: justify; padding-left: 60px;\"><span style=\"color: #000000;\">-Presupuestos participativos: 72.000\u20ac<\/span><\/p>\n<p style=\"text-align: justify; padding-left: 60px;\"><span style=\"color: #000000;\">-Adecuaci\u00f3n de las instalaciones del Ayuntamiento: 20.000\u20ac<\/span><\/p>\n<p style=\"text-align: justify; padding-left: 30px;\"><span style=\"color: #000000;\"><u>Cap\u00edtulo 8.<\/u> Activos financieros: son los anticipos del personal y se contempla el mismo importe que en el ejercicio anterior.<\/span><\/p>\n<p style=\"text-align: justify; padding-left: 30px;\"><span style=\"color: #000000;\"><u>Cap\u00edtulo 9.<\/u> Pasivos financieros: Se reduce un 58,29% respecto al a\u00f1o 2020 por la amortizaci\u00f3n anticipada de pr\u00e9stamos prevista para finales del a\u00f1o 2020, por la aplicaci\u00f3n de los saldos de las inversiones sostenibles provenientes de la distribuci\u00f3n del super\u00e1vit de 2018 y por la finalizaci\u00f3n de la amortizaci\u00f3n del pr\u00e9stamo con el Instituto Catal\u00e1n de Finanzas (ICF) por las obras de urbanizaci\u00f3n de la Miralba. No est\u00e1 previsto concertar ninguna operaci\u00f3n de pr\u00e9stamo durante el 2021.<\/span><\/p>\n<p style=\"text-align: justify;\"><span style=\"color: #000000;\"><strong>PREVISI\u00d3N DE CUMPLIMIENTO DE REQUISITOS:<\/strong><\/span><\/p>\n<p style=\"text-align: justify;\"><span style=\"color: #000000;\">-Las l\u00edneas fundamentales del presupuesto del Ayuntamiento de la Bisbal del Pened\u00e8s para el a\u00f1o 2021 presentan equilibrio presupuestario.<\/span><\/p>\n<p style=\"text-align: justify;\"><span style=\"color: #000000;\">-Evaluaci\u00f3n de los objetivos de estabilidad presupuestaria, regla del gasto y deuda p\u00fablica:<\/span><\/p>\n<p style=\"text-align: justify;\"><span style=\"color: #000000;\">\u00a0\u00a0\u00a0\u00a0\u00a0\u00a0\u00a0\u00a0 -Capacidad de financiaci\u00f3n de 634.589,65\u20ac<\/span><\/p>\n<p style=\"text-align: justify;\"><span style=\"color: #000000;\">\u00a0\u00a0\u00a0\u00a0\u00a0\u00a0\u00a0\u00a0 -Margen de cumplimiento de la regla del gasto de 296.310,87\u20ac<\/span><\/p>\n<p style=\"text-align: justify;\"><span style=\"color: #000000;\">\u00a0\u00a0\u00a0\u00a0\u00a0\u00a0\u00a0\u00a0 -Deuda viva: 12,97%<\/span><\/p>\n<p style=\"text-align: justify;\"><span style=\"color: #000000;\"><strong>9.-Dar cuenta del periodo medio de pago 2.\u00ba trimestre 2020<\/strong><\/span><\/p>\n<p style=\"text-align: justify;\"><span style=\"color: #000000;\">El periodo medio de pago del 2\u00ba trimestre del 2020 es de 18,36 d\u00edas.<\/span><\/p>\n<p style=\"text-align: justify;\"><span style=\"color: #000000;\">El m\u00e1ximo legal es de 30 d\u00edas.<\/span><\/p>\n<p style=\"text-align: justify;\"><span style=\"color: #000000;\"><strong>10.Dar cuenta de la ejecuci\u00f3n presupuesto 2\u00ba trimestre 2020 <\/strong><\/span><\/p>\n<p style=\"text-align: justify;\"><span style=\"color: #000000;\">Se da cuenta del env\u00edo al Ministerio de Hacienda y Administraciones p\u00fablicas del resumen del estado de ejecuci\u00f3n del presupuesto del segundo trimestre de 2020 y del informe de secretar\u00eda-intervenci\u00f3n, conforme se ha enviado la informaci\u00f3n dentro del plazo establecido.<\/span><\/p>\n<p style=\"text-align: justify;\"><span style=\"color: #000000;\"><strong>11.Dar cuenta de los acuerdos de la Junta de Gobierno Local<\/strong><\/span><\/p>\n<p style=\"text-align: justify;\"><span style=\"color: #000000;\">El Pleno ha dado cuenta de los acuerdos de la Junta de Gobierno Local.<\/span><\/p>\n<p style=\"text-align: justify;\"><span style=\"color: #000000;\"><strong>12.Dar cuenta de los Decretos de Alcald\u00eda<\/strong><\/span><\/p>\n<p style=\"text-align: justify;\"><span style=\"color: #000000;\">El Pleno ha dado cuenta de los Decretos de Alcald\u00eda.<\/span><\/p>\n<p style=\"text-align: justify;\"><span style=\"color: #000000;\"><strong>C) RUEGOS Y PREGUNTAS<\/strong><\/span><\/p>\n","protected":false},"excerpt":{"rendered":"<p>El dilluns 21 de setembre de 2020, a les 19h, ha tingut lloc el Ple ordinari de l\u2019Ajuntament de la Bisbal del Pened\u00e8s corresponent a aquest trimestre. El Ple s\u2019ha &hellip; <a href=\"https:\/\/bisbalpenedes.com\/web\/2020\/09\/22\/aquest-dilluns-21-de-setembre-sha-celebrat-el-ple-ordinari-de-lajuntament-de-la-bisbal-del-penedes\/\" class=\"more-link\">Read More<\/a><\/p>\n","protected":false},"author":4,"featured_media":14678,"comment_status":"closed","ping_status":"closed","sticky":false,"template":"","format":"standard","meta":[],"categories":[8,2251,2250],"tags":[1267,4030,4026,4032,337,4027,4031,1262,435,327,4028,4029,1897,139,249,3181,515,4025],"_links":{"self":[{"href":"https:\/\/bisbalpenedes.com\/web\/wp-json\/wp\/v2\/posts\/14675"}],"collection":[{"href":"https:\/\/bisbalpenedes.com\/web\/wp-json\/wp\/v2\/posts"}],"about":[{"href":"https:\/\/bisbalpenedes.com\/web\/wp-json\/wp\/v2\/types\/post"}],"author":[{"embeddable":true,"href":"https:\/\/bisbalpenedes.com\/web\/wp-json\/wp\/v2\/users\/4"}],"replies":[{"embeddable":true,"href":"https:\/\/bisbalpenedes.com\/web\/wp-json\/wp\/v2\/comments?post=14675"}],"version-history":[{"count":4,"href":"https:\/\/bisbalpenedes.com\/web\/wp-json\/wp\/v2\/posts\/14675\/revisions"}],"predecessor-version":[{"id":14680,"href":"https:\/\/bisbalpenedes.com\/web\/wp-json\/wp\/v2\/posts\/14675\/revisions\/14680"}],"wp:featuredmedia":[{"embeddable":true,"href":"https:\/\/bisbalpenedes.com\/web\/wp-json\/wp\/v2\/media\/14678"}],"wp:attachment":[{"href":"https:\/\/bisbalpenedes.com\/web\/wp-json\/wp\/v2\/media?parent=14675"}],"wp:term":[{"taxonomy":"category","embeddable":true,"href":"https:\/\/bisbalpenedes.com\/web\/wp-json\/wp\/v2\/categories?post=14675"},{"taxonomy":"post_tag","embeddable":true,"href":"https:\/\/bisbalpenedes.com\/web\/wp-json\/wp\/v2\/tags?post=14675"}],"curies":[{"name":"wp","href":"https:\/\/api.w.org\/{rel}","templated":true}]}}