{"id":14653,"date":"2020-09-17T11:40:17","date_gmt":"2020-09-17T09:40:17","guid":{"rendered":"http:\/\/bisbalpenedes.com\/web\/?p=14653"},"modified":"2020-09-17T11:40:17","modified_gmt":"2020-09-17T09:40:17","slug":"avis-per-intensitat-de-pluja-per-al-divendres-18-i-el-dissabte-19-de-setembre-de-2020","status":"publish","type":"post","link":"https:\/\/bisbalpenedes.com\/web\/2020\/09\/17\/avis-per-intensitat-de-pluja-per-al-divendres-18-i-el-dissabte-19-de-setembre-de-2020\/","title":{"rendered":"Av\u00eds per intensitat de pluja per al divendres 18 i el dissabte 19 de setembre de 2020"},"content":{"rendered":"<div class=\"\" data-block=\"true\" data-editor=\"7ac4t\" data-offset-key=\"4bh4f-0-0\">\n<div class=\"_1mf _1mj\" style=\"text-align: justify;\" data-offset-key=\"4bh4f-0-0\"><span style=\"color: #000000;\" data-offset-key=\"4bh4f-3-0\"><span data-text=\"true\">El Servei Meteorol\u00f2gic de Catalunya ha publicat un av\u00eds per pluges intenses per dem\u00e0 divendres i la matinada de divendres a dissabte. Protecci\u00f3 Civil ha activat la Prealerta Inuncat. Els x\u00e0fecs aniran acompanyats de tempesta i de calamarsa o pedra. \u00c9s possible que tamb\u00e9 es donin fen\u00f2mens de temps violent. Extremeu les precaucions i seguiu les indicacions de Protecci\u00f3 Civil. <\/span><\/span><\/div>\n<\/div>\n<div class=\"\" style=\"text-align: justify;\" data-block=\"true\" data-editor=\"7ac4t\" data-offset-key=\"26fqd-0-0\">\n<div class=\"_1mf _1mj\" data-offset-key=\"26fqd-0-0\"><span style=\"color: #000000;\" data-offset-key=\"26fqd-0-0\">\u00a0<\/span><\/div>\n<\/div>\n<div class=\"\" style=\"text-align: justify;\" data-block=\"true\" data-editor=\"7ac4t\" data-offset-key=\"84dvc-0-0\">\n<div class=\"_1mf _1mj\" data-offset-key=\"84dvc-0-0\">\n<hr \/>\n<p><span style=\"color: #000000;\" data-offset-key=\"84dvc-0-0\"><span data-text=\"true\"><br \/>\n<\/span><\/span><\/div>\n<\/div>\n<div class=\"\" data-block=\"true\" data-editor=\"7ac4t\" data-offset-key=\"98acg-0-0\">\n<div class=\"_1mf _1mj\" style=\"text-align: justify;\" data-offset-key=\"98acg-0-0\"><span style=\"color: #000000;\">El Servei Meteorol\u00f2gic de Catalunya ha publicado un aviso por lluvias intensas para ma\u00f1ana viernes y la madrugada del viernes al s\u00e1bado. Protecci\u00f3n Civil ha activado la Prealerta Inuncat. Los chubascos ir\u00e1n acompa\u00f1ados de tormenta y de granizo o piedra. Es posible que tambi\u00e9n se den fen\u00f3menos de tiempo violento. Extremad las precauciones y seguid las indicaciones de Protecci\u00f3n Civil.<\/span><\/div>\n<div class=\"_1mf _1mj\" style=\"text-align: justify;\" data-offset-key=\"98acg-0-0\"><a href=\"http:\/\/bisbalpenedes.com\/web\/wp-content\/uploads\/2020\/09\/DISSABTE-19-SETEMBRE-2020.jpeg\"><br \/>\n<\/a> <a href=\"http:\/\/bisbalpenedes.com\/web\/wp-content\/uploads\/2020\/09\/DIVENDRES-18-SETEMBRE-2020.jpeg\"><img loading=\"lazy\" class=\"aligncenter size-full wp-image-14655\" src=\"http:\/\/bisbalpenedes.com\/web\/wp-content\/uploads\/2020\/09\/DIVENDRES-18-SETEMBRE-2020.jpeg\" alt=\"DIVENDRES 18 SETEMBRE 2020\" width=\"828\" height=\"828\" srcset=\"https:\/\/bisbalpenedes.com\/web\/wp-content\/uploads\/2020\/09\/DIVENDRES-18-SETEMBRE-2020.jpeg 828w, https:\/\/bisbalpenedes.com\/web\/wp-content\/uploads\/2020\/09\/DIVENDRES-18-SETEMBRE-2020-300x300.jpeg 300w, https:\/\/bisbalpenedes.com\/web\/wp-content\/uploads\/2020\/09\/DIVENDRES-18-SETEMBRE-2020-100x100.jpeg 100w, https:\/\/bisbalpenedes.com\/web\/wp-content\/uploads\/2020\/09\/DIVENDRES-18-SETEMBRE-2020-600x600.jpeg 600w, https:\/\/bisbalpenedes.com\/web\/wp-content\/uploads\/2020\/09\/DIVENDRES-18-SETEMBRE-2020-150x150.jpeg 150w, https:\/\/bisbalpenedes.com\/web\/wp-content\/uploads\/2020\/09\/DIVENDRES-18-SETEMBRE-2020-768x768.jpeg 768w\" sizes=\"(max-width: 828px) 100vw, 828px\" \/><\/a><\/div>\n<div class=\"_1mf _1mj\" style=\"text-align: justify;\" data-offset-key=\"98acg-0-0\"><img loading=\"lazy\" class=\"aligncenter size-full wp-image-14654\" src=\"http:\/\/bisbalpenedes.com\/web\/wp-content\/uploads\/2020\/09\/DISSABTE-19-SETEMBRE-2020.jpeg\" alt=\"DISSABTE 19 SETEMBRE 2020\" width=\"828\" height=\"828\" srcset=\"https:\/\/bisbalpenedes.com\/web\/wp-content\/uploads\/2020\/09\/DISSABTE-19-SETEMBRE-2020.jpeg 828w, https:\/\/bisbalpenedes.com\/web\/wp-content\/uploads\/2020\/09\/DISSABTE-19-SETEMBRE-2020-300x300.jpeg 300w, https:\/\/bisbalpenedes.com\/web\/wp-content\/uploads\/2020\/09\/DISSABTE-19-SETEMBRE-2020-100x100.jpeg 100w, https:\/\/bisbalpenedes.com\/web\/wp-content\/uploads\/2020\/09\/DISSABTE-19-SETEMBRE-2020-600x600.jpeg 600w, https:\/\/bisbalpenedes.com\/web\/wp-content\/uploads\/2020\/09\/DISSABTE-19-SETEMBRE-2020-150x150.jpeg 150w, https:\/\/bisbalpenedes.com\/web\/wp-content\/uploads\/2020\/09\/DISSABTE-19-SETEMBRE-2020-768x768.jpeg 768w\" sizes=\"(max-width: 828px) 100vw, 828px\" \/><\/div>\n<div class=\"_1mf _1mj\" style=\"text-align: justify;\" data-offset-key=\"98acg-0-0\"><a href=\"http:\/\/bisbalpenedes.com\/web\/wp-content\/uploads\/2020\/08\/INUNCACIONS-I-FORTES-PLUGES.jpg\"><img loading=\"lazy\" class=\"aligncenter size-full wp-image-14478\" src=\"http:\/\/bisbalpenedes.com\/web\/wp-content\/uploads\/2020\/08\/INUNCACIONS-I-FORTES-PLUGES.jpg\" alt=\"INUNCACIONS I FORTES PLUGES\" width=\"713\" height=\"949\" srcset=\"https:\/\/bisbalpenedes.com\/web\/wp-content\/uploads\/2020\/08\/INUNCACIONS-I-FORTES-PLUGES.jpg 713w, https:\/\/bisbalpenedes.com\/web\/wp-content\/uploads\/2020\/08\/INUNCACIONS-I-FORTES-PLUGES-600x799.jpg 600w, https:\/\/bisbalpenedes.com\/web\/wp-content\/uploads\/2020\/08\/INUNCACIONS-I-FORTES-PLUGES-225x300.jpg 225w\" sizes=\"(max-width: 713px) 100vw, 713px\" \/><\/a><\/div>\n<div class=\"_1mf _1mj\" style=\"text-align: justify;\" data-offset-key=\"98acg-0-0\"><\/div>\n<\/div>\n","protected":false},"excerpt":{"rendered":"<p>El Servei Meteorol\u00f2gic de Catalunya ha publicat un av\u00eds per pluges intenses per dem\u00e0 divendres i la matinada de divendres a dissabte. Protecci\u00f3 Civil ha activat la Prealerta Inuncat. Els &hellip; <a href=\"https:\/\/bisbalpenedes.com\/web\/2020\/09\/17\/avis-per-intensitat-de-pluja-per-al-divendres-18-i-el-dissabte-19-de-setembre-de-2020\/\" class=\"more-link\">Read More<\/a><\/p>\n","protected":false},"author":4,"featured_media":14655,"comment_status":"closed","ping_status":"closed","sticky":false,"template":"","format":"standard","meta":[],"categories":[1628,2543,8],"tags":[2921,4024,2474,2920],"_links":{"self":[{"href":"https:\/\/bisbalpenedes.com\/web\/wp-json\/wp\/v2\/posts\/14653"}],"collection":[{"href":"https:\/\/bisbalpenedes.com\/web\/wp-json\/wp\/v2\/posts"}],"about":[{"href":"https:\/\/bisbalpenedes.com\/web\/wp-json\/wp\/v2\/types\/post"}],"author":[{"embeddable":true,"href":"https:\/\/bisbalpenedes.com\/web\/wp-json\/wp\/v2\/users\/4"}],"replies":[{"embeddable":true,"href":"https:\/\/bisbalpenedes.com\/web\/wp-json\/wp\/v2\/comments?post=14653"}],"version-history":[{"count":1,"href":"https:\/\/bisbalpenedes.com\/web\/wp-json\/wp\/v2\/posts\/14653\/revisions"}],"predecessor-version":[{"id":14656,"href":"https:\/\/bisbalpenedes.com\/web\/wp-json\/wp\/v2\/posts\/14653\/revisions\/14656"}],"wp:featuredmedia":[{"embeddable":true,"href":"https:\/\/bisbalpenedes.com\/web\/wp-json\/wp\/v2\/media\/14655"}],"wp:attachment":[{"href":"https:\/\/bisbalpenedes.com\/web\/wp-json\/wp\/v2\/media?parent=14653"}],"wp:term":[{"taxonomy":"category","embeddable":true,"href":"https:\/\/bisbalpenedes.com\/web\/wp-json\/wp\/v2\/categories?post=14653"},{"taxonomy":"post_tag","embeddable":true,"href":"https:\/\/bisbalpenedes.com\/web\/wp-json\/wp\/v2\/tags?post=14653"}],"curies":[{"name":"wp","href":"https:\/\/api.w.org\/{rel}","templated":true}]}}