{"id":14649,"date":"2020-09-17T10:49:21","date_gmt":"2020-09-17T08:49:21","guid":{"rendered":"http:\/\/bisbalpenedes.com\/web\/?p=14649"},"modified":"2020-09-17T10:50:12","modified_gmt":"2020-09-17T08:50:12","slug":"el-proper-dilluns-21-de-setembre-a-les-19h-tindra-lloc-el-ple-ordinari-de-lajuntament-de-la-bisbal-del-penedes","status":"publish","type":"post","link":"https:\/\/bisbalpenedes.com\/web\/2020\/09\/17\/el-proper-dilluns-21-de-setembre-a-les-19h-tindra-lloc-el-ple-ordinari-de-lajuntament-de-la-bisbal-del-penedes\/","title":{"rendered":"El proper dilluns 21 de setembre a les 19h tindr\u00e0 lloc el Ple Ordinari de l&#8217;Ajuntament de la Bisbal del Pened\u00e8s"},"content":{"rendered":"<p style=\"text-align: justify;\"><span style=\"color: #000000;\">Aquest dimecres\u00a0s\u2019ha convocat el Ple ordinari pel proper dilluns 21 de setembre a les 19:00h.<\/span><br \/>\n<span style=\"color: #000000;\">El ple se celebrar\u00e0 de forma presencial i a porta tancada per poder garantir totes les mesures de prevenci\u00f3 de contagis per la Covid-19. Posteriorment es podr\u00e0 veure l\u2019enregistrament a Youtube.<\/span><\/p>\n<p style=\"text-align: justify;\"><span style=\"color: #000000;\">Aquest \u00e9s l\u2019ordre del dia:<\/span><\/p>\n<p style=\"text-align: justify;\"><span style=\"color: #000000;\">A)PART RESOLUTIVA:<\/span><br \/>\n<span style=\"color: #000000;\">1.Aprovaci\u00f3 de l&#8217;acta del Ple ordinari del 15 de juny<\/span><br \/>\n<span style=\"color: #000000;\">2.Aprovaci\u00f3 de l&#8217;acta del Ple extraordin\u00e0ria urgent del 4 d\u2019agost<\/span><br \/>\n<span style=\"color: #000000;\">3.Calendari oficial de festes laborals pel 2021<\/span><br \/>\n<span style=\"color: #000000;\">4.Modificaci\u00f3 de Cr\u00e8dit 2P\/2020 en la modalitat de cr\u00e8dit extraordinari<\/span><br \/>\n<span style=\"color: #000000;\">5.Adhesi\u00f3 a la Mancomunitat Pened\u00e8s Garraf<\/span><br \/>\n<span style=\"color: #000000;\">6.Moci\u00f3 per defensar el futur industrial de la Vegueria Pened\u00e8s presentada pel grup municipal Comprom\u00eds amb la Bisbal<\/span><br \/>\n<span style=\"color: #000000;\">7.Moci\u00f3 per un futur industrial al Baix Pened\u00e8s, presentada pels grups municipals del PSC, ERC-AM i Units\u2013FIC<\/span><\/p>\n<p style=\"text-align: justify;\"><span style=\"color: #000000;\">B) ACTIVITAT DE CONTROL:<\/span><br \/>\n<span style=\"color: #000000;\">8.Donar compte de les l\u00ednies fonamentals del pressupost per a l\u2019exercici 2021<\/span><br \/>\n<span style=\"color: #000000;\">9.Donar compte del per\u00edode mig de pagament 2n trimestre 2020<\/span><br \/>\n<span style=\"color: #000000;\">10.Donar compte de l\u2019execuci\u00f3 pressupost 2n trimestre 2020<\/span><br \/>\n<span style=\"color: #000000;\">11.Donar compte dels acords de la Junta de Govern Local<\/span><br \/>\n<span style=\"color: #000000;\">12.Donar compte dels Decrets d&#8217;Alcaldia<\/span><\/p>\n<p style=\"text-align: justify;\"><span style=\"color: #000000;\">C) PRECS I PREGUNTES<\/span><\/p>\n<p style=\"text-align: justify;\"><span style=\"color: #000000;\">Segons el ROM aprovat al Ple de l\u2019Ajuntament de la Bisbal el 19 de juny de 2017, la ciutadania pot participar en els Plens Ordinaris. Tot seguit us detallem el funcionament d\u2019aquest sup\u00f2sit:<\/span><br \/>\n<span style=\"color: #000000;\">Totes les persones tenen dret a intervenir en les sessions ordin\u00e0ries del Ple en el punt de l\u2019ordre del dia de \u2018Precs i preguntes\u2019, d\u2019acord amb les prescripcions seg\u00fcents:<\/span><br \/>\n<span style=\"color: #000000;\">\u2022 El prec o pregunta s\u2019haur\u00e0 de sol\u2022licitar a l\u2019Alcaldia:<\/span><br \/>\n<span style=\"color: #000000;\">o per escrit i entrar-lo\/a al Registre General com a m\u00e0xim 24 hores abans del Ple Ordinari<\/span><br \/>\n<span style=\"color: #000000;\">o Per Twitter a @BisbalPenedes com a m\u00e0xim 24h abans del Ple Ordinari, complint el protocol d\u2019\u00fas de les xarxes socials i emprant l\u2019etiqueta\u00a0<a class=\"_58cn\" style=\"color: #000000;\" href=\"https:\/\/www.facebook.com\/hashtag\/plebisbalpened%C3%A8s?__eep__=6&amp;source=feed_text&amp;epa=HASHTAG&amp;__xts__%5B0%5D=68.ARD1wXWwwlno0rOKPmoxxgSz89WYH5i8NHgdzmCY3U1GDyNswWNuLJC5R3CyiwZ8glyCklNOgb5D6-ILDBbxPeAhsZdMu8qbfllJN2mwOAG9lPX1POezHU4xpQ6CrtbSOFPuM13bcQDPXDkcT8uMdzLDRgfw5h57ESASLFFbhrUkWoxSN8IheJ2bj9-81sTG3gqQ-wPW1oTv63_qHlpWUiTPav-2exYCEXYInFYQJDcg-f8siVOv1iRTgFStQHuyX1OUlmXnMQEAJGyp0rbWxJ0DXP_c3jiScxjBnW0-ebrftvJ5rcDs6dNS_U1mdQ8lmfvzgSMIsH-xyDrOEt-i4-01nqBm&amp;__tn__=%2ANK-R\" data-ft=\"{&quot;type&quot;:104,&quot;tn&quot;:&quot;*N&quot;}\"><span class=\"_5afx\"><span class=\"_58cl _5afz\">#<\/span><span class=\"_58cm\">PleBisbalPened\u00e8s<\/span><\/span><\/a>, seguit del prec o pregunta<\/span><br \/>\n<span style=\"color: #000000;\">\u2022 L\u2019assumpte objecte del prec o pregunta haur\u00e0 de ser de compet\u00e8ncia municipal sobre l\u2019acci\u00f3 de govern o estar directament relacionat amb els punts inclosos a l\u2019ordre del dia<\/span><br \/>\n<span style=\"color: #000000;\">\u2022 Cada ciutad\u00e0\/ana pot formular un prec i una pregunta en un mateix Ple. La longitud m\u00e0xima de cada piulada \u00e9s de 140 car\u00e0cters i no es pot continuar la pregunta en un segon \u2018tweet\u2019.<\/span><br \/>\n<span style=\"color: #000000;\">\u2022 L\u2019alcaldia podr\u00e0 no respondre si \u00e9s un assumpte sobre el qual l\u2019Ajuntament no t\u00e9 compet\u00e8ncies o si ja s\u2019ha presentat la mateixa pregunta en una altra sessi\u00f3 plen\u00e0ria en els \u00faltims 6 mesos.<\/span><br \/>\n<span style=\"color: #000000;\">\u2022 L\u2019alcaldia comunicar\u00e0, acabat el termini m\u00e0xim de presentaci\u00f3 de preguntes, a qui vagin dirigides les preguntes o peticions sol\u2022licitades perqu\u00e8 les pugui respondre<\/span><br \/>\n<span style=\"color: #000000;\">\u2022 L\u2019Alcaldia llegir\u00e0 la pregunta en veu alta<\/span><br \/>\n<span style=\"color: #000000;\">\u2022 L\u2019alcaldia o a qui va adre\u00e7ada la pregunta, la respondr\u00e0 en la mateixa sessi\u00f3 del Ple<\/span><\/p>\n<hr \/>\n<p style=\"text-align: justify;\"><span style=\"color: #000000;\"><strong>CASTELLANO |<\/strong> Este mi\u00e9rcoles\u00a0se ha convocado el Pleno ordinario para el pr\u00f3ximo lunes 21 de septiembre a las 19:00h.<\/span><br \/>\n<span style=\"color: #000000;\">El Pleno se celebrar\u00e1 de forma presencial y a puerta cerrada para poder garantizar todas las medidas de prevenci\u00f3n de contagios por la Covid-19. Posteriormente se podr\u00e1 ver la grabaci\u00f3n en Youtube.<\/span><\/p>\n<p style=\"text-align: justify;\"><span style=\"color: #000000;\">Este es el orden del d\u00eda:<\/span><\/p>\n<p style=\"text-align: justify;\"><span style=\"color: #000000;\">A) PARTE RESOLUTIVA:<\/span><br \/>\n<span style=\"color: #000000;\">1.Aprobaci\u00f3n del acta de Pleno ordinario de 15 de junio<\/span><br \/>\n<span style=\"color: #000000;\">2.Aprobaci\u00f3n del acta de Pleno extraordinario urgente de 4 de agosto<\/span><br \/>\n<span style=\"color: #000000;\">3.Calendario oficial de fiestas laborales para 2021<\/span><br \/>\n<span style=\"color: #000000;\">4.Modificaci\u00f3n de Cr\u00e9dito 2P\/2020 en la modalidad de cr\u00e9dito extraordinario<\/span><br \/>\n<span style=\"color: #000000;\">5.Adhesi\u00f3n a la Mancomunitat Pened\u00e8s Garraf<\/span><br \/>\n<span style=\"color: #000000;\">6.Moci\u00f3n para defender el futuro industrial de la Vegueria Pened\u00e8s presentada por el grupo municipal Comprom\u00eds amb la Bisbal<\/span><br \/>\n<span style=\"color: #000000;\">7.Moci\u00f3n para un futuro industrial en el Baix Pened\u00e8s, presentada por los grupos municipales de PSC, ERC-AM y Units per la Bisbal\u2013FIC<\/span><\/p>\n<p style=\"text-align: justify;\"><span style=\"color: #000000;\">B) ACTIVIDAD DE CONTROL:<\/span><br \/>\n<span style=\"color: #000000;\">8.Dar cuenta de las l\u00edneas fundamentales del presupuesto para el ejercicio 2021<\/span><br \/>\n<span style=\"color: #000000;\">9.Dar cuenta del periodo medio de pago 2\u00ba trimestre 2020<\/span><br \/>\n<span style=\"color: #000000;\">10.Dar cuenta de la ejecuci\u00f3n presupuesto 2\u00ba trimestre 2020<\/span><br \/>\n<span style=\"color: #000000;\">11.Dar cuenta de los acuerdos de la Junta de Gobierno Local<\/span><br \/>\n<span style=\"color: #000000;\">12.Dar cuenta de los Decretos de Alcald\u00eda<\/span><\/p>\n<p style=\"text-align: justify;\"><span style=\"color: #000000;\">C) RUEGOS Y PREGUNTAS<\/span><\/p>\n<p style=\"text-align: justify;\"><span style=\"color: #000000;\">Seg\u00fan el ROM aprobado en el Pleno del Ayuntamiento de la Bisbal del Pened\u00e8s el pasado 19 de junio del 2017, la ciudadan\u00eda puede participar en los Plenos Ordinarios. A continuaci\u00f3n os detallamos el funcionamiento de este supuesto:<\/span><br \/>\n<span style=\"color: #000000;\">Todas las personas tienen derecho a intervenir en las sesiones ordinarias del Pleno en el punto de la orden del d\u00eda de \u2018Ruegos y preguntas\u2019, de acuerdo con las prescripciones siguientes:<\/span><br \/>\n<span style=\"color: #000000;\">\u2022 El ruego o pregunta deber\u00e1 solicitarse a Alcald\u00eda:<\/span><br \/>\n<span style=\"color: #000000;\">o Por escrito y entrarlo\/la por escrito como m\u00e1ximo 24 horas antes del Pleno Ordinario<\/span><br \/>\n<span style=\"color: #000000;\">o Por Twitter en @BisbalPenedes como m\u00e1ximo 24h antes del Pleno Ordinario, cumpliendo el protocolo de uso de las redes sociales con el formato\u00a0<a class=\"_58cn\" style=\"color: #000000;\" href=\"https:\/\/www.facebook.com\/hashtag\/plebisbalpened%C3%A8s?__eep__=6&amp;source=feed_text&amp;epa=HASHTAG&amp;__xts__%5B0%5D=68.ARD1wXWwwlno0rOKPmoxxgSz89WYH5i8NHgdzmCY3U1GDyNswWNuLJC5R3CyiwZ8glyCklNOgb5D6-ILDBbxPeAhsZdMu8qbfllJN2mwOAG9lPX1POezHU4xpQ6CrtbSOFPuM13bcQDPXDkcT8uMdzLDRgfw5h57ESASLFFbhrUkWoxSN8IheJ2bj9-81sTG3gqQ-wPW1oTv63_qHlpWUiTPav-2exYCEXYInFYQJDcg-f8siVOv1iRTgFStQHuyX1OUlmXnMQEAJGyp0rbWxJ0DXP_c3jiScxjBnW0-ebrftvJ5rcDs6dNS_U1mdQ8lmfvzgSMIsH-xyDrOEt-i4-01nqBm&amp;__tn__=%2ANK-R\" data-ft=\"{&quot;type&quot;:104,&quot;tn&quot;:&quot;*N&quot;}\"><span class=\"_5afx\"><span class=\"_58cl _5afz\">#<\/span><span class=\"_58cm\">PleBisbalPened\u00e8s<\/span><\/span><\/a>, seguido del ruego o pregunta.<\/span><br \/>\n<span style=\"color: #000000;\">\u2022 El asunto objeto del ruego o pregunta deber\u00e1 ser de competencia municipal sobre la acci\u00f3n de gobierno o estar directamente relacionado con los puntos incluidos en el orden del d\u00eda<\/span><br \/>\n<span style=\"color: #000000;\">\u2022 Cada ciudadano\/na puede formular un ruego y una pregunta en un mismo Pleno. La longitud m\u00e1xima de cada tweet es de 140 caracteres y no se puede continuar la pregunta con un segundo \u2018tweet.<\/span><br \/>\n<span style=\"color: #000000;\">\u2022 Alcald\u00eda podr\u00e1 no responder si es un asunto sobre el cual el Ayuntamiento no tiene competencias o si ya se ha presentado la misma pregunta en otra sesi\u00f3n plenaria de los \u00faltimos 6 meses.<\/span><br \/>\n<span style=\"color: #000000;\">\u2022 Alcald\u00eda comunicar\u00e1, terminado el plazo m\u00e1ximo de presentaci\u00f3n de preguntas, a quien vayan dirigidas las preguntas o peticiones solicitadas para que las pueda responder<\/span><br \/>\n<span style=\"color: #000000;\">\u2022 Alcald\u00eda leer\u00e1 la pregunta en voz alta<\/span><br \/>\n<span style=\"color: #000000;\">\u2022 Alcald\u00eda o a quien vaya dirigida la pregunta, la responder\u00e1 en la misma sesi\u00f3n del Pleno<\/span><\/p>\n","protected":false},"excerpt":{"rendered":"<p>Aquest dimecres\u00a0s\u2019ha convocat el Ple ordinari pel proper dilluns 21 de setembre a les 19:00h. El ple se celebrar\u00e0 de forma presencial i a porta tancada per poder garantir totes &hellip; <a href=\"https:\/\/bisbalpenedes.com\/web\/2020\/09\/17\/el-proper-dilluns-21-de-setembre-a-les-19h-tindra-lloc-el-ple-ordinari-de-lajuntament-de-la-bisbal-del-penedes\/\" class=\"more-link\">Read More<\/a><\/p>\n","protected":false},"author":4,"featured_media":8717,"comment_status":"closed","ping_status":"closed","sticky":false,"template":"","format":"standard","meta":[],"categories":[8,2250],"tags":[1896,139,249,2719],"_links":{"self":[{"href":"https:\/\/bisbalpenedes.com\/web\/wp-json\/wp\/v2\/posts\/14649"}],"collection":[{"href":"https:\/\/bisbalpenedes.com\/web\/wp-json\/wp\/v2\/posts"}],"about":[{"href":"https:\/\/bisbalpenedes.com\/web\/wp-json\/wp\/v2\/types\/post"}],"author":[{"embeddable":true,"href":"https:\/\/bisbalpenedes.com\/web\/wp-json\/wp\/v2\/users\/4"}],"replies":[{"embeddable":true,"href":"https:\/\/bisbalpenedes.com\/web\/wp-json\/wp\/v2\/comments?post=14649"}],"version-history":[{"count":2,"href":"https:\/\/bisbalpenedes.com\/web\/wp-json\/wp\/v2\/posts\/14649\/revisions"}],"predecessor-version":[{"id":14651,"href":"https:\/\/bisbalpenedes.com\/web\/wp-json\/wp\/v2\/posts\/14649\/revisions\/14651"}],"wp:featuredmedia":[{"embeddable":true,"href":"https:\/\/bisbalpenedes.com\/web\/wp-json\/wp\/v2\/media\/8717"}],"wp:attachment":[{"href":"https:\/\/bisbalpenedes.com\/web\/wp-json\/wp\/v2\/media?parent=14649"}],"wp:term":[{"taxonomy":"category","embeddable":true,"href":"https:\/\/bisbalpenedes.com\/web\/wp-json\/wp\/v2\/categories?post=14649"},{"taxonomy":"post_tag","embeddable":true,"href":"https:\/\/bisbalpenedes.com\/web\/wp-json\/wp\/v2\/tags?post=14649"}],"curies":[{"name":"wp","href":"https:\/\/api.w.org\/{rel}","templated":true}]}}