{"id":14636,"date":"2020-09-14T08:13:37","date_gmt":"2020-09-14T06:13:37","guid":{"rendered":"http:\/\/bisbalpenedes.com\/web\/?p=14636"},"modified":"2020-09-14T08:36:22","modified_gmt":"2020-09-14T06:36:22","slug":"que-hem-de-tenir-en-compte-a-lhora-de-tornar-a-lescola","status":"publish","type":"post","link":"https:\/\/bisbalpenedes.com\/web\/2020\/09\/14\/que-hem-de-tenir-en-compte-a-lhora-de-tornar-a-lescola\/","title":{"rendered":"Qu\u00e8 hem de tenir en compte a l&#8217;hora de tornar a l&#8217;escola?"},"content":{"rendered":"<p><a href=\"http:\/\/bisbalpenedes.com\/web\/wp-content\/uploads\/2020\/09\/7049C37D-8180-4C24-9FCC-EDF7DAD86213.jpeg\"><img loading=\"lazy\" class=\"aligncenter size-full wp-image-14644\" src=\"http:\/\/bisbalpenedes.com\/web\/wp-content\/uploads\/2020\/09\/7049C37D-8180-4C24-9FCC-EDF7DAD86213.jpeg\" alt=\"7049C37D-8180-4C24-9FCC-EDF7DAD86213\" width=\"1241\" height=\"1754\" srcset=\"https:\/\/bisbalpenedes.com\/web\/wp-content\/uploads\/2020\/09\/7049C37D-8180-4C24-9FCC-EDF7DAD86213.jpeg 1241w, https:\/\/bisbalpenedes.com\/web\/wp-content\/uploads\/2020\/09\/7049C37D-8180-4C24-9FCC-EDF7DAD86213-600x848.jpeg 600w, https:\/\/bisbalpenedes.com\/web\/wp-content\/uploads\/2020\/09\/7049C37D-8180-4C24-9FCC-EDF7DAD86213-212x300.jpeg 212w, https:\/\/bisbalpenedes.com\/web\/wp-content\/uploads\/2020\/09\/7049C37D-8180-4C24-9FCC-EDF7DAD86213-768x1085.jpeg 768w, https:\/\/bisbalpenedes.com\/web\/wp-content\/uploads\/2020\/09\/7049C37D-8180-4C24-9FCC-EDF7DAD86213-725x1024.jpeg 725w\" sizes=\"(max-width: 1241px) 100vw, 1241px\" \/><\/a><\/p>\n<p><span style=\"color: #000000;\">Qu\u00e8 hem de tenir en compte a l&#8217;hora de tornar a l&#8217;escola?<\/span><\/p>\n<p><span style=\"color: #000000;\">-\u00das obligatori de la mascareta a partir dels 6 anys<\/span><\/p>\n<p><span style=\"color: #000000;\">-No accediu al centre amb febre o s\u00edmptomes de COVID19<\/span><\/p>\n<p><span style=\"color: #000000;\">-Renteu-vos sovint les mans<\/span><\/p>\n<p><a href=\"https:\/\/canalsalut.gencat.cat\/web\/.content\/_A-Z\/C\/coronavirus-2019-ncov\/material-divulgatiu\/cartells-escola.pdf\" target=\"_blank\">https:\/\/canalsalut.gencat.cat\/web\/.content\/_A-Z\/C\/coronavirus-2019-ncov\/material-divulgatiu\/cartells-escola.pdf<\/a><\/p>\n<hr \/>\n<p><span style=\"color: #000000;\"><b>CASTELLANO<\/b> | \u00bfQu\u00e9 hemos de tener en cuenta a la hora de volver al colegio?<\/span><\/p>\n<p><span style=\"color: #000000;\">-Uso de la mascarilla a partir de los 6 a\u00f1os<\/span><\/p>\n<p><span style=\"color: #000000;\">-No acced\u00e1is al centro con fiebre o s\u00edntomas de COVID-19<\/span><\/p>\n<p><span style=\"color: #000000;\">-Lavaos las manos a menudo<\/span><\/p>\n<p><span style=\"color: #000000;\">M\u00e1s informaci\u00f3n:<\/span> <a href=\"https:\/\/canalsalut.gencat.cat\/web\/.content\/_A-Z\/C\/coronavirus-2019-ncov\/material-divulgatiu\/cartells-escola.pdf\" target=\"_blank\">https:\/\/canalsalut.gencat.cat\/web\/.content\/_A-Z\/C\/coronavirus-2019-ncov\/material-divulgatiu\/cartells-escola.pdf<\/a><\/p>\n<p><a href=\"http:\/\/bisbalpenedes.com\/web\/wp-content\/uploads\/2020\/09\/2A9A6B32-503F-490E-833A-CB67C38034DC.jpeg\"><img loading=\"lazy\" class=\"aligncenter size-full wp-image-14637\" src=\"http:\/\/bisbalpenedes.com\/web\/wp-content\/uploads\/2020\/09\/2A9A6B32-503F-490E-833A-CB67C38034DC.jpeg\" alt=\"2A9A6B32-503F-490E-833A-CB67C38034DC\" width=\"1280\" height=\"906\" srcset=\"https:\/\/bisbalpenedes.com\/web\/wp-content\/uploads\/2020\/09\/2A9A6B32-503F-490E-833A-CB67C38034DC.jpeg 1280w, https:\/\/bisbalpenedes.com\/web\/wp-content\/uploads\/2020\/09\/2A9A6B32-503F-490E-833A-CB67C38034DC-600x425.jpeg 600w, https:\/\/bisbalpenedes.com\/web\/wp-content\/uploads\/2020\/09\/2A9A6B32-503F-490E-833A-CB67C38034DC-300x212.jpeg 300w, https:\/\/bisbalpenedes.com\/web\/wp-content\/uploads\/2020\/09\/2A9A6B32-503F-490E-833A-CB67C38034DC-768x544.jpeg 768w, https:\/\/bisbalpenedes.com\/web\/wp-content\/uploads\/2020\/09\/2A9A6B32-503F-490E-833A-CB67C38034DC-1024x725.jpeg 1024w\" sizes=\"(max-width: 1280px) 100vw, 1280px\" \/><\/a> <a href=\"http:\/\/bisbalpenedes.com\/web\/wp-content\/uploads\/2020\/09\/E923B559-A889-490C-8E96-76B049F63017.jpeg\"><img loading=\"lazy\" class=\"aligncenter size-full wp-image-14638\" src=\"http:\/\/bisbalpenedes.com\/web\/wp-content\/uploads\/2020\/09\/E923B559-A889-490C-8E96-76B049F63017.jpeg\" alt=\"E923B559-A889-490C-8E96-76B049F63017\" width=\"1280\" height=\"905\" srcset=\"https:\/\/bisbalpenedes.com\/web\/wp-content\/uploads\/2020\/09\/E923B559-A889-490C-8E96-76B049F63017.jpeg 1280w, https:\/\/bisbalpenedes.com\/web\/wp-content\/uploads\/2020\/09\/E923B559-A889-490C-8E96-76B049F63017-600x424.jpeg 600w, https:\/\/bisbalpenedes.com\/web\/wp-content\/uploads\/2020\/09\/E923B559-A889-490C-8E96-76B049F63017-300x212.jpeg 300w, https:\/\/bisbalpenedes.com\/web\/wp-content\/uploads\/2020\/09\/E923B559-A889-490C-8E96-76B049F63017-768x543.jpeg 768w, https:\/\/bisbalpenedes.com\/web\/wp-content\/uploads\/2020\/09\/E923B559-A889-490C-8E96-76B049F63017-1024x724.jpeg 1024w\" sizes=\"(max-width: 1280px) 100vw, 1280px\" \/><\/a><\/p>\n<p><a href=\"http:\/\/bisbalpenedes.com\/web\/wp-content\/uploads\/2020\/09\/E700E7AE-3914-447D-8206-E5CA84807230.jpeg\"><br \/>\n<\/a> <a href=\"http:\/\/bisbalpenedes.com\/web\/wp-content\/uploads\/2020\/09\/4C730A2D-03EF-4D6F-8960-E2AC65F18126.jpeg\"><img loading=\"lazy\" class=\"aligncenter size-full wp-image-14640\" src=\"http:\/\/bisbalpenedes.com\/web\/wp-content\/uploads\/2020\/09\/4C730A2D-03EF-4D6F-8960-E2AC65F18126.jpeg\" alt=\"4C730A2D-03EF-4D6F-8960-E2AC65F18126\" width=\"1280\" height=\"905\" srcset=\"https:\/\/bisbalpenedes.com\/web\/wp-content\/uploads\/2020\/09\/4C730A2D-03EF-4D6F-8960-E2AC65F18126.jpeg 1280w, https:\/\/bisbalpenedes.com\/web\/wp-content\/uploads\/2020\/09\/4C730A2D-03EF-4D6F-8960-E2AC65F18126-600x424.jpeg 600w, https:\/\/bisbalpenedes.com\/web\/wp-content\/uploads\/2020\/09\/4C730A2D-03EF-4D6F-8960-E2AC65F18126-300x212.jpeg 300w, https:\/\/bisbalpenedes.com\/web\/wp-content\/uploads\/2020\/09\/4C730A2D-03EF-4D6F-8960-E2AC65F18126-768x543.jpeg 768w, https:\/\/bisbalpenedes.com\/web\/wp-content\/uploads\/2020\/09\/4C730A2D-03EF-4D6F-8960-E2AC65F18126-1024x724.jpeg 1024w\" sizes=\"(max-width: 1280px) 100vw, 1280px\" \/><\/a><\/p>\n","protected":false},"excerpt":{"rendered":"<p>Qu\u00e8 hem de tenir en compte a l&#8217;hora de tornar a l&#8217;escola? -\u00das obligatori de la mascareta a partir dels 6 anys -No accediu al centre amb febre o s\u00edmptomes &hellip; <a href=\"https:\/\/bisbalpenedes.com\/web\/2020\/09\/14\/que-hem-de-tenir-en-compte-a-lhora-de-tornar-a-lescola\/\" class=\"more-link\">Read More<\/a><\/p>\n","protected":false},"author":4,"featured_media":14640,"comment_status":"closed","ping_status":"closed","sticky":false,"template":"","format":"standard","meta":[],"categories":[16,8],"tags":[274,862,82],"_links":{"self":[{"href":"https:\/\/bisbalpenedes.com\/web\/wp-json\/wp\/v2\/posts\/14636"}],"collection":[{"href":"https:\/\/bisbalpenedes.com\/web\/wp-json\/wp\/v2\/posts"}],"about":[{"href":"https:\/\/bisbalpenedes.com\/web\/wp-json\/wp\/v2\/types\/post"}],"author":[{"embeddable":true,"href":"https:\/\/bisbalpenedes.com\/web\/wp-json\/wp\/v2\/users\/4"}],"replies":[{"embeddable":true,"href":"https:\/\/bisbalpenedes.com\/web\/wp-json\/wp\/v2\/comments?post=14636"}],"version-history":[{"count":4,"href":"https:\/\/bisbalpenedes.com\/web\/wp-json\/wp\/v2\/posts\/14636\/revisions"}],"predecessor-version":[{"id":14645,"href":"https:\/\/bisbalpenedes.com\/web\/wp-json\/wp\/v2\/posts\/14636\/revisions\/14645"}],"wp:featuredmedia":[{"embeddable":true,"href":"https:\/\/bisbalpenedes.com\/web\/wp-json\/wp\/v2\/media\/14640"}],"wp:attachment":[{"href":"https:\/\/bisbalpenedes.com\/web\/wp-json\/wp\/v2\/media?parent=14636"}],"wp:term":[{"taxonomy":"category","embeddable":true,"href":"https:\/\/bisbalpenedes.com\/web\/wp-json\/wp\/v2\/categories?post=14636"},{"taxonomy":"post_tag","embeddable":true,"href":"https:\/\/bisbalpenedes.com\/web\/wp-json\/wp\/v2\/tags?post=14636"}],"curies":[{"name":"wp","href":"https:\/\/api.w.org\/{rel}","templated":true}]}}