{"id":14631,"date":"2020-09-11T17:12:43","date_gmt":"2020-09-11T15:12:43","guid":{"rendered":"http:\/\/bisbalpenedes.com\/web\/?p=14631"},"modified":"2020-09-11T17:13:02","modified_gmt":"2020-09-11T15:13:02","slug":"ajornat-lespectacle-del-diumenge-13-de-setembre-amb-el-quim-masferrer","status":"publish","type":"post","link":"https:\/\/bisbalpenedes.com\/web\/2020\/09\/11\/ajornat-lespectacle-del-diumenge-13-de-setembre-amb-el-quim-masferrer\/","title":{"rendered":"Ajornat l&#8217;espectacle del diumenge 13 de setembre amb el Quim Masferrer"},"content":{"rendered":"<p style=\"text-align: justify;\">Per motius aliens a l&#8217;Ajuntament de la Bisbal del Pened\u00e8s l&#8217;espectacle itinerant del Quim Masferrer que s&#8217;havia de dur a terme el pr\u00f2xim diumenge 13 de setembre queda ajornat. Es far\u00e0 el diumenge 4 d&#8217;octubre a les 12h. Disculpeu les mol\u00e8sties.<\/p>\n<hr \/>\n<p style=\"text-align: justify;\">Por motivos ajenos al Ayuntamiento de la Bisbal del Pened\u00e8s el espect\u00e1culo itinerante de Quim Masferrer que se ten\u00eda que llevar a cabo el pr\u00f3ximo domingo 13 de septiembre queda aplazado. Se har\u00e1 el domingo 4 de octubre a las 12h. Disculpad las molestias.<\/p>\n<p><a href=\"http:\/\/bisbalpenedes.com\/web\/wp-content\/uploads\/2020\/09\/470F6656-4F4E-4D2D-8268-B612736009CD.jpeg\"><img loading=\"lazy\" class=\"aligncenter size-full wp-image-14632\" src=\"http:\/\/bisbalpenedes.com\/web\/wp-content\/uploads\/2020\/09\/470F6656-4F4E-4D2D-8268-B612736009CD.jpeg\" alt=\"470F6656-4F4E-4D2D-8268-B612736009CD\" width=\"1132\" height=\"1600\" srcset=\"https:\/\/bisbalpenedes.com\/web\/wp-content\/uploads\/2020\/09\/470F6656-4F4E-4D2D-8268-B612736009CD.jpeg 1132w, https:\/\/bisbalpenedes.com\/web\/wp-content\/uploads\/2020\/09\/470F6656-4F4E-4D2D-8268-B612736009CD-600x848.jpeg 600w, https:\/\/bisbalpenedes.com\/web\/wp-content\/uploads\/2020\/09\/470F6656-4F4E-4D2D-8268-B612736009CD-212x300.jpeg 212w, https:\/\/bisbalpenedes.com\/web\/wp-content\/uploads\/2020\/09\/470F6656-4F4E-4D2D-8268-B612736009CD-768x1086.jpeg 768w, https:\/\/bisbalpenedes.com\/web\/wp-content\/uploads\/2020\/09\/470F6656-4F4E-4D2D-8268-B612736009CD-724x1024.jpeg 724w\" sizes=\"(max-width: 1132px) 100vw, 1132px\" \/><\/a><\/p>\n","protected":false},"excerpt":{"rendered":"<p>Per motius aliens a l&#8217;Ajuntament de la Bisbal del Pened\u00e8s l&#8217;espectacle itinerant del Quim Masferrer que s&#8217;havia de dur a terme el pr\u00f2xim diumenge 13 de setembre queda ajornat. Es &hellip; <a href=\"https:\/\/bisbalpenedes.com\/web\/2020\/09\/11\/ajornat-lespectacle-del-diumenge-13-de-setembre-amb-el-quim-masferrer\/\" class=\"more-link\">Read More<\/a><\/p>\n","protected":false},"author":4,"featured_media":14632,"comment_status":"closed","ping_status":"closed","sticky":false,"template":"","format":"standard","meta":[],"categories":[13,8],"tags":[],"_links":{"self":[{"href":"https:\/\/bisbalpenedes.com\/web\/wp-json\/wp\/v2\/posts\/14631"}],"collection":[{"href":"https:\/\/bisbalpenedes.com\/web\/wp-json\/wp\/v2\/posts"}],"about":[{"href":"https:\/\/bisbalpenedes.com\/web\/wp-json\/wp\/v2\/types\/post"}],"author":[{"embeddable":true,"href":"https:\/\/bisbalpenedes.com\/web\/wp-json\/wp\/v2\/users\/4"}],"replies":[{"embeddable":true,"href":"https:\/\/bisbalpenedes.com\/web\/wp-json\/wp\/v2\/comments?post=14631"}],"version-history":[{"count":2,"href":"https:\/\/bisbalpenedes.com\/web\/wp-json\/wp\/v2\/posts\/14631\/revisions"}],"predecessor-version":[{"id":14634,"href":"https:\/\/bisbalpenedes.com\/web\/wp-json\/wp\/v2\/posts\/14631\/revisions\/14634"}],"wp:featuredmedia":[{"embeddable":true,"href":"https:\/\/bisbalpenedes.com\/web\/wp-json\/wp\/v2\/media\/14632"}],"wp:attachment":[{"href":"https:\/\/bisbalpenedes.com\/web\/wp-json\/wp\/v2\/media?parent=14631"}],"wp:term":[{"taxonomy":"category","embeddable":true,"href":"https:\/\/bisbalpenedes.com\/web\/wp-json\/wp\/v2\/categories?post=14631"},{"taxonomy":"post_tag","embeddable":true,"href":"https:\/\/bisbalpenedes.com\/web\/wp-json\/wp\/v2\/tags?post=14631"}],"curies":[{"name":"wp","href":"https:\/\/api.w.org\/{rel}","templated":true}]}}