{"id":14618,"date":"2020-09-10T11:13:14","date_gmt":"2020-09-10T09:13:14","guid":{"rendered":"http:\/\/bisbalpenedes.com\/web\/?p=14618"},"modified":"2020-09-10T11:13:14","modified_gmt":"2020-09-10T09:13:14","slug":"el-ple-ordinari-del-21-de-setembre-votara-una-mocio-de-lacm-per-evitar-que-els-romanents-de-tresoreria-dels-ajuntaments-vagin-a-parar-a-lestat","status":"publish","type":"post","link":"https:\/\/bisbalpenedes.com\/web\/2020\/09\/10\/el-ple-ordinari-del-21-de-setembre-votara-una-mocio-de-lacm-per-evitar-que-els-romanents-de-tresoreria-dels-ajuntaments-vagin-a-parar-a-lestat\/","title":{"rendered":"El Ple ordinari del 21 de setembre votar\u00e0 una moci\u00f3 de l\u2019ACM per \u201cevitar que els romanents de tresoreria dels ajuntaments vagin a parar a l\u2019estat\u201d"},"content":{"rendered":"<p style=\"text-align: justify;\"><span style=\"color: #000000;\"><strong>El Ple ordinari del 21 de setembre votar\u00e0 una moci\u00f3 de l\u2019ACM per \u201cevitar que els romanents de tresoreria dels ajuntaments vagin a parar a l\u2019estat\u201d<\/strong><\/span><\/p>\n<p style=\"text-align: justify;\"><span style=\"color: #000000;\">Els sis membres de l\u2019Equip de Govern (Comprom\u00eds amb la Bisbal) han signat la \u201cMoci\u00f3 per la sufici\u00e8ncia financera dels ens locals\u201d i l\u2019han fet arribar als regidors de l\u2019oposici\u00f3 (PSC, Units per la Bisbal-FIC, Ara la Bisbal i ERC-AM) perqu\u00e8, si ho consideren oport\u00fa, passin per l\u2019Ajuntament a signar-la fins al dimarts. Aquesta moci\u00f3, a m\u00e9s, es votar\u00e0 al Ple ordinari del 21 de setembre. L\u2019alcaldessa de la Bisbal del Pened\u00e8s, Agn\u00e8s Ferr\u00e9, ha explicat que \u201ces tracta d\u2019una moci\u00f3 redactada des de l\u2019Associaci\u00f3 Catalana de Municipis i no \u00e9s de partit ni de pa\u00eds, sin\u00f3 adre\u00e7ada als municipis. Es tracta d\u2019una moci\u00f3 per evitar que els romanents de tresoreria dels ajuntaments vagin a parar a l\u2019estat, com si fos un pr\u00e9stec, ja que aquests diners, que en el cas de la Bisbal s\u00f3n 206.983\u20ac, s\u00f3n de tots els bisbalencs i les bisbalenques i creiem que s\u2019han de quedar aqu\u00ed per destinar-los al municipi\u201d.<\/span><\/p>\n<p style=\"text-align: justify;\"><span style=\"color: #000000;\">Aquesta \u00e9s la moci\u00f3 que s\u2019ha fet arribar a tots els grups pol\u00edtics amb representaci\u00f3 al consistori:\u00a0<a href=\"http:\/\/bisbalpenedes.com\/web\/wp-content\/uploads\/2020\/09\/mociO-ACM-suficiEncia-financera-ens-locals.pdf\">mociO ACM suficiEncia financera ens locals<\/a><\/span><\/p>\n<hr \/>\n<p style=\"text-align: justify;\"><span style=\"color: #000000;\"><strong>CASTELLANO |<\/strong> <strong>El Pleno ordinario del 21 de septiembre votar\u00e1 una moci\u00f3n de la ACM para \u201cevitar que los remanentes de tesorer\u00eda de los ayuntamientos vayan a parar al estado\u201d.<\/strong><\/span><\/p>\n<p style=\"text-align: justify;\"><span style=\"color: #000000;\">Los seis miembros del Equipo de Gobierno (Comprom\u00eds amb la Bisbal) han firmado la \u201cMoci\u00f3n por la suficiencia financiera de los entes locales\u201d y se la han hecho llegar a los concejales de la oposici\u00f3n (PSC, Units per la Bisbal-FIC, Ara la Bisbal y ERC-AM) para que, si lo consideran oportuno, pasen por el Ayuntamiento a firmarla hasta el martes. Esta moci\u00f3n, adem\u00e1s, se votar\u00e1 en el Pleno ordinario del 21 de septiembre. La alcaldesa de la Bisbal del Pened\u00e8s, Agn\u00e8s Ferr\u00e9, ha explicado que \u201cse trata de una moci\u00f3n redactada desde la Associaci\u00f3 Catalana de Municipis y no es de partido ni de pa\u00eds, sino que est\u00e1 dirigida a los municipios. Se trata de una moci\u00f3n para evitar que los remanentes de tesorer\u00eda de los ayuntamientos vayan a parar al estado, como si fuese un pr\u00e9stamo, ya que este dinero , que en el caso de la Bisbal son 206.983\u20ac, \u00a0es de todos los bisbalenses y las bisbalensas y creemos que se tienen que quedara aqu\u00ed para destinarlo al municipio\u201d.<\/span><\/p>\n<p style=\"text-align: justify;\"><span style=\"color: #000000;\">Esta es la moci\u00f3n que se ha hecho llegar a todos los grupos pol\u00edticos con representaci\u00f3n en el consistorio:\u00a0<a href=\"http:\/\/bisbalpenedes.com\/web\/wp-content\/uploads\/2020\/09\/mociO-ACM-suficiEncia-financera-ens-locals.pdf\">mociO ACM suficiEncia financera ens locals<\/a><\/span><\/p>\n","protected":false},"excerpt":{"rendered":"<p>El Ple ordinari del 21 de setembre votar\u00e0 una moci\u00f3 de l\u2019ACM per \u201cevitar que els romanents de tresoreria dels ajuntaments vagin a parar a l\u2019estat\u201d Els sis membres de &hellip; <a href=\"https:\/\/bisbalpenedes.com\/web\/2020\/09\/10\/el-ple-ordinari-del-21-de-setembre-votara-una-mocio-de-lacm-per-evitar-que-els-romanents-de-tresoreria-dels-ajuntaments-vagin-a-parar-a-lestat\/\" class=\"more-link\">Read More<\/a><\/p>\n","protected":false},"author":4,"featured_media":8717,"comment_status":"closed","ping_status":"closed","sticky":false,"template":"","format":"standard","meta":[],"categories":[2152,2250],"tags":[874,243,249,4022],"_links":{"self":[{"href":"https:\/\/bisbalpenedes.com\/web\/wp-json\/wp\/v2\/posts\/14618"}],"collection":[{"href":"https:\/\/bisbalpenedes.com\/web\/wp-json\/wp\/v2\/posts"}],"about":[{"href":"https:\/\/bisbalpenedes.com\/web\/wp-json\/wp\/v2\/types\/post"}],"author":[{"embeddable":true,"href":"https:\/\/bisbalpenedes.com\/web\/wp-json\/wp\/v2\/users\/4"}],"replies":[{"embeddable":true,"href":"https:\/\/bisbalpenedes.com\/web\/wp-json\/wp\/v2\/comments?post=14618"}],"version-history":[{"count":1,"href":"https:\/\/bisbalpenedes.com\/web\/wp-json\/wp\/v2\/posts\/14618\/revisions"}],"predecessor-version":[{"id":14619,"href":"https:\/\/bisbalpenedes.com\/web\/wp-json\/wp\/v2\/posts\/14618\/revisions\/14619"}],"wp:featuredmedia":[{"embeddable":true,"href":"https:\/\/bisbalpenedes.com\/web\/wp-json\/wp\/v2\/media\/8717"}],"wp:attachment":[{"href":"https:\/\/bisbalpenedes.com\/web\/wp-json\/wp\/v2\/media?parent=14618"}],"wp:term":[{"taxonomy":"category","embeddable":true,"href":"https:\/\/bisbalpenedes.com\/web\/wp-json\/wp\/v2\/categories?post=14618"},{"taxonomy":"post_tag","embeddable":true,"href":"https:\/\/bisbalpenedes.com\/web\/wp-json\/wp\/v2\/tags?post=14618"}],"curies":[{"name":"wp","href":"https:\/\/api.w.org\/{rel}","templated":true}]}}