{"id":14607,"date":"2020-09-09T11:29:28","date_gmt":"2020-09-09T09:29:28","guid":{"rendered":"http:\/\/bisbalpenedes.com\/web\/?p=14607"},"modified":"2020-09-09T11:29:28","modified_gmt":"2020-09-09T09:29:28","slug":"avis-per-intensitat-de-pluja-dimecres-9-de-setembre","status":"publish","type":"post","link":"https:\/\/bisbalpenedes.com\/web\/2020\/09\/09\/avis-per-intensitat-de-pluja-dimecres-9-de-setembre\/","title":{"rendered":"Av\u00eds per intensitat de pluja &#8211; Dimecres 9 de setembre"},"content":{"rendered":"<p><span style=\"color: #000000;\">El Servei Meteorol\u00f2gic de Catalunya ha publicat un av\u00eds per intensitat de pluja i tempestes per avui dimecres 9 de setembre. Extremeu les precaucions.<\/span><\/p>\n<hr \/>\n<p><span style=\"color: #000000;\">El Servei Meteorol\u00f2gic de Catalunya ha publicado un aviso por intensidad de lluvia y tormentas para hoy mi\u00e9rcoles 9 de septiembre. Extremad las precauciones.<\/span><\/p>\n<p><a href=\"http:\/\/bisbalpenedes.com\/web\/wp-content\/uploads\/2020\/09\/3BC6DA49-AB12-4FDD-BBF6-F39E3D1CFB5C.jpeg\"><img loading=\"lazy\" class=\"aligncenter size-full wp-image-14608\" src=\"http:\/\/bisbalpenedes.com\/web\/wp-content\/uploads\/2020\/09\/3BC6DA49-AB12-4FDD-BBF6-F39E3D1CFB5C.jpeg\" alt=\"3BC6DA49-AB12-4FDD-BBF6-F39E3D1CFB5C\" width=\"828\" height=\"828\" srcset=\"https:\/\/bisbalpenedes.com\/web\/wp-content\/uploads\/2020\/09\/3BC6DA49-AB12-4FDD-BBF6-F39E3D1CFB5C.jpeg 828w, https:\/\/bisbalpenedes.com\/web\/wp-content\/uploads\/2020\/09\/3BC6DA49-AB12-4FDD-BBF6-F39E3D1CFB5C-300x300.jpeg 300w, https:\/\/bisbalpenedes.com\/web\/wp-content\/uploads\/2020\/09\/3BC6DA49-AB12-4FDD-BBF6-F39E3D1CFB5C-100x100.jpeg 100w, https:\/\/bisbalpenedes.com\/web\/wp-content\/uploads\/2020\/09\/3BC6DA49-AB12-4FDD-BBF6-F39E3D1CFB5C-600x600.jpeg 600w, https:\/\/bisbalpenedes.com\/web\/wp-content\/uploads\/2020\/09\/3BC6DA49-AB12-4FDD-BBF6-F39E3D1CFB5C-150x150.jpeg 150w, https:\/\/bisbalpenedes.com\/web\/wp-content\/uploads\/2020\/09\/3BC6DA49-AB12-4FDD-BBF6-F39E3D1CFB5C-768x768.jpeg 768w\" sizes=\"(max-width: 828px) 100vw, 828px\" \/><\/a><\/p>\n","protected":false},"excerpt":{"rendered":"<p>El Servei Meteorol\u00f2gic de Catalunya ha publicat un av\u00eds per intensitat de pluja i tempestes per avui dimecres 9 de setembre. Extremeu les precaucions. El Servei Meteorol\u00f2gic de Catalunya ha &hellip; <a href=\"https:\/\/bisbalpenedes.com\/web\/2020\/09\/09\/avis-per-intensitat-de-pluja-dimecres-9-de-setembre\/\" class=\"more-link\">Read More<\/a><\/p>\n","protected":false},"author":4,"featured_media":14608,"comment_status":"closed","ping_status":"closed","sticky":false,"template":"","format":"standard","meta":[],"categories":[2543,8],"tags":[],"_links":{"self":[{"href":"https:\/\/bisbalpenedes.com\/web\/wp-json\/wp\/v2\/posts\/14607"}],"collection":[{"href":"https:\/\/bisbalpenedes.com\/web\/wp-json\/wp\/v2\/posts"}],"about":[{"href":"https:\/\/bisbalpenedes.com\/web\/wp-json\/wp\/v2\/types\/post"}],"author":[{"embeddable":true,"href":"https:\/\/bisbalpenedes.com\/web\/wp-json\/wp\/v2\/users\/4"}],"replies":[{"embeddable":true,"href":"https:\/\/bisbalpenedes.com\/web\/wp-json\/wp\/v2\/comments?post=14607"}],"version-history":[{"count":1,"href":"https:\/\/bisbalpenedes.com\/web\/wp-json\/wp\/v2\/posts\/14607\/revisions"}],"predecessor-version":[{"id":14609,"href":"https:\/\/bisbalpenedes.com\/web\/wp-json\/wp\/v2\/posts\/14607\/revisions\/14609"}],"wp:featuredmedia":[{"embeddable":true,"href":"https:\/\/bisbalpenedes.com\/web\/wp-json\/wp\/v2\/media\/14608"}],"wp:attachment":[{"href":"https:\/\/bisbalpenedes.com\/web\/wp-json\/wp\/v2\/media?parent=14607"}],"wp:term":[{"taxonomy":"category","embeddable":true,"href":"https:\/\/bisbalpenedes.com\/web\/wp-json\/wp\/v2\/categories?post=14607"},{"taxonomy":"post_tag","embeddable":true,"href":"https:\/\/bisbalpenedes.com\/web\/wp-json\/wp\/v2\/tags?post=14607"}],"curies":[{"name":"wp","href":"https:\/\/api.w.org\/{rel}","templated":true}]}}