{"id":14597,"date":"2020-09-08T11:54:42","date_gmt":"2020-09-08T09:54:42","guid":{"rendered":"http:\/\/bisbalpenedes.com\/web\/?p=14597"},"modified":"2020-09-08T19:19:32","modified_gmt":"2020-09-08T17:19:32","slug":"avis-per-pluja-per-al-dimarts-8-i-el-dimecres-9-de-setembre","status":"publish","type":"post","link":"https:\/\/bisbalpenedes.com\/web\/2020\/09\/08\/avis-per-pluja-per-al-dimarts-8-i-el-dimecres-9-de-setembre\/","title":{"rendered":"ACTUALITZADA 8\/9\/20 a les 18h-Av\u00eds per pluja per al dimarts 8 i el dimecres 9 de setembre"},"content":{"rendered":"<p>ACTUALITZACI\u00d3 18h del 8\/9\/20<\/p>\n<p>El Servei Meteorol\u00f2gic de Catalunya ha publicat un av\u00eds per intensitat de pluja i tempestes per al dimarts 8 de setembre i per al dimecres 9 de setembre. La matinada del dimarts al dimecres podrien ser molt intenses. Tamb\u00e9 s&#8217;ha em\u00e8s un av\u00eds per vent per al dimecres. Extremeu les precaucions.<\/p>\n<hr \/>\n<p>El Servei Meteorol\u00f2gic de Catalunya ha publicado un aviso por intensidad de lluvia y tormentas para el martes 8 de septiembre y para el mi\u00e9rcoles 9 de septiembre. La madrugada del martes al mi\u00e9rcoles podr\u00edan ser muy intensas. Tambi\u00e9n se ha emitido un aviso por viento para el mi\u00e9rcoles. Extremad las precauciones.<\/p>\n<p><a href=\"http:\/\/bisbalpenedes.com\/web\/wp-content\/uploads\/2020\/09\/06499033-6BEE-47CE-98D9-15D6D0AF97B6.jpeg\"><img loading=\"lazy\" class=\"aligncenter size-full wp-image-14601\" src=\"http:\/\/bisbalpenedes.com\/web\/wp-content\/uploads\/2020\/09\/06499033-6BEE-47CE-98D9-15D6D0AF97B6.jpeg\" alt=\"06499033-6BEE-47CE-98D9-15D6D0AF97B6\" width=\"828\" height=\"828\" srcset=\"https:\/\/bisbalpenedes.com\/web\/wp-content\/uploads\/2020\/09\/06499033-6BEE-47CE-98D9-15D6D0AF97B6.jpeg 828w, https:\/\/bisbalpenedes.com\/web\/wp-content\/uploads\/2020\/09\/06499033-6BEE-47CE-98D9-15D6D0AF97B6-300x300.jpeg 300w, https:\/\/bisbalpenedes.com\/web\/wp-content\/uploads\/2020\/09\/06499033-6BEE-47CE-98D9-15D6D0AF97B6-100x100.jpeg 100w, https:\/\/bisbalpenedes.com\/web\/wp-content\/uploads\/2020\/09\/06499033-6BEE-47CE-98D9-15D6D0AF97B6-600x600.jpeg 600w, https:\/\/bisbalpenedes.com\/web\/wp-content\/uploads\/2020\/09\/06499033-6BEE-47CE-98D9-15D6D0AF97B6-150x150.jpeg 150w, https:\/\/bisbalpenedes.com\/web\/wp-content\/uploads\/2020\/09\/06499033-6BEE-47CE-98D9-15D6D0AF97B6-768x768.jpeg 768w\" sizes=\"(max-width: 828px) 100vw, 828px\" \/><\/a> <a href=\"http:\/\/bisbalpenedes.com\/web\/wp-content\/uploads\/2020\/09\/5AFDE71A-8BB9-443B-A721-F5F2C007905B.jpeg\"><img loading=\"lazy\" class=\"aligncenter size-full wp-image-14602\" src=\"http:\/\/bisbalpenedes.com\/web\/wp-content\/uploads\/2020\/09\/5AFDE71A-8BB9-443B-A721-F5F2C007905B.jpeg\" alt=\"5AFDE71A-8BB9-443B-A721-F5F2C007905B\" width=\"828\" height=\"828\" srcset=\"https:\/\/bisbalpenedes.com\/web\/wp-content\/uploads\/2020\/09\/5AFDE71A-8BB9-443B-A721-F5F2C007905B.jpeg 828w, https:\/\/bisbalpenedes.com\/web\/wp-content\/uploads\/2020\/09\/5AFDE71A-8BB9-443B-A721-F5F2C007905B-300x300.jpeg 300w, https:\/\/bisbalpenedes.com\/web\/wp-content\/uploads\/2020\/09\/5AFDE71A-8BB9-443B-A721-F5F2C007905B-100x100.jpeg 100w, https:\/\/bisbalpenedes.com\/web\/wp-content\/uploads\/2020\/09\/5AFDE71A-8BB9-443B-A721-F5F2C007905B-600x600.jpeg 600w, https:\/\/bisbalpenedes.com\/web\/wp-content\/uploads\/2020\/09\/5AFDE71A-8BB9-443B-A721-F5F2C007905B-150x150.jpeg 150w, https:\/\/bisbalpenedes.com\/web\/wp-content\/uploads\/2020\/09\/5AFDE71A-8BB9-443B-A721-F5F2C007905B-768x768.jpeg 768w\" sizes=\"(max-width: 828px) 100vw, 828px\" \/><\/a> <a href=\"http:\/\/bisbalpenedes.com\/web\/wp-content\/uploads\/2020\/09\/CC4514DC-557B-477B-AD35-2A3B27678102.jpeg\"><img loading=\"lazy\" class=\"aligncenter size-full wp-image-14603\" src=\"http:\/\/bisbalpenedes.com\/web\/wp-content\/uploads\/2020\/09\/CC4514DC-557B-477B-AD35-2A3B27678102.jpeg\" alt=\"CC4514DC-557B-477B-AD35-2A3B27678102\" width=\"828\" height=\"828\" srcset=\"https:\/\/bisbalpenedes.com\/web\/wp-content\/uploads\/2020\/09\/CC4514DC-557B-477B-AD35-2A3B27678102.jpeg 828w, https:\/\/bisbalpenedes.com\/web\/wp-content\/uploads\/2020\/09\/CC4514DC-557B-477B-AD35-2A3B27678102-300x300.jpeg 300w, https:\/\/bisbalpenedes.com\/web\/wp-content\/uploads\/2020\/09\/CC4514DC-557B-477B-AD35-2A3B27678102-100x100.jpeg 100w, https:\/\/bisbalpenedes.com\/web\/wp-content\/uploads\/2020\/09\/CC4514DC-557B-477B-AD35-2A3B27678102-600x600.jpeg 600w, https:\/\/bisbalpenedes.com\/web\/wp-content\/uploads\/2020\/09\/CC4514DC-557B-477B-AD35-2A3B27678102-150x150.jpeg 150w, https:\/\/bisbalpenedes.com\/web\/wp-content\/uploads\/2020\/09\/CC4514DC-557B-477B-AD35-2A3B27678102-768x768.jpeg 768w\" sizes=\"(max-width: 828px) 100vw, 828px\" \/><\/a><\/p>\n<p><a href=\"http:\/\/bisbalpenedes.com\/web\/wp-content\/uploads\/2020\/08\/INUNCACIONS-I-FORTES-PLUGES.jpg\"><img loading=\"lazy\" class=\"aligncenter size-full wp-image-14478\" src=\"http:\/\/bisbalpenedes.com\/web\/wp-content\/uploads\/2020\/08\/INUNCACIONS-I-FORTES-PLUGES.jpg\" alt=\"INUNCACIONS I FORTES PLUGES\" width=\"713\" height=\"949\" srcset=\"https:\/\/bisbalpenedes.com\/web\/wp-content\/uploads\/2020\/08\/INUNCACIONS-I-FORTES-PLUGES.jpg 713w, https:\/\/bisbalpenedes.com\/web\/wp-content\/uploads\/2020\/08\/INUNCACIONS-I-FORTES-PLUGES-600x799.jpg 600w, https:\/\/bisbalpenedes.com\/web\/wp-content\/uploads\/2020\/08\/INUNCACIONS-I-FORTES-PLUGES-225x300.jpg 225w\" sizes=\"(max-width: 713px) 100vw, 713px\" \/><\/a><br \/>\nEl Servei Meteorol\u00f2gic de Catalunya ha publicat un av\u00eds per intensitat de pluja i tempestes per\u00a0al dimarts 8 de setembre i per al dimecres 9 de setembre.<\/p>\n<hr \/>\n<p>El Servei Meteorol\u00f2gic de Catalunya ha publicado un aviso por intensidad de lluvia y tormentas para el martes 8 de septiembre y para el mi\u00e9rcoles 9 de septiembre.<\/p>\n<p><a href=\"http:\/\/bisbalpenedes.com\/web\/wp-content\/uploads\/2020\/09\/AVIS-PLUJA-8-SETEMBRE-2020.jpeg\"><img loading=\"lazy\" class=\"aligncenter size-full wp-image-14598\" src=\"http:\/\/bisbalpenedes.com\/web\/wp-content\/uploads\/2020\/09\/AVIS-PLUJA-8-SETEMBRE-2020.jpeg\" alt=\"AVIS PLUJA 8 SETEMBRE 2020\" width=\"828\" height=\"828\" srcset=\"https:\/\/bisbalpenedes.com\/web\/wp-content\/uploads\/2020\/09\/AVIS-PLUJA-8-SETEMBRE-2020.jpeg 828w, https:\/\/bisbalpenedes.com\/web\/wp-content\/uploads\/2020\/09\/AVIS-PLUJA-8-SETEMBRE-2020-300x300.jpeg 300w, https:\/\/bisbalpenedes.com\/web\/wp-content\/uploads\/2020\/09\/AVIS-PLUJA-8-SETEMBRE-2020-100x100.jpeg 100w, https:\/\/bisbalpenedes.com\/web\/wp-content\/uploads\/2020\/09\/AVIS-PLUJA-8-SETEMBRE-2020-600x600.jpeg 600w, https:\/\/bisbalpenedes.com\/web\/wp-content\/uploads\/2020\/09\/AVIS-PLUJA-8-SETEMBRE-2020-150x150.jpeg 150w, https:\/\/bisbalpenedes.com\/web\/wp-content\/uploads\/2020\/09\/AVIS-PLUJA-8-SETEMBRE-2020-768x768.jpeg 768w\" sizes=\"(max-width: 828px) 100vw, 828px\" \/><\/a> <a href=\"http:\/\/bisbalpenedes.com\/web\/wp-content\/uploads\/2020\/09\/AVIS-PLUJA-9-SETEMBRE-2020.jpg\"><img loading=\"lazy\" class=\"aligncenter wp-image-14599 size-full\" src=\"http:\/\/bisbalpenedes.com\/web\/wp-content\/uploads\/2020\/09\/AVIS-PLUJA-9-SETEMBRE-2020.jpg\" alt=\"AVIS PLUJA 9 SETEMBRE 2020\" width=\"828\" height=\"828\" srcset=\"https:\/\/bisbalpenedes.com\/web\/wp-content\/uploads\/2020\/09\/AVIS-PLUJA-9-SETEMBRE-2020.jpg 828w, https:\/\/bisbalpenedes.com\/web\/wp-content\/uploads\/2020\/09\/AVIS-PLUJA-9-SETEMBRE-2020-300x300.jpg 300w, https:\/\/bisbalpenedes.com\/web\/wp-content\/uploads\/2020\/09\/AVIS-PLUJA-9-SETEMBRE-2020-100x100.jpg 100w, https:\/\/bisbalpenedes.com\/web\/wp-content\/uploads\/2020\/09\/AVIS-PLUJA-9-SETEMBRE-2020-600x600.jpg 600w, https:\/\/bisbalpenedes.com\/web\/wp-content\/uploads\/2020\/09\/AVIS-PLUJA-9-SETEMBRE-2020-150x150.jpg 150w, https:\/\/bisbalpenedes.com\/web\/wp-content\/uploads\/2020\/09\/AVIS-PLUJA-9-SETEMBRE-2020-768x768.jpg 768w\" sizes=\"(max-width: 828px) 100vw, 828px\" \/><\/a><\/p>\n","protected":false},"excerpt":{"rendered":"<p>ACTUALITZACI\u00d3 18h del 8\/9\/20 El Servei Meteorol\u00f2gic de Catalunya ha publicat un av\u00eds per intensitat de pluja i tempestes per al dimarts 8 de setembre i per al dimecres 9 &hellip; <a href=\"https:\/\/bisbalpenedes.com\/web\/2020\/09\/08\/avis-per-pluja-per-al-dimarts-8-i-el-dimecres-9-de-setembre\/\" class=\"more-link\">Read More<\/a><\/p>\n","protected":false},"author":4,"featured_media":14598,"comment_status":"closed","ping_status":"closed","sticky":false,"template":"","format":"standard","meta":[],"categories":[2543,8],"tags":[129,1188,2474],"_links":{"self":[{"href":"https:\/\/bisbalpenedes.com\/web\/wp-json\/wp\/v2\/posts\/14597"}],"collection":[{"href":"https:\/\/bisbalpenedes.com\/web\/wp-json\/wp\/v2\/posts"}],"about":[{"href":"https:\/\/bisbalpenedes.com\/web\/wp-json\/wp\/v2\/types\/post"}],"author":[{"embeddable":true,"href":"https:\/\/bisbalpenedes.com\/web\/wp-json\/wp\/v2\/users\/4"}],"replies":[{"embeddable":true,"href":"https:\/\/bisbalpenedes.com\/web\/wp-json\/wp\/v2\/comments?post=14597"}],"version-history":[{"count":4,"href":"https:\/\/bisbalpenedes.com\/web\/wp-json\/wp\/v2\/posts\/14597\/revisions"}],"predecessor-version":[{"id":14606,"href":"https:\/\/bisbalpenedes.com\/web\/wp-json\/wp\/v2\/posts\/14597\/revisions\/14606"}],"wp:featuredmedia":[{"embeddable":true,"href":"https:\/\/bisbalpenedes.com\/web\/wp-json\/wp\/v2\/media\/14598"}],"wp:attachment":[{"href":"https:\/\/bisbalpenedes.com\/web\/wp-json\/wp\/v2\/media?parent=14597"}],"wp:term":[{"taxonomy":"category","embeddable":true,"href":"https:\/\/bisbalpenedes.com\/web\/wp-json\/wp\/v2\/categories?post=14597"},{"taxonomy":"post_tag","embeddable":true,"href":"https:\/\/bisbalpenedes.com\/web\/wp-json\/wp\/v2\/tags?post=14597"}],"curies":[{"name":"wp","href":"https:\/\/api.w.org\/{rel}","templated":true}]}}