{"id":14592,"date":"2020-09-08T11:48:55","date_gmt":"2020-09-08T09:48:55","guid":{"rendered":"http:\/\/bisbalpenedes.com\/web\/?p=14592"},"modified":"2020-09-08T11:48:55","modified_gmt":"2020-09-08T09:48:55","slug":"sestan-arranjant-els-carrers-de-santa-cristina-que-presenten-desperfectes-per-les-pluges","status":"publish","type":"post","link":"https:\/\/bisbalpenedes.com\/web\/2020\/09\/08\/sestan-arranjant-els-carrers-de-santa-cristina-que-presenten-desperfectes-per-les-pluges\/","title":{"rendered":"S&#8217;estan arranjant els carrers de Santa Cristina que presenten desperfectes per les pluges"},"content":{"rendered":"<div class=\"\" data-block=\"true\" data-editor=\"5p6e6\" data-offset-key=\"521u5-0-0\">\n<div class=\"_1mf _1mj\" style=\"text-align: justify;\" data-offset-key=\"521u5-0-0\"><span style=\"color: #000000;\" data-offset-key=\"521u5-0-0\">Us informem que aquesta setmana s\u2019estan arranjant els carrers de la Pineda de Santa Cristina que presenten desperfectes i clots grans sense pavimentar a causa dels aiguats. Les actuacions consisteixen en l\u2019estesa de material per anivellar els clots, la seva conservaci\u00f3 i la reparaci\u00f3 dels trencalls provocats per les aig\u00fces pluvials i de compactaci\u00f3.<\/span><\/div>\n<\/div>\n<div class=\"\" style=\"text-align: justify;\" data-block=\"true\" data-editor=\"5p6e6\" data-offset-key=\"ab05j-0-0\">\n<div class=\"_1mf _1mj\" data-offset-key=\"ab05j-0-0\"><span style=\"color: #000000;\" data-offset-key=\"ab05j-0-0\">\u00a0<\/span><\/div>\n<\/div>\n<div class=\"\" style=\"text-align: justify;\" data-block=\"true\" data-editor=\"5p6e6\" data-offset-key=\"190oi-0-0\">\n<div class=\"_1mf _1mj\" data-offset-key=\"190oi-0-0\">\n<hr \/>\n<p><span style=\"color: #000000;\" data-offset-key=\"190oi-0-0\"><br \/>\n<\/span><\/div>\n<\/div>\n<div class=\"\" data-block=\"true\" data-editor=\"5p6e6\" data-offset-key=\"8c9b3-0-0\">\n<div class=\"_1mf _1mj\" style=\"text-align: justify;\" data-offset-key=\"8c9b3-0-0\"><span style=\"color: #000000;\">Os informamos de que esta semana se est\u00e1n arreglando las calles de la Pineda de Santa Cristina que presentan desperfectos y agujeros grandes sin pavimentar a causa de las lluvias. Las actuaciones consisten en el tendido de material para nivelar los hoyos, su conservaci\u00f3n y la reparaci\u00f3n de los desv\u00edos provocados por las aguas pluviales y de compactaci\u00f3n.<\/span><\/div>\n<\/div>\n<div class=\"_1mf _1mj\" style=\"text-align: justify;\" data-offset-key=\"8c9b3-0-0\">\n<div id='gallery-1' class='gallery galleryid-14592 gallery-columns-3 gallery-size-thumbnail'><figure class='gallery-item'>\n\t\t\t<div class='gallery-icon landscape'>\n\t\t\t\t<a href='https:\/\/bisbalpenedes.com\/web\/wp-content\/uploads\/2020\/09\/ARRANJAMENT-CARRERS-STA-CRISTINA-1.jpg'><img width=\"150\" height=\"150\" src=\"https:\/\/bisbalpenedes.com\/web\/wp-content\/uploads\/2020\/09\/ARRANJAMENT-CARRERS-STA-CRISTINA-1-150x150.jpg\" class=\"attachment-thumbnail size-thumbnail\" alt=\"\" loading=\"lazy\" srcset=\"https:\/\/bisbalpenedes.com\/web\/wp-content\/uploads\/2020\/09\/ARRANJAMENT-CARRERS-STA-CRISTINA-1-150x150.jpg 150w, https:\/\/bisbalpenedes.com\/web\/wp-content\/uploads\/2020\/09\/ARRANJAMENT-CARRERS-STA-CRISTINA-1-300x300.jpg 300w, https:\/\/bisbalpenedes.com\/web\/wp-content\/uploads\/2020\/09\/ARRANJAMENT-CARRERS-STA-CRISTINA-1-100x100.jpg 100w\" sizes=\"(max-width: 150px) 100vw, 150px\" \/><\/a>\n\t\t\t<\/div><\/figure><figure class='gallery-item'>\n\t\t\t<div class='gallery-icon landscape'>\n\t\t\t\t<a href='https:\/\/bisbalpenedes.com\/web\/wp-content\/uploads\/2020\/09\/ARRANJAMENT-CARRERS-STA-CRISTINA-2.jpg'><img width=\"150\" height=\"150\" src=\"https:\/\/bisbalpenedes.com\/web\/wp-content\/uploads\/2020\/09\/ARRANJAMENT-CARRERS-STA-CRISTINA-2-150x150.jpg\" class=\"attachment-thumbnail size-thumbnail\" alt=\"\" loading=\"lazy\" srcset=\"https:\/\/bisbalpenedes.com\/web\/wp-content\/uploads\/2020\/09\/ARRANJAMENT-CARRERS-STA-CRISTINA-2-150x150.jpg 150w, https:\/\/bisbalpenedes.com\/web\/wp-content\/uploads\/2020\/09\/ARRANJAMENT-CARRERS-STA-CRISTINA-2-300x300.jpg 300w, https:\/\/bisbalpenedes.com\/web\/wp-content\/uploads\/2020\/09\/ARRANJAMENT-CARRERS-STA-CRISTINA-2-100x100.jpg 100w\" sizes=\"(max-width: 150px) 100vw, 150px\" \/><\/a>\n\t\t\t<\/div><\/figure><figure class='gallery-item'>\n\t\t\t<div class='gallery-icon landscape'>\n\t\t\t\t<a href='https:\/\/bisbalpenedes.com\/web\/wp-content\/uploads\/2020\/09\/ARRANJAMENT-CARRERS-STA-CRISTINA-3.jpg'><img width=\"150\" height=\"150\" src=\"https:\/\/bisbalpenedes.com\/web\/wp-content\/uploads\/2020\/09\/ARRANJAMENT-CARRERS-STA-CRISTINA-3-150x150.jpg\" class=\"attachment-thumbnail size-thumbnail\" alt=\"\" loading=\"lazy\" srcset=\"https:\/\/bisbalpenedes.com\/web\/wp-content\/uploads\/2020\/09\/ARRANJAMENT-CARRERS-STA-CRISTINA-3-150x150.jpg 150w, https:\/\/bisbalpenedes.com\/web\/wp-content\/uploads\/2020\/09\/ARRANJAMENT-CARRERS-STA-CRISTINA-3-300x300.jpg 300w, https:\/\/bisbalpenedes.com\/web\/wp-content\/uploads\/2020\/09\/ARRANJAMENT-CARRERS-STA-CRISTINA-3-100x100.jpg 100w\" sizes=\"(max-width: 150px) 100vw, 150px\" \/><\/a>\n\t\t\t<\/div><\/figure>\n\t\t<\/div>\n\n<\/div>\n","protected":false},"excerpt":{"rendered":"<p>Us informem que aquesta setmana s\u2019estan arranjant els carrers de la Pineda de Santa Cristina que presenten desperfectes i clots grans sense pavimentar a causa dels aiguats. Les actuacions consisteixen &hellip; <a href=\"https:\/\/bisbalpenedes.com\/web\/2020\/09\/08\/sestan-arranjant-els-carrers-de-santa-cristina-que-presenten-desperfectes-per-les-pluges\/\" class=\"more-link\">Read More<\/a><\/p>\n","protected":false},"author":4,"featured_media":14594,"comment_status":"closed","ping_status":"closed","sticky":false,"template":"","format":"standard","meta":[],"categories":[3482,8],"tags":[895,1571,622,623],"_links":{"self":[{"href":"https:\/\/bisbalpenedes.com\/web\/wp-json\/wp\/v2\/posts\/14592"}],"collection":[{"href":"https:\/\/bisbalpenedes.com\/web\/wp-json\/wp\/v2\/posts"}],"about":[{"href":"https:\/\/bisbalpenedes.com\/web\/wp-json\/wp\/v2\/types\/post"}],"author":[{"embeddable":true,"href":"https:\/\/bisbalpenedes.com\/web\/wp-json\/wp\/v2\/users\/4"}],"replies":[{"embeddable":true,"href":"https:\/\/bisbalpenedes.com\/web\/wp-json\/wp\/v2\/comments?post=14592"}],"version-history":[{"count":1,"href":"https:\/\/bisbalpenedes.com\/web\/wp-json\/wp\/v2\/posts\/14592\/revisions"}],"predecessor-version":[{"id":14596,"href":"https:\/\/bisbalpenedes.com\/web\/wp-json\/wp\/v2\/posts\/14592\/revisions\/14596"}],"wp:featuredmedia":[{"embeddable":true,"href":"https:\/\/bisbalpenedes.com\/web\/wp-json\/wp\/v2\/media\/14594"}],"wp:attachment":[{"href":"https:\/\/bisbalpenedes.com\/web\/wp-json\/wp\/v2\/media?parent=14592"}],"wp:term":[{"taxonomy":"category","embeddable":true,"href":"https:\/\/bisbalpenedes.com\/web\/wp-json\/wp\/v2\/categories?post=14592"},{"taxonomy":"post_tag","embeddable":true,"href":"https:\/\/bisbalpenedes.com\/web\/wp-json\/wp\/v2\/tags?post=14592"}],"curies":[{"name":"wp","href":"https:\/\/api.w.org\/{rel}","templated":true}]}}