{"id":14587,"date":"2020-09-07T21:41:05","date_gmt":"2020-09-07T19:41:05","guid":{"rendered":"http:\/\/bisbalpenedes.com\/web\/?p=14587"},"modified":"2020-09-07T21:41:05","modified_gmt":"2020-09-07T19:41:05","slug":"avis-per-intensitat-de-pluja-dilluns-7-de-setembre","status":"publish","type":"post","link":"https:\/\/bisbalpenedes.com\/web\/2020\/09\/07\/avis-per-intensitat-de-pluja-dilluns-7-de-setembre\/","title":{"rendered":"Av\u00eds per intensitat de pluja &#8211; Dilluns 7 de setembre"},"content":{"rendered":"<p>El Servei Meteorol\u00f2gic de Catalunya ha publicat un av\u00eds per intensitat de pluja i tempestes.<\/p>\n<hr \/>\n<p>El Servei Meteorol\u00f2gic de Catalunya ha publicado un aviso por intensidad de lluvia y tormentas.<\/p>\n<p><a href=\"http:\/\/bisbalpenedes.com\/web\/wp-content\/uploads\/2020\/09\/E1E817E7-4BC4-4C18-A3C7-636D92023B56.jpeg\"><img loading=\"lazy\" class=\"aligncenter size-full wp-image-14588\" src=\"http:\/\/bisbalpenedes.com\/web\/wp-content\/uploads\/2020\/09\/E1E817E7-4BC4-4C18-A3C7-636D92023B56.jpeg\" alt=\"E1E817E7-4BC4-4C18-A3C7-636D92023B56\" width=\"828\" height=\"828\" srcset=\"https:\/\/bisbalpenedes.com\/web\/wp-content\/uploads\/2020\/09\/E1E817E7-4BC4-4C18-A3C7-636D92023B56.jpeg 828w, https:\/\/bisbalpenedes.com\/web\/wp-content\/uploads\/2020\/09\/E1E817E7-4BC4-4C18-A3C7-636D92023B56-300x300.jpeg 300w, https:\/\/bisbalpenedes.com\/web\/wp-content\/uploads\/2020\/09\/E1E817E7-4BC4-4C18-A3C7-636D92023B56-100x100.jpeg 100w, https:\/\/bisbalpenedes.com\/web\/wp-content\/uploads\/2020\/09\/E1E817E7-4BC4-4C18-A3C7-636D92023B56-600x600.jpeg 600w, https:\/\/bisbalpenedes.com\/web\/wp-content\/uploads\/2020\/09\/E1E817E7-4BC4-4C18-A3C7-636D92023B56-150x150.jpeg 150w, https:\/\/bisbalpenedes.com\/web\/wp-content\/uploads\/2020\/09\/E1E817E7-4BC4-4C18-A3C7-636D92023B56-768x768.jpeg 768w\" sizes=\"(max-width: 828px) 100vw, 828px\" \/><\/a><\/p>\n","protected":false},"excerpt":{"rendered":"<p>El Servei Meteorol\u00f2gic de Catalunya ha publicat un av\u00eds per intensitat de pluja i tempestes. El Servei Meteorol\u00f2gic de Catalunya ha publicado un aviso por intensidad de lluvia y tormentas.<\/p>\n","protected":false},"author":4,"featured_media":14588,"comment_status":"closed","ping_status":"closed","sticky":false,"template":"","format":"standard","meta":[],"categories":[2543],"tags":[],"_links":{"self":[{"href":"https:\/\/bisbalpenedes.com\/web\/wp-json\/wp\/v2\/posts\/14587"}],"collection":[{"href":"https:\/\/bisbalpenedes.com\/web\/wp-json\/wp\/v2\/posts"}],"about":[{"href":"https:\/\/bisbalpenedes.com\/web\/wp-json\/wp\/v2\/types\/post"}],"author":[{"embeddable":true,"href":"https:\/\/bisbalpenedes.com\/web\/wp-json\/wp\/v2\/users\/4"}],"replies":[{"embeddable":true,"href":"https:\/\/bisbalpenedes.com\/web\/wp-json\/wp\/v2\/comments?post=14587"}],"version-history":[{"count":1,"href":"https:\/\/bisbalpenedes.com\/web\/wp-json\/wp\/v2\/posts\/14587\/revisions"}],"predecessor-version":[{"id":14589,"href":"https:\/\/bisbalpenedes.com\/web\/wp-json\/wp\/v2\/posts\/14587\/revisions\/14589"}],"wp:featuredmedia":[{"embeddable":true,"href":"https:\/\/bisbalpenedes.com\/web\/wp-json\/wp\/v2\/media\/14588"}],"wp:attachment":[{"href":"https:\/\/bisbalpenedes.com\/web\/wp-json\/wp\/v2\/media?parent=14587"}],"wp:term":[{"taxonomy":"category","embeddable":true,"href":"https:\/\/bisbalpenedes.com\/web\/wp-json\/wp\/v2\/categories?post=14587"},{"taxonomy":"post_tag","embeddable":true,"href":"https:\/\/bisbalpenedes.com\/web\/wp-json\/wp\/v2\/tags?post=14587"}],"curies":[{"name":"wp","href":"https:\/\/api.w.org\/{rel}","templated":true}]}}