{"id":14584,"date":"2020-09-07T17:14:09","date_gmt":"2020-09-07T15:14:09","guid":{"rendered":"http:\/\/bisbalpenedes.com\/web\/?p=14584"},"modified":"2020-09-07T17:14:09","modified_gmt":"2020-09-07T15:14:09","slug":"actes-amb-motiu-de-la-diada-nacional-de-catalunya","status":"publish","type":"post","link":"https:\/\/bisbalpenedes.com\/web\/2020\/09\/07\/actes-amb-motiu-de-la-diada-nacional-de-catalunya\/","title":{"rendered":"Actes amb motiu de la Diada Nacional de Catalunya"},"content":{"rendered":"<p style=\"text-align: justify;\"><span style=\"color: #000000;\">Actes amb motiu de la Diada Nacional de Catalunya:<\/span><\/p>\n<ul>\n<li style=\"text-align: justify;\"><span style=\"color: #000000;\">Divendres 11 de setembre, a les 20h, a la Pla\u00e7a Pau Casals: espectacle &#8220;Bestial&#8221; amb el Quartet M\u00e8lt.<\/span><\/li>\n<li style=\"text-align: justify;\"><span style=\"color: #000000;\">Diumenge 13 de setembre, a les 19h, pels carrers del municipi: espectacle itinerant &#8220;Moltes gr\u00e0cies&#8221; amb el Quim Masferrer. Es podr\u00e0 seguir per internet a l&#8217;enlla\u00e7 <a style=\"color: #000000;\" href=\"https:\/\/youtu.be\/nNcauX38qFA\" target=\"_blank\">https:\/\/youtu.be\/nNcauX38qFA<\/a><\/span><\/li>\n<\/ul>\n<p style=\"text-align: justify;\"><span style=\"color: #000000;\">M\u00e9s informaci\u00f3 al cartell adjunt.<\/span><\/p>\n<hr \/>\n<p style=\"text-align: justify;\"><span style=\"color: #000000;\">CASTELLANO | Actos con motivo de la Diada Nacional de Catalunya:<\/span><\/p>\n<ul>\n<li style=\"text-align: justify;\"><span style=\"color: #000000;\">Viernes 11 de septiembre, a las 20h, en la Plaza Pau Casals: espect\u00e1culo &#8220;Bestial&#8221; con el Quartet M\u00e8lt.<\/span><\/li>\n<li style=\"text-align: justify;\"><span style=\"color: #000000;\">Domingo 13 de septiembre, a las 19h, por las calles del municipio: espect\u00e1culo itinerante &#8220;Moltes gr\u00e0cies&#8221; con Quim Masferrer. Se podr\u00e1 seguir por internet en el enlace\u00a0<a style=\"color: #000000;\" href=\"https:\/\/youtu.be\/nNcauX38qFA\" target=\"_blank\">https:\/\/youtu.be\/nNcauX38qFA<\/a><\/span><\/li>\n<\/ul>\n<p style=\"text-align: justify;\"><span style=\"color: #000000;\">M\u00e1s informaci\u00f3n en el cartel adjunto.<\/span><\/p>\n<p style=\"text-align: justify;\"><a href=\"http:\/\/bisbalpenedes.com\/web\/wp-content\/uploads\/2020\/09\/DIADA2020DEF.jpg\"><img loading=\"lazy\" class=\"aligncenter size-large wp-image-14585\" src=\"http:\/\/bisbalpenedes.com\/web\/wp-content\/uploads\/2020\/09\/DIADA2020DEF-724x1024.jpg\" alt=\"DIADA2020DEF\" width=\"630\" height=\"891\" srcset=\"https:\/\/bisbalpenedes.com\/web\/wp-content\/uploads\/2020\/09\/DIADA2020DEF-724x1024.jpg 724w, https:\/\/bisbalpenedes.com\/web\/wp-content\/uploads\/2020\/09\/DIADA2020DEF-600x848.jpg 600w, https:\/\/bisbalpenedes.com\/web\/wp-content\/uploads\/2020\/09\/DIADA2020DEF-212x300.jpg 212w, https:\/\/bisbalpenedes.com\/web\/wp-content\/uploads\/2020\/09\/DIADA2020DEF-768x1086.jpg 768w, https:\/\/bisbalpenedes.com\/web\/wp-content\/uploads\/2020\/09\/DIADA2020DEF.jpg 1754w\" sizes=\"(max-width: 630px) 100vw, 630px\" \/><\/a><\/p>\n","protected":false},"excerpt":{"rendered":"<p>Actes amb motiu de la Diada Nacional de Catalunya: Divendres 11 de setembre, a les 20h, a la Pla\u00e7a Pau Casals: espectacle &#8220;Bestial&#8221; amb el Quartet M\u00e8lt. Diumenge 13 de &hellip; <a href=\"https:\/\/bisbalpenedes.com\/web\/2020\/09\/07\/actes-amb-motiu-de-la-diada-nacional-de-catalunya\/\" class=\"more-link\">Read More<\/a><\/p>\n","protected":false},"author":4,"featured_media":14585,"comment_status":"closed","ping_status":"closed","sticky":false,"template":"","format":"standard","meta":[],"categories":[13,8],"tags":[4018,225,3202,4019,4020],"_links":{"self":[{"href":"https:\/\/bisbalpenedes.com\/web\/wp-json\/wp\/v2\/posts\/14584"}],"collection":[{"href":"https:\/\/bisbalpenedes.com\/web\/wp-json\/wp\/v2\/posts"}],"about":[{"href":"https:\/\/bisbalpenedes.com\/web\/wp-json\/wp\/v2\/types\/post"}],"author":[{"embeddable":true,"href":"https:\/\/bisbalpenedes.com\/web\/wp-json\/wp\/v2\/users\/4"}],"replies":[{"embeddable":true,"href":"https:\/\/bisbalpenedes.com\/web\/wp-json\/wp\/v2\/comments?post=14584"}],"version-history":[{"count":1,"href":"https:\/\/bisbalpenedes.com\/web\/wp-json\/wp\/v2\/posts\/14584\/revisions"}],"predecessor-version":[{"id":14586,"href":"https:\/\/bisbalpenedes.com\/web\/wp-json\/wp\/v2\/posts\/14584\/revisions\/14586"}],"wp:featuredmedia":[{"embeddable":true,"href":"https:\/\/bisbalpenedes.com\/web\/wp-json\/wp\/v2\/media\/14585"}],"wp:attachment":[{"href":"https:\/\/bisbalpenedes.com\/web\/wp-json\/wp\/v2\/media?parent=14584"}],"wp:term":[{"taxonomy":"category","embeddable":true,"href":"https:\/\/bisbalpenedes.com\/web\/wp-json\/wp\/v2\/categories?post=14584"},{"taxonomy":"post_tag","embeddable":true,"href":"https:\/\/bisbalpenedes.com\/web\/wp-json\/wp\/v2\/tags?post=14584"}],"curies":[{"name":"wp","href":"https:\/\/api.w.org\/{rel}","templated":true}]}}