{"id":14578,"date":"2020-09-07T14:51:10","date_gmt":"2020-09-07T12:51:10","guid":{"rendered":"http:\/\/bisbalpenedes.com\/web\/?p=14578"},"modified":"2020-09-07T14:51:43","modified_gmt":"2020-09-07T12:51:43","slug":"aquest-mes-de-setembre-torna-el-cicle-gaudi-amb-sessio-doble-18-i-26-de-setembre","status":"publish","type":"post","link":"https:\/\/bisbalpenedes.com\/web\/2020\/09\/07\/aquest-mes-de-setembre-torna-el-cicle-gaudi-amb-sessio-doble-18-i-26-de-setembre\/","title":{"rendered":"Aquest mes de setembre torna el Cicle Gaud\u00ed amb sessi\u00f3 doble: 18 i 26 de setembre"},"content":{"rendered":"<p style=\"text-align: justify;\"><span style=\"color: #000000;\">Aquest mes de setembre torna el Cicle Gaud\u00ed a la Bisbal del Pened\u00e8s, amb sessi\u00f3 doble. <\/span><\/p>\n<ul>\n<li style=\"text-align: justify;\"><span style=\"color: #000000;\">El divendres 18 de setembre, a les 18h, projectarem la pel\u00b7l\u00edcula Madre. <\/span><\/li>\n<li style=\"text-align: justify;\"><span style=\"color: #000000;\">El dissabte 26 de setembre, a les 18h, La innoc\u00e8ncia.<\/span><\/li>\n<\/ul>\n<p style=\"text-align: justify;\"><span style=\"color: #000000;\">Les taquilles s\u2019obriran 30 minuts abans amb l\u2019objectiu de tenir un control dels assistents i poder-los ubicar respectant totes les mesures de seguretat per la Covid-19. L\u2019aforament ser\u00e0 limitat.<\/span><\/p>\n<p style=\"text-align: justify;\"><span style=\"color: #000000;\">El preu general de l\u2019entrada \u00e9s de 4,5\u20ac i s\u2019ofereix un preu redu\u00eft de 3\u20ac presentant el carnet de la Biblioteca Municipal de La Bisbal.<\/span><\/p>\n<p style=\"text-align: justify;\"><span style=\"color: #000000;\">Quant a la recaptaci\u00f3, aquesta es destinar\u00e0 a l\u2019entitat del poble que s\u2019encarregui de gestionar la taquilla en cadascuna de les projeccions.<\/span><\/p>\n<p style=\"text-align: justify;\"><a href=\"http:\/\/bisbalpenedes.com\/web\/wp-content\/uploads\/2020\/09\/VISUAL_A3_MADRE_LA_BISBAL_PENEDES-1.jpg\"><img loading=\"lazy\" class=\"aligncenter size-medium wp-image-14580\" src=\"http:\/\/bisbalpenedes.com\/web\/wp-content\/uploads\/2020\/09\/VISUAL_A3_MADRE_LA_BISBAL_PENEDES-1-212x300.jpg\" alt=\"VISUAL_A3_MADRE_LA_BISBAL_PENEDES\" width=\"212\" height=\"300\" srcset=\"https:\/\/bisbalpenedes.com\/web\/wp-content\/uploads\/2020\/09\/VISUAL_A3_MADRE_LA_BISBAL_PENEDES-1-212x300.jpg 212w, https:\/\/bisbalpenedes.com\/web\/wp-content\/uploads\/2020\/09\/VISUAL_A3_MADRE_LA_BISBAL_PENEDES-1-600x848.jpg 600w, https:\/\/bisbalpenedes.com\/web\/wp-content\/uploads\/2020\/09\/VISUAL_A3_MADRE_LA_BISBAL_PENEDES-1-768x1085.jpg 768w, https:\/\/bisbalpenedes.com\/web\/wp-content\/uploads\/2020\/09\/VISUAL_A3_MADRE_LA_BISBAL_PENEDES-1-725x1024.jpg 725w, https:\/\/bisbalpenedes.com\/web\/wp-content\/uploads\/2020\/09\/VISUAL_A3_MADRE_LA_BISBAL_PENEDES-1.jpg 1124w\" sizes=\"(max-width: 212px) 100vw, 212px\" \/><\/a><\/p>\n<p style=\"text-align: center;\"><iframe loading=\"lazy\" src=\"https:\/\/www.youtube.com\/embed\/fMJvvx-GnXM\" width=\"560\" height=\"315\" frameborder=\"0\" allowfullscreen=\"allowfullscreen\"><\/iframe><\/p>\n<p style=\"text-align: justify;\"><span style=\"color: #000000;\"><strong>MADRE<\/strong><\/span><\/p>\n<p style=\"text-align: justify;\"><span style=\"color: #000000;\"><strong>FITXA T\u00c8CNICA<\/strong><\/span><\/p>\n<p style=\"text-align: justify;\"><span style=\"color: #000000;\">Direcci\u00f3: Rodrigo Sorogoyen<\/span><\/p>\n<p style=\"text-align: justify;\"><span style=\"color: #000000;\">Gui\u00f3: Rodrigo Sorogoyen i Isabel Pe\u00f1a<\/span><\/p>\n<p style=\"text-align: justify;\"><span style=\"color: #000000;\">Muntatge: Alberto del Campo<\/span><\/p>\n<p style=\"text-align: justify;\"><span style=\"color: #000000;\">Estrena: Novembre de 2019<\/span><\/p>\n<p style=\"text-align: justify;\"><span style=\"color: #000000;\">Durada: 129 min.<\/span><\/p>\n<p style=\"text-align: justify;\"><span style=\"color: #000000;\">G\u00e8nere: Thriller<\/span><\/p>\n<p style=\"text-align: justify;\"><span style=\"color: #000000;\">Versi\u00f3: Franc\u00e8s i Castell\u00e0 (subt\u00edtols en catal\u00e0)<\/span><\/p>\n<p style=\"text-align: justify;\"><span style=\"color: #000000;\">Int\u00e8rprets: Marta Nieto, Jules Porier i \u00c0lex Brendem\u00fchl.<\/span><\/p>\n<p style=\"text-align: justify;\"><span style=\"color: #000000;\"><strong>SINOPSI<\/strong><\/span><\/p>\n<p style=\"text-align: justify;\"><span style=\"color: #000000;\">L\u2019Elena\u00a0<em>(Marta Nieto)<\/em>\u00a0rep una trucada de l\u2019Iv\u00e1n, el seu fill de sis anys, que li diu que est\u00e0 perdut en una platja de Fran\u00e7a i que no troba al seu pare. Aquestes paraules desesperades del seu fill van ser l\u2019\u00faltim que va saber d\u2019ell\u2026<\/span><br \/>\n<span style=\"color: #000000;\"> Deu anys m\u00e9s tard, l\u2019Elena viu en la mateixa platja on va desapar\u00e8ixer el seu fill, treballa com a encarregada en un restaurant i sembla que est\u00e0 comen\u00e7ant a sortir d\u2019aquest fosc t\u00fanel en qu\u00e8 ha estat ancorada durant tant de temps.<\/span><\/p>\n<p style=\"text-align: justify;\"><span style=\"color: #000000;\">La seva vida dona un gir quan coneix per casualitat a Jean\u00a0<em>(Jules Porier)<\/em>, un adolescent franc\u00e8s que li recorda al seu fill.<\/span><\/p>\n<p style=\"text-align: justify;\"><span style=\"color: #000000;\">Entre ells sorgeix una forta connexi\u00f3 que acabar\u00e0 sembrant el caos i la desconfian\u00e7a al seu voltant.<\/span><\/p>\n<p style=\"text-align: justify;\"><a href=\"http:\/\/bisbalpenedes.com\/web\/wp-content\/uploads\/2020\/09\/VISUAL_A3_LA_INNOCENCIA_LA_BISBAL_PENEDES.jpg\"><img loading=\"lazy\" class=\"aligncenter size-medium wp-image-14581\" src=\"http:\/\/bisbalpenedes.com\/web\/wp-content\/uploads\/2020\/09\/VISUAL_A3_LA_INNOCENCIA_LA_BISBAL_PENEDES-212x300.jpg\" alt=\"VISUAL_A3_LA_INNOCENCIA_LA_BISBAL_PENEDES\" width=\"212\" height=\"300\" srcset=\"https:\/\/bisbalpenedes.com\/web\/wp-content\/uploads\/2020\/09\/VISUAL_A3_LA_INNOCENCIA_LA_BISBAL_PENEDES-212x300.jpg 212w, https:\/\/bisbalpenedes.com\/web\/wp-content\/uploads\/2020\/09\/VISUAL_A3_LA_INNOCENCIA_LA_BISBAL_PENEDES-600x848.jpg 600w, https:\/\/bisbalpenedes.com\/web\/wp-content\/uploads\/2020\/09\/VISUAL_A3_LA_INNOCENCIA_LA_BISBAL_PENEDES-768x1085.jpg 768w, https:\/\/bisbalpenedes.com\/web\/wp-content\/uploads\/2020\/09\/VISUAL_A3_LA_INNOCENCIA_LA_BISBAL_PENEDES-725x1024.jpg 725w, https:\/\/bisbalpenedes.com\/web\/wp-content\/uploads\/2020\/09\/VISUAL_A3_LA_INNOCENCIA_LA_BISBAL_PENEDES.jpg 1124w\" sizes=\"(max-width: 212px) 100vw, 212px\" \/><\/a><\/p>\n<p style=\"text-align: center;\"><iframe loading=\"lazy\" src=\"https:\/\/www.youtube.com\/embed\/hUbjobqoBdc\" width=\"560\" height=\"315\" frameborder=\"0\" allowfullscreen=\"allowfullscreen\"><\/iframe><\/p>\n<p style=\"text-align: justify;\"><span style=\"color: #000000;\"><strong>LA INNOC\u00c8NCIA<\/strong><\/span><\/p>\n<p>&nbsp;<\/p>\n<p style=\"text-align: justify;\"><span style=\"color: #000000;\"><strong>FITXA T\u00c8CNICA<\/strong><\/span><\/p>\n<p style=\"text-align: justify;\"><span style=\"color: #000000;\">Direcci\u00f3: Luc\u00eda Alemany<\/span><\/p>\n<p style=\"text-align: justify;\"><span style=\"color: #000000;\">Gui\u00f3: Luc\u00eda Alemany i Laia Soler<\/span><\/p>\n<p style=\"text-align: justify;\"><span style=\"color: #000000;\">Muntatge: Juliana Monta\u00f1\u00e9s<\/span><\/p>\n<p style=\"text-align: justify;\"><span style=\"color: #000000;\">Estrena: 10 de gener de 2020<\/span><\/p>\n<p style=\"text-align: justify;\"><span style=\"color: #000000;\">Durada: 92 minuts<\/span><\/p>\n<p style=\"text-align: justify;\"><span style=\"color: #000000;\">G\u00e8nere: Drama<\/span><\/p>\n<p style=\"text-align: justify;\"><span style=\"color: #000000;\">Versi\u00f3: Original en catal\u00e0, castell\u00e0 i angl\u00e8s<\/span><\/p>\n<p style=\"text-align: justify;\"><span style=\"color: #000000;\">Int\u00e8rprets: Carmen Arrufat, Laia Marull, Sergi L\u00f3pez, Joel Bosqued<\/span><\/p>\n<p style=\"text-align: justify;\"><span style=\"color: #000000;\"><strong>SINOPSI<\/strong><\/span><\/p>\n<p style=\"text-align: justify;\"><span style=\"color: #000000;\">La Lis \u00e9s una adolescent que somnia convertir-se en artista de circ i escapar del seu poble, malgrat que sap que, per aconseguir-ho, haur\u00e0 d\u2019enfrontar-se als seus pares. \u00c9s estiu i la Lis es passa el dia jugant al carrer i flirtejant amb el seu xicot, uns anys m\u00e9s gran que ella. La tafaneria dels ve\u00efns i la manca d\u2019intimitat obliguen la Lis a portar aquesta relaci\u00f3 en secret per tal que els seus pares no se n\u2019assabentin.<\/span><\/p>\n<p style=\"text-align: justify;\"><span style=\"color: #000000;\">Per\u00f2 aquest estiu id\u00edl\u00b7lic arribar\u00e0 al final i amb l\u2019inici de la tardor la Lis descobrir\u00e0 que est\u00e0 embarassada.<\/span><\/p>\n<hr \/>\n<p style=\"text-align: justify;\"><span style=\"color: #000000;\"><strong>CASTELLANO | <\/strong>Este mes de septiembre vuelve el Cicle Gaud\u00ed a la Bisbal del Pened\u00e8s, con sesi\u00f3n doble. <\/span><\/p>\n<ul>\n<li style=\"text-align: justify;\"><span style=\"color: #000000;\">El viernes 18 de septiembre, a las 18h, proyectaremos la pel\u00edcula Madre. <\/span><\/li>\n<li style=\"text-align: justify;\"><span style=\"color: #000000;\">El s\u00e1bado 26 de septiembre, a las 18h, La innoc\u00e8ncia.<\/span><\/li>\n<\/ul>\n<p style=\"text-align: justify;\"><span style=\"color: #000000;\">Las taquillas se abrir\u00e1n 30 minutos antes con el objetivo de tener el control de los asistentes y poderlos ubicar respetando todas las medidas de seguridad por la Covid-19. El aforo ser\u00e1 limitado.<\/span><\/p>\n<p style=\"text-align: justify;\"><span style=\"color: #000000;\">El precio general de la entrada es de 4,5\u20ac y se ofrece un precio reducido de 3\u20ac presentando el carn\u00e9 de la Biblioteca Municipal de la Bisbal.<\/span><\/p>\n<p style=\"text-align: justify;\"><span style=\"color: #000000;\">En cuanto a la recaudaci\u00f3n, esta se destinar\u00e1 a la entidad del pueblo que se encargue de gestionar la taquilla en cada una de las proyecciones.<\/span><\/p>\n<p style=\"text-align: justify;\"><span style=\"color: #000000;\"><strong>MADRE<\/strong><\/span><\/p>\n<p><a href=\"http:\/\/bisbalpenedes.com\/web\/wp-content\/uploads\/2020\/09\/VISUAL_A3_MADRE_LA_BISBAL_PENEDES-1.jpg\"><img loading=\"lazy\" class=\"alignnone size-medium wp-image-14580 aligncenter\" src=\"http:\/\/bisbalpenedes.com\/web\/wp-content\/uploads\/2020\/09\/VISUAL_A3_MADRE_LA_BISBAL_PENEDES-1-212x300.jpg\" alt=\"VISUAL_A3_MADRE_LA_BISBAL_PENEDES\" width=\"212\" height=\"300\" srcset=\"https:\/\/bisbalpenedes.com\/web\/wp-content\/uploads\/2020\/09\/VISUAL_A3_MADRE_LA_BISBAL_PENEDES-1-212x300.jpg 212w, https:\/\/bisbalpenedes.com\/web\/wp-content\/uploads\/2020\/09\/VISUAL_A3_MADRE_LA_BISBAL_PENEDES-1-600x848.jpg 600w, https:\/\/bisbalpenedes.com\/web\/wp-content\/uploads\/2020\/09\/VISUAL_A3_MADRE_LA_BISBAL_PENEDES-1-768x1085.jpg 768w, https:\/\/bisbalpenedes.com\/web\/wp-content\/uploads\/2020\/09\/VISUAL_A3_MADRE_LA_BISBAL_PENEDES-1-725x1024.jpg 725w, https:\/\/bisbalpenedes.com\/web\/wp-content\/uploads\/2020\/09\/VISUAL_A3_MADRE_LA_BISBAL_PENEDES-1.jpg 1124w\" sizes=\"(max-width: 212px) 100vw, 212px\" \/><\/a><\/p>\n<p style=\"text-align: center;\"><iframe loading=\"lazy\" src=\"https:\/\/www.youtube.com\/embed\/hUbjobqoBdc\" width=\"560\" height=\"315\" frameborder=\"0\" allowfullscreen=\"allowfullscreen\"><\/iframe><\/p>\n<p style=\"text-align: justify;\"><span style=\"color: #000000;\"><strong>FICHA T\u00c9CNICA<\/strong><\/span><\/p>\n<p style=\"text-align: justify;\"><span style=\"color: #000000;\">Direcci\u00f3n: Rodrigo Sorogoyen<\/span><\/p>\n<p style=\"text-align: justify;\"><span style=\"color: #000000;\">Gui\u00f3n: Rodrigo Sorogoyen e Isabel Pe\u00f1a<\/span><\/p>\n<p style=\"text-align: justify;\"><span style=\"color: #000000;\">Montaje: Alberto del Campo<\/span><\/p>\n<p style=\"text-align: justify;\"><span style=\"color: #000000;\">Estreno: Noviembre del 2019<\/span><\/p>\n<p style=\"text-align: justify;\"><span style=\"color: #000000;\">Duraci\u00f3n: 129 min.<\/span><\/p>\n<p style=\"text-align: justify;\"><span style=\"color: #000000;\">G\u00e9nero: Thriller<\/span><\/p>\n<p style=\"text-align: justify;\"><span style=\"color: #000000;\">Versi\u00f3n: Franc\u00e9s y Castellano (subt\u00edtulos en catal\u00e1n)<\/span><\/p>\n<p style=\"text-align: justify;\"><span style=\"color: #000000;\">Int\u00e9rpretes: Marta Nieto, Jules Porier y \u00c1lex Brendem\u00fchl<\/span><\/p>\n<p style=\"text-align: justify;\"><span style=\"color: #000000;\"><strong>SINOPSIS<\/strong><\/span><\/p>\n<p style=\"text-align: justify;\"><span style=\"color: #000000;\">Elena (Marta Nieto) recibe una llamada de Iv\u00e1n, su hijo de seis a\u00f1os, que le dice que est\u00e1 perdido en una playa de Francia y que no encuentra a su padre. Estas palabras desesperadas de su hijo fueron no \u00faltimo que supo de \u00e9l\u2026<\/span><\/p>\n<p style=\"text-align: justify;\"><span style=\"color: #000000;\">Diez a\u00f1os m\u00e1s tarde, Elena vive en la misma playa donde desapareci\u00f3 su hijo, trabaja como encargada en un restaurante y parece que est\u00e1 empezando a salir de este oscuro t\u00fanel en el que ha estado anclada durante tanto tiempo.<\/span><\/p>\n<p style=\"text-align: justify;\"><span style=\"color: #000000;\">Su vida da un giro cuando conoce por casualidad a Jean (Jules Porier), un adolescente franc\u00e9s que le recuerda a su hijo.<\/span><\/p>\n<p style=\"text-align: justify;\"><span style=\"color: #000000;\">Entre ellos surge una fuerte conexi\u00f3n que acabar\u00e1 sembrando el caos y la desconfianza a su alrededor.<\/span><\/p>\n<p style=\"text-align: justify;\"><span style=\"color: #000000;\"><strong>LA INNOC\u00c8NCIA<\/strong><\/span><\/p>\n<p><a href=\"http:\/\/bisbalpenedes.com\/web\/wp-content\/uploads\/2020\/09\/VISUAL_A3_LA_INNOCENCIA_LA_BISBAL_PENEDES.jpg\"><img loading=\"lazy\" class=\"alignnone size-medium wp-image-14581 aligncenter\" src=\"http:\/\/bisbalpenedes.com\/web\/wp-content\/uploads\/2020\/09\/VISUAL_A3_LA_INNOCENCIA_LA_BISBAL_PENEDES-212x300.jpg\" alt=\"VISUAL_A3_LA_INNOCENCIA_LA_BISBAL_PENEDES\" width=\"212\" height=\"300\" srcset=\"https:\/\/bisbalpenedes.com\/web\/wp-content\/uploads\/2020\/09\/VISUAL_A3_LA_INNOCENCIA_LA_BISBAL_PENEDES-212x300.jpg 212w, https:\/\/bisbalpenedes.com\/web\/wp-content\/uploads\/2020\/09\/VISUAL_A3_LA_INNOCENCIA_LA_BISBAL_PENEDES-600x848.jpg 600w, https:\/\/bisbalpenedes.com\/web\/wp-content\/uploads\/2020\/09\/VISUAL_A3_LA_INNOCENCIA_LA_BISBAL_PENEDES-768x1085.jpg 768w, https:\/\/bisbalpenedes.com\/web\/wp-content\/uploads\/2020\/09\/VISUAL_A3_LA_INNOCENCIA_LA_BISBAL_PENEDES-725x1024.jpg 725w, https:\/\/bisbalpenedes.com\/web\/wp-content\/uploads\/2020\/09\/VISUAL_A3_LA_INNOCENCIA_LA_BISBAL_PENEDES.jpg 1124w\" sizes=\"(max-width: 212px) 100vw, 212px\" \/><\/a><\/p>\n<p style=\"text-align: center;\"><iframe loading=\"lazy\" src=\"https:\/\/www.youtube.com\/embed\/hUbjobqoBdc\" width=\"560\" height=\"315\" frameborder=\"0\" allowfullscreen=\"allowfullscreen\"><\/iframe><\/p>\n<p style=\"text-align: justify;\"><span style=\"color: #000000;\"><strong>FICHA T\u00c9CNICA<\/strong><\/span><br \/>\n<span style=\"color: #000000;\"> Direcci\u00f3n: Luc\u00eda Alemany<\/span><\/p>\n<p style=\"text-align: justify;\"><span style=\"color: #000000;\">Gui\u00f3n: Luc\u00eda Alemany y Laia Soler<\/span><\/p>\n<p style=\"text-align: justify;\"><span style=\"color: #000000;\">Montaje: Juliana Monta\u00f1\u00e9s<\/span><\/p>\n<p style=\"text-align: justify;\"><span style=\"color: #000000;\">Estreno: 10 de enero de 2020<\/span><\/p>\n<p style=\"text-align: justify;\"><span style=\"color: #000000;\">Duraci\u00f3n: 92 minutos<\/span><\/p>\n<p style=\"text-align: justify;\"><span style=\"color: #000000;\">G\u00e9nero: Drama<\/span><\/p>\n<p style=\"text-align: justify;\"><span style=\"color: #000000;\">Versi\u00f3n: Original en catal\u00e1n, castellano e ingl\u00e9s<\/span><\/p>\n<p style=\"text-align: justify;\"><span style=\"color: #000000;\">Int\u00e9rpretes: Carmen Arrufat, Laia Marull, Sergi L\u00f3pez, Joel Busqued.<\/span><\/p>\n<p style=\"text-align: justify;\"><span style=\"color: #000000;\"><strong>SINOPSIS<\/strong><\/span><\/p>\n<p style=\"text-align: justify;\"><span style=\"color: #000000;\">Lis es una adolescente que sue\u00f1a con convertirse en un artista de circo y escapar de su pueblo, aunque sabe que, para conseguirlo, deber\u00e1 enfrentarse a sus padres. Es verano y Lis se pasa el d\u00eda jugando en la calle y flirteando con su chico, unos a\u00f1os mayor que ella. El cotilleo de los vecinos y la falta de intimidad obligan a Lis a llevar esta relaci\u00f3n en secreto por tal que sus padres no se enteren.<\/span><\/p>\n<p style=\"text-align: justify;\"><span style=\"color: #000000;\">Pero ese verano id\u00edlico llegar\u00e1 al final y al inicio del oto\u00f1o y Lis descubrir\u00e1 que est\u00e1 embarazada.<\/span><\/p>\n","protected":false},"excerpt":{"rendered":"<p>Aquest mes de setembre torna el Cicle Gaud\u00ed a la Bisbal del Pened\u00e8s, amb sessi\u00f3 doble. El divendres 18 de setembre, a les 18h, projectarem la pel\u00b7l\u00edcula Madre. El dissabte &hellip; <a href=\"https:\/\/bisbalpenedes.com\/web\/2020\/09\/07\/aquest-mes-de-setembre-torna-el-cicle-gaudi-amb-sessio-doble-18-i-26-de-setembre\/\" class=\"more-link\">Read More<\/a><\/p>\n","protected":false},"author":4,"featured_media":14580,"comment_status":"closed","ping_status":"closed","sticky":false,"template":"","format":"standard","meta":[],"categories":[13,8],"tags":[308,307,4017,4016,754],"_links":{"self":[{"href":"https:\/\/bisbalpenedes.com\/web\/wp-json\/wp\/v2\/posts\/14578"}],"collection":[{"href":"https:\/\/bisbalpenedes.com\/web\/wp-json\/wp\/v2\/posts"}],"about":[{"href":"https:\/\/bisbalpenedes.com\/web\/wp-json\/wp\/v2\/types\/post"}],"author":[{"embeddable":true,"href":"https:\/\/bisbalpenedes.com\/web\/wp-json\/wp\/v2\/users\/4"}],"replies":[{"embeddable":true,"href":"https:\/\/bisbalpenedes.com\/web\/wp-json\/wp\/v2\/comments?post=14578"}],"version-history":[{"count":2,"href":"https:\/\/bisbalpenedes.com\/web\/wp-json\/wp\/v2\/posts\/14578\/revisions"}],"predecessor-version":[{"id":14583,"href":"https:\/\/bisbalpenedes.com\/web\/wp-json\/wp\/v2\/posts\/14578\/revisions\/14583"}],"wp:featuredmedia":[{"embeddable":true,"href":"https:\/\/bisbalpenedes.com\/web\/wp-json\/wp\/v2\/media\/14580"}],"wp:attachment":[{"href":"https:\/\/bisbalpenedes.com\/web\/wp-json\/wp\/v2\/media?parent=14578"}],"wp:term":[{"taxonomy":"category","embeddable":true,"href":"https:\/\/bisbalpenedes.com\/web\/wp-json\/wp\/v2\/categories?post=14578"},{"taxonomy":"post_tag","embeddable":true,"href":"https:\/\/bisbalpenedes.com\/web\/wp-json\/wp\/v2\/tags?post=14578"}],"curies":[{"name":"wp","href":"https:\/\/api.w.org\/{rel}","templated":true}]}}