{"id":14575,"date":"2020-09-07T14:05:17","date_gmt":"2020-09-07T12:05:17","guid":{"rendered":"http:\/\/bisbalpenedes.com\/web\/?p=14575"},"modified":"2020-09-07T14:05:30","modified_gmt":"2020-09-07T12:05:30","slug":"el-curs-de-lescola-de-musica-comencara-el-14-de-setembre-el-10-de-setembre-es-fara-una-reunio-informativa","status":"publish","type":"post","link":"https:\/\/bisbalpenedes.com\/web\/2020\/09\/07\/el-curs-de-lescola-de-musica-comencara-el-14-de-setembre-el-10-de-setembre-es-fara-una-reunio-informativa\/","title":{"rendered":"El curs de l&#8217;Escola de M\u00fasica comen\u00e7ar\u00e0 el 14 de setembre &#8211; El 10 de setembre es far\u00e0 una reuni\u00f3 informativa"},"content":{"rendered":"<p style=\"text-align: justify;\"><span style=\"color: #000000;\">L\u2019Escola de M\u00fasica de la Bisbal del Pened\u00e8s, gestionada per l\u2019Escola de M\u00fasica Contrapunt, iniciar\u00e0 el curs el proper dilluns 14 de setembre. Per aquest motiu, el dijous 10 de setembre, a les 19h, tindr\u00e0 lloc una reuni\u00f3 informativa al Centre Municipal de Cultura (CMC), amb totes les mesures de seguretat i distanciament per la Covid-19. Per assistir a la reuni\u00f3 \u00e9s imprescindible inscriure\u2019s enviant un correu electr\u00f2nic a <a style=\"color: #000000;\" href=\"mailto:secretaria@escolacontrapunt.cat\">secretaria@escolacontrapunt.cat<\/a>. Per a m\u00e9s informaci\u00f3 podeu accedir al web <a style=\"color: #000000;\" href=\"http:\/\/www.escolacontrapunt.cat\">www.escolacontrapunt.cat<\/a>, on tamb\u00e9 es poden fer les matr\u00edcules.<\/span><\/p>\n<hr \/>\n<p style=\"text-align: justify;\"><span style=\"color: #000000;\"><strong>CASTELLANO |<\/strong> La Escuela de M\u00fasica de la Bisbal del Pened\u00e8s, gestionada por la Escola de M\u00fasica Contrapunt, iniciar\u00e1 el curso el pr\u00f3ximo lunes 14 de septiembre. Por este motivo, el jueves 10 de septiembre, a las 19h, tendr\u00e1 lugar una reuni\u00f3n informativa en el Centre Municipal de Cultura (CMC), con todas las medidas de seguridad y distanciamiento por la Covid-19. Para asistir la reuni\u00f3n es imprescindible inscribirse enviando un correo electr\u00f3nico a <a style=\"color: #000000;\" href=\"mailto:secretaria@escolacontrapunt.cat\">secretaria@escolacontrapunt.cat<\/a>. Para m\u00e1s informaci\u00f3n pod\u00e9is acceder a la web <a style=\"color: #000000;\" href=\"http:\/\/www.escolacontrapunt.cat\">www.escolacontrapunt.cat<\/a>, d\u00f3nde tambi\u00e9n se pueden hacer las matr\u00edculas.<\/span><\/p>\n<p style=\"text-align: justify;\"><a href=\"http:\/\/bisbalpenedes.com\/web\/wp-content\/uploads\/2020\/09\/la-bisbal.jpg\"><img loading=\"lazy\" class=\"aligncenter size-full wp-image-14576\" src=\"http:\/\/bisbalpenedes.com\/web\/wp-content\/uploads\/2020\/09\/la-bisbal.jpg\" alt=\"la-bisbal\" width=\"849\" height=\"601\" srcset=\"https:\/\/bisbalpenedes.com\/web\/wp-content\/uploads\/2020\/09\/la-bisbal.jpg 849w, https:\/\/bisbalpenedes.com\/web\/wp-content\/uploads\/2020\/09\/la-bisbal-600x425.jpg 600w, https:\/\/bisbalpenedes.com\/web\/wp-content\/uploads\/2020\/09\/la-bisbal-300x212.jpg 300w, https:\/\/bisbalpenedes.com\/web\/wp-content\/uploads\/2020\/09\/la-bisbal-768x544.jpg 768w\" sizes=\"(max-width: 849px) 100vw, 849px\" \/><\/a><\/p>\n","protected":false},"excerpt":{"rendered":"<p>L\u2019Escola de M\u00fasica de la Bisbal del Pened\u00e8s, gestionada per l\u2019Escola de M\u00fasica Contrapunt, iniciar\u00e0 el curs el proper dilluns 14 de setembre. Per aquest motiu, el dijous 10 de &hellip; <a href=\"https:\/\/bisbalpenedes.com\/web\/2020\/09\/07\/el-curs-de-lescola-de-musica-comencara-el-14-de-setembre-el-10-de-setembre-es-fara-una-reunio-informativa\/\" class=\"more-link\">Read More<\/a><\/p>\n","protected":false},"author":4,"featured_media":14576,"comment_status":"closed","ping_status":"closed","sticky":false,"template":"","format":"standard","meta":[],"categories":[3456,8],"tags":[3218,4014,781],"_links":{"self":[{"href":"https:\/\/bisbalpenedes.com\/web\/wp-json\/wp\/v2\/posts\/14575"}],"collection":[{"href":"https:\/\/bisbalpenedes.com\/web\/wp-json\/wp\/v2\/posts"}],"about":[{"href":"https:\/\/bisbalpenedes.com\/web\/wp-json\/wp\/v2\/types\/post"}],"author":[{"embeddable":true,"href":"https:\/\/bisbalpenedes.com\/web\/wp-json\/wp\/v2\/users\/4"}],"replies":[{"embeddable":true,"href":"https:\/\/bisbalpenedes.com\/web\/wp-json\/wp\/v2\/comments?post=14575"}],"version-history":[{"count":1,"href":"https:\/\/bisbalpenedes.com\/web\/wp-json\/wp\/v2\/posts\/14575\/revisions"}],"predecessor-version":[{"id":14577,"href":"https:\/\/bisbalpenedes.com\/web\/wp-json\/wp\/v2\/posts\/14575\/revisions\/14577"}],"wp:featuredmedia":[{"embeddable":true,"href":"https:\/\/bisbalpenedes.com\/web\/wp-json\/wp\/v2\/media\/14576"}],"wp:attachment":[{"href":"https:\/\/bisbalpenedes.com\/web\/wp-json\/wp\/v2\/media?parent=14575"}],"wp:term":[{"taxonomy":"category","embeddable":true,"href":"https:\/\/bisbalpenedes.com\/web\/wp-json\/wp\/v2\/categories?post=14575"},{"taxonomy":"post_tag","embeddable":true,"href":"https:\/\/bisbalpenedes.com\/web\/wp-json\/wp\/v2\/tags?post=14575"}],"curies":[{"name":"wp","href":"https:\/\/api.w.org\/{rel}","templated":true}]}}