{"id":14568,"date":"2020-09-07T13:45:24","date_gmt":"2020-09-07T11:45:24","guid":{"rendered":"http:\/\/bisbalpenedes.com\/web\/?p=14568"},"modified":"2020-09-07T13:46:12","modified_gmt":"2020-09-07T11:46:12","slug":"14568","status":"publish","type":"post","link":"https:\/\/bisbalpenedes.com\/web\/2020\/09\/07\/14568\/","title":{"rendered":"Aquest dilluns 7 de setembre ha comen\u00e7at el curs a la Llar d\u2019infants l\u2019Oreneta amb totes les mesures de prevenci\u00f3 per la Covid-19"},"content":{"rendered":"<div id='gallery-1' class='gallery galleryid-14568 gallery-columns-4 gallery-size-thumbnail'><figure class='gallery-item'>\n\t\t\t<div class='gallery-icon landscape'>\n\t\t\t\t<a href='https:\/\/bisbalpenedes.com\/web\/wp-content\/uploads\/2020\/09\/ACCESSOS-LLAR-DINFANTS.jpg'><img width=\"150\" height=\"150\" src=\"https:\/\/bisbalpenedes.com\/web\/wp-content\/uploads\/2020\/09\/ACCESSOS-LLAR-DINFANTS-150x150.jpg\" class=\"attachment-thumbnail size-thumbnail\" alt=\"\" loading=\"lazy\" srcset=\"https:\/\/bisbalpenedes.com\/web\/wp-content\/uploads\/2020\/09\/ACCESSOS-LLAR-DINFANTS-150x150.jpg 150w, https:\/\/bisbalpenedes.com\/web\/wp-content\/uploads\/2020\/09\/ACCESSOS-LLAR-DINFANTS-300x300.jpg 300w, https:\/\/bisbalpenedes.com\/web\/wp-content\/uploads\/2020\/09\/ACCESSOS-LLAR-DINFANTS-100x100.jpg 100w\" sizes=\"(max-width: 150px) 100vw, 150px\" \/><\/a>\n\t\t\t<\/div><\/figure><figure class='gallery-item'>\n\t\t\t<div class='gallery-icon landscape'>\n\t\t\t\t<a href='https:\/\/bisbalpenedes.com\/web\/wp-content\/uploads\/2020\/09\/FOTO-CLASSE-LLAR-DINFANTS.jpg'><img width=\"150\" height=\"150\" src=\"https:\/\/bisbalpenedes.com\/web\/wp-content\/uploads\/2020\/09\/FOTO-CLASSE-LLAR-DINFANTS-150x150.jpg\" class=\"attachment-thumbnail size-thumbnail\" alt=\"\" loading=\"lazy\" srcset=\"https:\/\/bisbalpenedes.com\/web\/wp-content\/uploads\/2020\/09\/FOTO-CLASSE-LLAR-DINFANTS-150x150.jpg 150w, https:\/\/bisbalpenedes.com\/web\/wp-content\/uploads\/2020\/09\/FOTO-CLASSE-LLAR-DINFANTS-300x300.jpg 300w, https:\/\/bisbalpenedes.com\/web\/wp-content\/uploads\/2020\/09\/FOTO-CLASSE-LLAR-DINFANTS-100x100.jpg 100w\" sizes=\"(max-width: 150px) 100vw, 150px\" \/><\/a>\n\t\t\t<\/div><\/figure><figure class='gallery-item'>\n\t\t\t<div class='gallery-icon landscape'>\n\t\t\t\t<a href='https:\/\/bisbalpenedes.com\/web\/wp-content\/uploads\/2020\/09\/GEL-HIDROALCOHOLIC-LLAR-DINFANTS.jpg'><img width=\"150\" height=\"150\" src=\"https:\/\/bisbalpenedes.com\/web\/wp-content\/uploads\/2020\/09\/GEL-HIDROALCOHOLIC-LLAR-DINFANTS-150x150.jpg\" class=\"attachment-thumbnail size-thumbnail\" alt=\"\" loading=\"lazy\" srcset=\"https:\/\/bisbalpenedes.com\/web\/wp-content\/uploads\/2020\/09\/GEL-HIDROALCOHOLIC-LLAR-DINFANTS-150x150.jpg 150w, https:\/\/bisbalpenedes.com\/web\/wp-content\/uploads\/2020\/09\/GEL-HIDROALCOHOLIC-LLAR-DINFANTS-300x300.jpg 300w, https:\/\/bisbalpenedes.com\/web\/wp-content\/uploads\/2020\/09\/GEL-HIDROALCOHOLIC-LLAR-DINFANTS-100x100.jpg 100w\" sizes=\"(max-width: 150px) 100vw, 150px\" \/><\/a>\n\t\t\t<\/div><\/figure><figure class='gallery-item'>\n\t\t\t<div class='gallery-icon landscape'>\n\t\t\t\t<a href='https:\/\/bisbalpenedes.com\/web\/wp-content\/uploads\/2020\/09\/SABATES-LLAR-DINFANTS.jpg'><img width=\"150\" height=\"150\" src=\"https:\/\/bisbalpenedes.com\/web\/wp-content\/uploads\/2020\/09\/SABATES-LLAR-DINFANTS-150x150.jpg\" class=\"attachment-thumbnail size-thumbnail\" alt=\"\" loading=\"lazy\" srcset=\"https:\/\/bisbalpenedes.com\/web\/wp-content\/uploads\/2020\/09\/SABATES-LLAR-DINFANTS-150x150.jpg 150w, https:\/\/bisbalpenedes.com\/web\/wp-content\/uploads\/2020\/09\/SABATES-LLAR-DINFANTS-300x300.jpg 300w, https:\/\/bisbalpenedes.com\/web\/wp-content\/uploads\/2020\/09\/SABATES-LLAR-DINFANTS-100x100.jpg 100w\" sizes=\"(max-width: 150px) 100vw, 150px\" \/><\/a>\n\t\t\t<\/div><\/figure>\n\t\t<\/div>\n\n<p style=\"text-align: justify;\"><span style=\"color: #000000;\">Aquest dilluns 7 de setembre ha comen\u00e7at el curs a la Llar d\u2019infants l\u2019Oreneta de la Bisbal del Pened\u00e8s. Es tracta d\u2019un curs especial, a causa de la pand\u00e8mia per la Covid-19 i, per aquest motiu, s\u2019han adoptat mesures per evitar possibles brots. Cap persona que no formi part de l\u2019equip de la llar o que no sigui un alumne\/a, pot accedir a l\u2019interior de la llar. Els familiars podran accedir al pati de la llar desinfectant-se les mans a l\u2019entrada i seguint les fletxes marcades a terra. Cap persona podr\u00e0 accedir al recinte si est\u00e0 en a\u00efllament per ser positiu de Covid-19, si est\u00e0 en espera del resultat d\u2019una PCR o una altra prova de diagn\u00f2stic de Covid-19, si conviu amb una persona diagnosticada de Covid-19 o si est\u00e0 en a\u00efllament preventiu per contacte estret d\u2019un positiu per Covid-19.<\/span><\/p>\n<p style=\"text-align: justify;\"><span style=\"color: #000000;\">Els\/les alumnes no podran accedir al centre educatiu si tenen febr\u00edcula o febre, tos o dificultat per respirar, mal de coll, congesti\u00f3 nasal, v\u00f2mits o diarrees, mal de cap o dolor muscular.<\/span><\/p>\n<p style=\"text-align: justify;\"><span style=\"color: #000000;\">A m\u00e9s, des del centre s\u2019han establert els protocols d\u2019actuaci\u00f3 en cas d\u2019un possible cas de Covid-19 en un grup\u00a0 i quin ser\u00e0 el pla d\u2019actuaci\u00f3 en cada cas. Podeu trobar aquesta informaci\u00f3 al web de la Llar d\u2019Infants l\u2019Oreneta: <a style=\"color: #000000;\" href=\"http:\/\/www.llardinfantsloreneta.cat\">www.llardinfantsloreneta.cat<\/a><\/span><\/p>\n<p style=\"text-align: justify;\"><span style=\"color: #000000;\">A banda de les mesures, des del centre han explicat que \u00e9s imprescindible que les fam\u00edlies continu\u00efn amb les mesures fora de la llar per evitar possibles contagis i detectar-los aviat, en cas que es donin.<\/span><\/p>\n<hr \/>\n<p style=\"text-align: justify;\"><span style=\"color: #000000;\"><strong>CASTELLANO |<\/strong> Este lunes 7 de septiembre ha empezado el curso en la <em>Llar d\u2019infants l\u2019Oreneta<\/em> de la Bisbal del Pened\u00e8s. Se trata de un curso especial, a causa de la pandemia por la Covid-19 y, por este motivo, se han adoptado medidas para evitar posibles brotes. Ninguna persona que no forme parte del equipo del centro o que no sea un alumno\/a, puede acceder en el interior del edificio. Los familiares podr\u00e1n acceder al patio desinfect\u00e1ndose las manos en la entrada y siguiendo las flechas marcadas en el suelo. Nadie podr\u00e1 acceder al recinto si est\u00e1 en aislamiento por ser positivo de Covid-19, si est\u00e1 en espera del resultado de una prueba PCR u otra prueba de diagn\u00f3stico de Covid-19, si convive con una persona diagnosticada de Covid-19 o si est\u00e1 en aislamiento preventivo por contacto estrecho con un positivo por Covid-19.<\/span><\/p>\n<p style=\"text-align: justify;\"><span style=\"color: #000000;\">Los\/las alumnos\/as no podr\u00e1n acceder en el centro educativo si tienen febr\u00edcula o fiebre, tos o dificultad para respirar, dolor de garganta, congesti\u00f3n nasal, v\u00f3mitos o diarreas, dolor de cabeza o dolor muscular.<\/span><\/p>\n<p style=\"text-align: justify;\"><span style=\"color: #000000;\">Adem\u00e1s, desde el centro se han establecido los protocolos de actuaci\u00f3n en caso de un posible caso de Covid-19 en un grupo y cu\u00e1l ser\u00e1 el plan de actuaci\u00f3n en cada caso. Pod\u00e9is encontrar esta informaci\u00f3n en la web de la <em>Llar d\u2019infants l\u2019Oreneta:<\/em> <a href=\"http:\/\/www.llardinfantsloreneta.cat\" target=\"_blank\">www.llardinfantsloreneta.cat<\/a><\/span><\/p>\n<p style=\"text-align: justify;\"><span style=\"color: #000000;\">M\u00e1s all\u00e1 de las medidas, desde el centro han explicado que es imprescindible que las familias contin\u00faen con las medidas fuera del centro para evitar posibles contagios y detectarlos pronto, en caso de que se den.<\/span><\/p>\n","protected":false},"excerpt":{"rendered":"<p>Aquest dilluns 7 de setembre ha comen\u00e7at el curs a la Llar d\u2019infants l\u2019Oreneta de la Bisbal del Pened\u00e8s. Es tracta d\u2019un curs especial, a causa de la pand\u00e8mia per &hellip; <a href=\"https:\/\/bisbalpenedes.com\/web\/2020\/09\/07\/14568\/\" class=\"more-link\">Read More<\/a><\/p>\n","protected":false},"author":4,"featured_media":14569,"comment_status":"closed","ping_status":"closed","sticky":false,"template":"","format":"standard","meta":[],"categories":[16,8],"tags":[3559,4014,4013,272,4015,886],"_links":{"self":[{"href":"https:\/\/bisbalpenedes.com\/web\/wp-json\/wp\/v2\/posts\/14568"}],"collection":[{"href":"https:\/\/bisbalpenedes.com\/web\/wp-json\/wp\/v2\/posts"}],"about":[{"href":"https:\/\/bisbalpenedes.com\/web\/wp-json\/wp\/v2\/types\/post"}],"author":[{"embeddable":true,"href":"https:\/\/bisbalpenedes.com\/web\/wp-json\/wp\/v2\/users\/4"}],"replies":[{"embeddable":true,"href":"https:\/\/bisbalpenedes.com\/web\/wp-json\/wp\/v2\/comments?post=14568"}],"version-history":[{"count":2,"href":"https:\/\/bisbalpenedes.com\/web\/wp-json\/wp\/v2\/posts\/14568\/revisions"}],"predecessor-version":[{"id":14574,"href":"https:\/\/bisbalpenedes.com\/web\/wp-json\/wp\/v2\/posts\/14568\/revisions\/14574"}],"wp:featuredmedia":[{"embeddable":true,"href":"https:\/\/bisbalpenedes.com\/web\/wp-json\/wp\/v2\/media\/14569"}],"wp:attachment":[{"href":"https:\/\/bisbalpenedes.com\/web\/wp-json\/wp\/v2\/media?parent=14568"}],"wp:term":[{"taxonomy":"category","embeddable":true,"href":"https:\/\/bisbalpenedes.com\/web\/wp-json\/wp\/v2\/categories?post=14568"},{"taxonomy":"post_tag","embeddable":true,"href":"https:\/\/bisbalpenedes.com\/web\/wp-json\/wp\/v2\/tags?post=14568"}],"curies":[{"name":"wp","href":"https:\/\/api.w.org\/{rel}","templated":true}]}}