{"id":14552,"date":"2020-09-04T12:18:50","date_gmt":"2020-09-04T10:18:50","guid":{"rendered":"http:\/\/bisbalpenedes.com\/web\/?p=14552"},"modified":"2020-09-04T12:18:50","modified_gmt":"2020-09-04T10:18:50","slug":"per-tu-i-per-mi-ara-compra-daqui-campanya-per-promoure-els-comercos-dalimentacio-locals","status":"publish","type":"post","link":"https:\/\/bisbalpenedes.com\/web\/2020\/09\/04\/per-tu-i-per-mi-ara-compra-daqui-campanya-per-promoure-els-comercos-dalimentacio-locals\/","title":{"rendered":"Per tu i per mi, ara compra d\u2019aqu\u00ed &#8211; Campanya per promoure els comer\u00e7os d&#8217;alimentaci\u00f3 locals"},"content":{"rendered":"<p style=\"text-align: justify;\"><span style=\"color: #000000;\">La Regidoria de Comer\u00e7 de l\u2019Ajuntament de la Bisbal del Pened\u00e8s s\u2019ha adherit a la campanya \u201cPer tu i per mi, ara compra d\u2019aqu\u00ed\u201d promoguda per la Diputaci\u00f3 de Tarragona amb l\u2019objectiu de potenciar el comer\u00e7 local d\u2019alimentaci\u00f3 i recon\u00e8ixer el gran esfor\u00e7 que ha realitzat i est\u00e0 realitzant el comer\u00e7 de productes d\u2019alimentaci\u00f3 de proximitat en el marc de la pand\u00e8mia de la Covid-19 i fomentar, alhora, la compra i el consum dels productes alimentaris locals.<\/span><br \/>\n<span style=\"color: #000000;\">La regidora d<span class=\"text_exposed_show\">e Comer\u00e7, Judith Vidal; i l\u2019alcaldessa de la Bisbal del Pened\u00e8s, Agn\u00e8s Ferr\u00e9; han repartit els cartells identificatius de la campanya entre els comer\u00e7os bisbalencs.<\/span><\/span><\/p>\n<div class=\"text_exposed_show\">\n<hr \/>\n<p style=\"text-align: justify;\"><span style=\"color: #000000;\">La Concejal\u00eda de Comercio del Ayuntamiento de la Bisbal del Pened\u00e8s se ha adherido a la campa\u00f1a \u201cPor ti por mi, ahora compra aqu\u00ed\u201d promovida por la Diputaci\u00f3n de Tarragona con el objetivo de potenciar el comercio local de alimentaci\u00f3n y reconocer el gran esfuerzo que ha realizado y est\u00e1 realizando el comercio productos de alimentaci\u00f3n proximidad en el marco de la pandemia de la Covid-19 y fomentar, a la vez, la compra y el consumo de los productos alimenticios locales. La regidora de Comercio, Judith Vidal; y la alcaldesa de la Bisbal del Pened\u00e8s, Agn\u00e8s Ferr\u00e9; han repartido los carteles identificativos de la campa\u00f1a entre los comercios locales.<\/span><\/p>\n<div id='gallery-1' class='gallery galleryid-14552 gallery-columns-4 gallery-size-thumbnail'><figure class='gallery-item'>\n\t\t\t<div class='gallery-icon landscape'>\n\t\t\t\t<a href='https:\/\/bisbalpenedes.com\/web\/wp-content\/uploads\/2020\/09\/Agro-verd-scaled.jpg'><img width=\"150\" height=\"150\" src=\"https:\/\/bisbalpenedes.com\/web\/wp-content\/uploads\/2020\/09\/Agro-verd-150x150.jpg\" class=\"attachment-thumbnail size-thumbnail\" alt=\"\" loading=\"lazy\" srcset=\"https:\/\/bisbalpenedes.com\/web\/wp-content\/uploads\/2020\/09\/Agro-verd-150x150.jpg 150w, https:\/\/bisbalpenedes.com\/web\/wp-content\/uploads\/2020\/09\/Agro-verd-300x300.jpg 300w, https:\/\/bisbalpenedes.com\/web\/wp-content\/uploads\/2020\/09\/Agro-verd-100x100.jpg 100w\" sizes=\"(max-width: 150px) 100vw, 150px\" \/><\/a>\n\t\t\t<\/div><\/figure><figure class='gallery-item'>\n\t\t\t<div class='gallery-icon landscape'>\n\t\t\t\t<a href='https:\/\/bisbalpenedes.com\/web\/wp-content\/uploads\/2020\/09\/Aliprox-scaled.jpg'><img width=\"150\" height=\"150\" src=\"https:\/\/bisbalpenedes.com\/web\/wp-content\/uploads\/2020\/09\/Aliprox-150x150.jpg\" class=\"attachment-thumbnail size-thumbnail\" alt=\"\" loading=\"lazy\" srcset=\"https:\/\/bisbalpenedes.com\/web\/wp-content\/uploads\/2020\/09\/Aliprox-150x150.jpg 150w, https:\/\/bisbalpenedes.com\/web\/wp-content\/uploads\/2020\/09\/Aliprox-300x300.jpg 300w, https:\/\/bisbalpenedes.com\/web\/wp-content\/uploads\/2020\/09\/Aliprox-100x100.jpg 100w\" sizes=\"(max-width: 150px) 100vw, 150px\" \/><\/a>\n\t\t\t<\/div><\/figure><figure class='gallery-item'>\n\t\t\t<div class='gallery-icon landscape'>\n\t\t\t\t<a href='https:\/\/bisbalpenedes.com\/web\/wp-content\/uploads\/2020\/09\/Cal-Pere-Busquet-scaled.jpg'><img width=\"150\" height=\"150\" src=\"https:\/\/bisbalpenedes.com\/web\/wp-content\/uploads\/2020\/09\/Cal-Pere-Busquet-150x150.jpg\" class=\"attachment-thumbnail size-thumbnail\" alt=\"\" loading=\"lazy\" srcset=\"https:\/\/bisbalpenedes.com\/web\/wp-content\/uploads\/2020\/09\/Cal-Pere-Busquet-150x150.jpg 150w, https:\/\/bisbalpenedes.com\/web\/wp-content\/uploads\/2020\/09\/Cal-Pere-Busquet-300x300.jpg 300w, https:\/\/bisbalpenedes.com\/web\/wp-content\/uploads\/2020\/09\/Cal-Pere-Busquet-100x100.jpg 100w\" sizes=\"(max-width: 150px) 100vw, 150px\" \/><\/a>\n\t\t\t<\/div><\/figure><figure class='gallery-item'>\n\t\t\t<div class='gallery-icon landscape'>\n\t\t\t\t<a href='https:\/\/bisbalpenedes.com\/web\/wp-content\/uploads\/2020\/09\/Forn-Aresmar-scaled.jpg'><img width=\"150\" height=\"150\" src=\"https:\/\/bisbalpenedes.com\/web\/wp-content\/uploads\/2020\/09\/Forn-Aresmar-150x150.jpg\" class=\"attachment-thumbnail size-thumbnail\" alt=\"\" loading=\"lazy\" srcset=\"https:\/\/bisbalpenedes.com\/web\/wp-content\/uploads\/2020\/09\/Forn-Aresmar-150x150.jpg 150w, https:\/\/bisbalpenedes.com\/web\/wp-content\/uploads\/2020\/09\/Forn-Aresmar-300x300.jpg 300w, https:\/\/bisbalpenedes.com\/web\/wp-content\/uploads\/2020\/09\/Forn-Aresmar-100x100.jpg 100w\" sizes=\"(max-width: 150px) 100vw, 150px\" \/><\/a>\n\t\t\t<\/div><\/figure><figure class='gallery-item'>\n\t\t\t<div class='gallery-icon landscape'>\n\t\t\t\t<a href='https:\/\/bisbalpenedes.com\/web\/wp-content\/uploads\/2020\/09\/Forn-de-les-escales-scaled.jpg'><img width=\"150\" height=\"150\" src=\"https:\/\/bisbalpenedes.com\/web\/wp-content\/uploads\/2020\/09\/Forn-de-les-escales-150x150.jpg\" class=\"attachment-thumbnail size-thumbnail\" alt=\"\" loading=\"lazy\" srcset=\"https:\/\/bisbalpenedes.com\/web\/wp-content\/uploads\/2020\/09\/Forn-de-les-escales-150x150.jpg 150w, https:\/\/bisbalpenedes.com\/web\/wp-content\/uploads\/2020\/09\/Forn-de-les-escales-300x300.jpg 300w, https:\/\/bisbalpenedes.com\/web\/wp-content\/uploads\/2020\/09\/Forn-de-les-escales-100x100.jpg 100w\" sizes=\"(max-width: 150px) 100vw, 150px\" \/><\/a>\n\t\t\t<\/div><\/figure><figure class='gallery-item'>\n\t\t\t<div class='gallery-icon landscape'>\n\t\t\t\t<a href='https:\/\/bisbalpenedes.com\/web\/wp-content\/uploads\/2020\/09\/Fruites-Montserrat-scaled.jpg'><img width=\"150\" height=\"150\" src=\"https:\/\/bisbalpenedes.com\/web\/wp-content\/uploads\/2020\/09\/Fruites-Montserrat-150x150.jpg\" class=\"attachment-thumbnail size-thumbnail\" alt=\"\" loading=\"lazy\" srcset=\"https:\/\/bisbalpenedes.com\/web\/wp-content\/uploads\/2020\/09\/Fruites-Montserrat-150x150.jpg 150w, https:\/\/bisbalpenedes.com\/web\/wp-content\/uploads\/2020\/09\/Fruites-Montserrat-300x300.jpg 300w, https:\/\/bisbalpenedes.com\/web\/wp-content\/uploads\/2020\/09\/Fruites-Montserrat-100x100.jpg 100w\" sizes=\"(max-width: 150px) 100vw, 150px\" \/><\/a>\n\t\t\t<\/div><\/figure><figure class='gallery-item'>\n\t\t\t<div class='gallery-icon landscape'>\n\t\t\t\t<a href='https:\/\/bisbalpenedes.com\/web\/wp-content\/uploads\/2020\/09\/Peixateries-Josep-scaled.jpg'><img width=\"150\" height=\"150\" src=\"https:\/\/bisbalpenedes.com\/web\/wp-content\/uploads\/2020\/09\/Peixateries-Josep-150x150.jpg\" class=\"attachment-thumbnail size-thumbnail\" alt=\"\" loading=\"lazy\" srcset=\"https:\/\/bisbalpenedes.com\/web\/wp-content\/uploads\/2020\/09\/Peixateries-Josep-150x150.jpg 150w, https:\/\/bisbalpenedes.com\/web\/wp-content\/uploads\/2020\/09\/Peixateries-Josep-300x300.jpg 300w, https:\/\/bisbalpenedes.com\/web\/wp-content\/uploads\/2020\/09\/Peixateries-Josep-100x100.jpg 100w\" sizes=\"(max-width: 150px) 100vw, 150px\" \/><\/a>\n\t\t\t<\/div><\/figure><figure class='gallery-item'>\n\t\t\t<div class='gallery-icon landscape'>\n\t\t\t\t<a href='https:\/\/bisbalpenedes.com\/web\/wp-content\/uploads\/2020\/09\/Supermercat-Jaume-scaled.jpg'><img width=\"150\" height=\"150\" src=\"https:\/\/bisbalpenedes.com\/web\/wp-content\/uploads\/2020\/09\/Supermercat-Jaume-150x150.jpg\" class=\"attachment-thumbnail size-thumbnail\" alt=\"\" loading=\"lazy\" srcset=\"https:\/\/bisbalpenedes.com\/web\/wp-content\/uploads\/2020\/09\/Supermercat-Jaume-150x150.jpg 150w, https:\/\/bisbalpenedes.com\/web\/wp-content\/uploads\/2020\/09\/Supermercat-Jaume-300x300.jpg 300w, https:\/\/bisbalpenedes.com\/web\/wp-content\/uploads\/2020\/09\/Supermercat-Jaume-100x100.jpg 100w\" sizes=\"(max-width: 150px) 100vw, 150px\" \/><\/a>\n\t\t\t<\/div><\/figure>\n\t\t<\/div>\n\n<\/div>\n","protected":false},"excerpt":{"rendered":"<p>La Regidoria de Comer\u00e7 de l\u2019Ajuntament de la Bisbal del Pened\u00e8s s\u2019ha adherit a la campanya \u201cPer tu i per mi, ara compra d\u2019aqu\u00ed\u201d promoguda per la Diputaci\u00f3 de Tarragona &hellip; <a href=\"https:\/\/bisbalpenedes.com\/web\/2020\/09\/04\/per-tu-i-per-mi-ara-compra-daqui-campanya-per-promoure-els-comercos-dalimentacio-locals\/\" class=\"more-link\">Read More<\/a><\/p>\n","protected":false},"author":4,"featured_media":14561,"comment_status":"closed","ping_status":"closed","sticky":false,"template":"","format":"standard","meta":[],"categories":[3860,8],"tags":[4007,152,3377,4008,329,1491,4010,4009,4011,4012,3376],"_links":{"self":[{"href":"https:\/\/bisbalpenedes.com\/web\/wp-json\/wp\/v2\/posts\/14552"}],"collection":[{"href":"https:\/\/bisbalpenedes.com\/web\/wp-json\/wp\/v2\/posts"}],"about":[{"href":"https:\/\/bisbalpenedes.com\/web\/wp-json\/wp\/v2\/types\/post"}],"author":[{"embeddable":true,"href":"https:\/\/bisbalpenedes.com\/web\/wp-json\/wp\/v2\/users\/4"}],"replies":[{"embeddable":true,"href":"https:\/\/bisbalpenedes.com\/web\/wp-json\/wp\/v2\/comments?post=14552"}],"version-history":[{"count":1,"href":"https:\/\/bisbalpenedes.com\/web\/wp-json\/wp\/v2\/posts\/14552\/revisions"}],"predecessor-version":[{"id":14562,"href":"https:\/\/bisbalpenedes.com\/web\/wp-json\/wp\/v2\/posts\/14552\/revisions\/14562"}],"wp:featuredmedia":[{"embeddable":true,"href":"https:\/\/bisbalpenedes.com\/web\/wp-json\/wp\/v2\/media\/14561"}],"wp:attachment":[{"href":"https:\/\/bisbalpenedes.com\/web\/wp-json\/wp\/v2\/media?parent=14552"}],"wp:term":[{"taxonomy":"category","embeddable":true,"href":"https:\/\/bisbalpenedes.com\/web\/wp-json\/wp\/v2\/categories?post=14552"},{"taxonomy":"post_tag","embeddable":true,"href":"https:\/\/bisbalpenedes.com\/web\/wp-json\/wp\/v2\/tags?post=14552"}],"curies":[{"name":"wp","href":"https:\/\/api.w.org\/{rel}","templated":true}]}}