{"id":14549,"date":"2020-09-04T11:41:27","date_gmt":"2020-09-04T09:41:27","guid":{"rendered":"http:\/\/bisbalpenedes.com\/web\/?p=14549"},"modified":"2020-09-04T11:41:27","modified_gmt":"2020-09-04T09:41:27","slug":"entrades-exhaurides-per-a-lespectacle-nua-davui-divendres","status":"publish","type":"post","link":"https:\/\/bisbalpenedes.com\/web\/2020\/09\/04\/entrades-exhaurides-per-a-lespectacle-nua-davui-divendres\/","title":{"rendered":"Entrades exhaurides per a l&#8217;espectacle NUA d&#8217;avui divendres"},"content":{"rendered":"<p style=\"text-align: justify;\"><span style=\"color: #000000;\">Entrades exhaurides per a l&#8217;espectacle NUA d&#8217;avui divendres. Gr\u00e0cies a tots i totes.<\/span><br \/>\n<span style=\"color: #000000;\">Disculpes als\/les que us heu quedat sense entrada. Hem arribat al m\u00e0xim d&#8217;aforament perm\u00e8s per poder complir les mesures de prevenci\u00f3 per la Covid-19 i no podem fer excepcions.<\/span><\/p>\n<hr \/>\n<p style=\"text-align: justify;\">\n<span class=\"text_exposed_show\" style=\"color: #000000;\">Entradas agotadas para el espect\u00e1culo NUA de hoy viernes. Gracias a todos y todas.<br \/>\nDisculpas a los\/las que os hab\u00e9is quedado sin entrada. Hemos llegado al m\u00e1ximo de aforo permitido para poder cumplir las medidas de prevenci\u00f3n por la Covid-19 y no podemos hacer excepciones.<\/span><\/p>\n<p style=\"text-align: justify;\"><a href=\"http:\/\/bisbalpenedes.com\/web\/wp-content\/uploads\/2020\/09\/AFORAMENT-COMPLET-FESTIVAL-EVA.jpeg\"><img loading=\"lazy\" class=\"aligncenter size-large wp-image-14550\" src=\"http:\/\/bisbalpenedes.com\/web\/wp-content\/uploads\/2020\/09\/AFORAMENT-COMPLET-FESTIVAL-EVA-724x1024.jpeg\" alt=\"AFORAMENT COMPLET FESTIVAL EVA\" width=\"630\" height=\"891\" srcset=\"https:\/\/bisbalpenedes.com\/web\/wp-content\/uploads\/2020\/09\/AFORAMENT-COMPLET-FESTIVAL-EVA-724x1024.jpeg 724w, https:\/\/bisbalpenedes.com\/web\/wp-content\/uploads\/2020\/09\/AFORAMENT-COMPLET-FESTIVAL-EVA-600x848.jpeg 600w, https:\/\/bisbalpenedes.com\/web\/wp-content\/uploads\/2020\/09\/AFORAMENT-COMPLET-FESTIVAL-EVA-212x300.jpeg 212w, https:\/\/bisbalpenedes.com\/web\/wp-content\/uploads\/2020\/09\/AFORAMENT-COMPLET-FESTIVAL-EVA-768x1086.jpeg 768w, https:\/\/bisbalpenedes.com\/web\/wp-content\/uploads\/2020\/09\/AFORAMENT-COMPLET-FESTIVAL-EVA.jpeg 1132w\" sizes=\"(max-width: 630px) 100vw, 630px\" \/><\/a><\/p>\n","protected":false},"excerpt":{"rendered":"<p>Entrades exhaurides per a l&#8217;espectacle NUA d&#8217;avui divendres. Gr\u00e0cies a tots i totes. Disculpes als\/les que us heu quedat sense entrada. Hem arribat al m\u00e0xim d&#8217;aforament perm\u00e8s per poder complir &hellip; <a href=\"https:\/\/bisbalpenedes.com\/web\/2020\/09\/04\/entrades-exhaurides-per-a-lespectacle-nua-davui-divendres\/\" class=\"more-link\">Read More<\/a><\/p>\n","protected":false},"author":4,"featured_media":14550,"comment_status":"closed","ping_status":"closed","sticky":false,"template":"","format":"standard","meta":[],"categories":[13,8],"tags":[225,1807,3997],"_links":{"self":[{"href":"https:\/\/bisbalpenedes.com\/web\/wp-json\/wp\/v2\/posts\/14549"}],"collection":[{"href":"https:\/\/bisbalpenedes.com\/web\/wp-json\/wp\/v2\/posts"}],"about":[{"href":"https:\/\/bisbalpenedes.com\/web\/wp-json\/wp\/v2\/types\/post"}],"author":[{"embeddable":true,"href":"https:\/\/bisbalpenedes.com\/web\/wp-json\/wp\/v2\/users\/4"}],"replies":[{"embeddable":true,"href":"https:\/\/bisbalpenedes.com\/web\/wp-json\/wp\/v2\/comments?post=14549"}],"version-history":[{"count":1,"href":"https:\/\/bisbalpenedes.com\/web\/wp-json\/wp\/v2\/posts\/14549\/revisions"}],"predecessor-version":[{"id":14551,"href":"https:\/\/bisbalpenedes.com\/web\/wp-json\/wp\/v2\/posts\/14549\/revisions\/14551"}],"wp:featuredmedia":[{"embeddable":true,"href":"https:\/\/bisbalpenedes.com\/web\/wp-json\/wp\/v2\/media\/14550"}],"wp:attachment":[{"href":"https:\/\/bisbalpenedes.com\/web\/wp-json\/wp\/v2\/media?parent=14549"}],"wp:term":[{"taxonomy":"category","embeddable":true,"href":"https:\/\/bisbalpenedes.com\/web\/wp-json\/wp\/v2\/categories?post=14549"},{"taxonomy":"post_tag","embeddable":true,"href":"https:\/\/bisbalpenedes.com\/web\/wp-json\/wp\/v2\/tags?post=14549"}],"curies":[{"name":"wp","href":"https:\/\/api.w.org\/{rel}","templated":true}]}}