{"id":14535,"date":"2020-09-02T13:53:07","date_gmt":"2020-09-02T11:53:07","guid":{"rendered":"http:\/\/bisbalpenedes.com\/web\/?p=14535"},"modified":"2020-09-02T13:53:07","modified_gmt":"2020-09-02T11:53:07","slug":"horari-datencio-a-la-ciutadania-de-lajuntament-de-la-bisbal-del-penedes-2","status":"publish","type":"post","link":"https:\/\/bisbalpenedes.com\/web\/2020\/09\/02\/horari-datencio-a-la-ciutadania-de-lajuntament-de-la-bisbal-del-penedes-2\/","title":{"rendered":"Horari d&#8217;atenci\u00f3 a la ciutadania de l&#8217;Ajuntament de la Bisbal del Pened\u00e8s"},"content":{"rendered":"<p>Des d&#8217;aquesta setmana i fins al 15 de juny, l&#8217;horari d&#8217;atenci\u00f3 al p\u00fablic de l&#8217;Ajuntament de la Bisbal del Pened\u00e8s ser\u00e0 el seg\u00fcent:<\/p>\n<ul>\n<li>Dilluns: de 09:00h a 14:00h i de 16:00h a 19:00h<\/li>\n<li>De dimarts a divendres de 09:00h a 14:00h<\/li>\n<\/ul>\n<hr \/>\n<p>Desde esta semana yo de atenci\u00f3n al p\u00fablico del Ayuntamiento de la Bisbal del Pened\u00e8s:<\/p>\n<ul>\n<li>Lunes: de 09:00h a 14:00h y de 16:00h a 19:00h<\/li>\n<li>De martes a viernes de 09:00h a 14:00h<\/li>\n<\/ul>\n<p><a href=\"http:\/\/bisbalpenedes.com\/web\/wp-content\/uploads\/2020\/09\/36B610B9-7D71-42BF-9015-9A464B858F72.jpeg\"><img loading=\"lazy\" class=\"aligncenter size-full wp-image-14536\" src=\"http:\/\/bisbalpenedes.com\/web\/wp-content\/uploads\/2020\/09\/36B610B9-7D71-42BF-9015-9A464B858F72.jpeg\" alt=\"36B610B9-7D71-42BF-9015-9A464B858F72\" width=\"1242\" height=\"1242\" srcset=\"https:\/\/bisbalpenedes.com\/web\/wp-content\/uploads\/2020\/09\/36B610B9-7D71-42BF-9015-9A464B858F72.jpeg 1242w, https:\/\/bisbalpenedes.com\/web\/wp-content\/uploads\/2020\/09\/36B610B9-7D71-42BF-9015-9A464B858F72-300x300.jpeg 300w, https:\/\/bisbalpenedes.com\/web\/wp-content\/uploads\/2020\/09\/36B610B9-7D71-42BF-9015-9A464B858F72-100x100.jpeg 100w, https:\/\/bisbalpenedes.com\/web\/wp-content\/uploads\/2020\/09\/36B610B9-7D71-42BF-9015-9A464B858F72-600x600.jpeg 600w, https:\/\/bisbalpenedes.com\/web\/wp-content\/uploads\/2020\/09\/36B610B9-7D71-42BF-9015-9A464B858F72-150x150.jpeg 150w, https:\/\/bisbalpenedes.com\/web\/wp-content\/uploads\/2020\/09\/36B610B9-7D71-42BF-9015-9A464B858F72-768x768.jpeg 768w, https:\/\/bisbalpenedes.com\/web\/wp-content\/uploads\/2020\/09\/36B610B9-7D71-42BF-9015-9A464B858F72-1024x1024.jpeg 1024w\" sizes=\"(max-width: 1242px) 100vw, 1242px\" \/><\/a><\/p>\n","protected":false},"excerpt":{"rendered":"<p>Des d&#8217;aquesta setmana i fins al 15 de juny, l&#8217;horari d&#8217;atenci\u00f3 al p\u00fablic de l&#8217;Ajuntament de la Bisbal del Pened\u00e8s ser\u00e0 el seg\u00fcent: Dilluns: de 09:00h a 14:00h i de &hellip; <a href=\"https:\/\/bisbalpenedes.com\/web\/2020\/09\/02\/horari-datencio-a-la-ciutadania-de-lajuntament-de-la-bisbal-del-penedes-2\/\" class=\"more-link\">Read More<\/a><\/p>\n","protected":false},"author":4,"featured_media":14536,"comment_status":"closed","ping_status":"closed","sticky":false,"template":"","format":"standard","meta":[],"categories":[1628],"tags":[784],"_links":{"self":[{"href":"https:\/\/bisbalpenedes.com\/web\/wp-json\/wp\/v2\/posts\/14535"}],"collection":[{"href":"https:\/\/bisbalpenedes.com\/web\/wp-json\/wp\/v2\/posts"}],"about":[{"href":"https:\/\/bisbalpenedes.com\/web\/wp-json\/wp\/v2\/types\/post"}],"author":[{"embeddable":true,"href":"https:\/\/bisbalpenedes.com\/web\/wp-json\/wp\/v2\/users\/4"}],"replies":[{"embeddable":true,"href":"https:\/\/bisbalpenedes.com\/web\/wp-json\/wp\/v2\/comments?post=14535"}],"version-history":[{"count":1,"href":"https:\/\/bisbalpenedes.com\/web\/wp-json\/wp\/v2\/posts\/14535\/revisions"}],"predecessor-version":[{"id":14537,"href":"https:\/\/bisbalpenedes.com\/web\/wp-json\/wp\/v2\/posts\/14535\/revisions\/14537"}],"wp:featuredmedia":[{"embeddable":true,"href":"https:\/\/bisbalpenedes.com\/web\/wp-json\/wp\/v2\/media\/14536"}],"wp:attachment":[{"href":"https:\/\/bisbalpenedes.com\/web\/wp-json\/wp\/v2\/media?parent=14535"}],"wp:term":[{"taxonomy":"category","embeddable":true,"href":"https:\/\/bisbalpenedes.com\/web\/wp-json\/wp\/v2\/categories?post=14535"},{"taxonomy":"post_tag","embeddable":true,"href":"https:\/\/bisbalpenedes.com\/web\/wp-json\/wp\/v2\/tags?post=14535"}],"curies":[{"name":"wp","href":"https:\/\/api.w.org\/{rel}","templated":true}]}}