{"id":14509,"date":"2020-08-31T07:57:55","date_gmt":"2020-08-31T05:57:55","guid":{"rendered":"http:\/\/bisbalpenedes.com\/web\/?p=14509"},"modified":"2020-08-31T07:58:33","modified_gmt":"2020-08-31T05:58:33","slug":"sobre-el-proces-per-a-la-creacio-duna-borsa-de-treball-doperarisaries-de-la-brigada-jardineria-i-neteja-via-publica","status":"publish","type":"post","link":"https:\/\/bisbalpenedes.com\/web\/2020\/08\/31\/sobre-el-proces-per-a-la-creacio-duna-borsa-de-treball-doperarisaries-de-la-brigada-jardineria-i-neteja-via-publica\/","title":{"rendered":"S\u2019obre el proc\u00e9s per a la creaci\u00f3 d\u2019una borsa de treball d\u2019operaris\/\u00e0ries de la brigada (jardineria i neteja via p\u00fablica)"},"content":{"rendered":"<p>&nbsp;<\/p>\n<p><span style=\"color: #000000;\">Llegiu amb deteniment els requisits per presentar-s\u2019hi abans de cursar la sol\u00b7licitud. Podeu consultar les bases a l\u2019enlla\u00e7:<\/span> <a href=\"http:\/\/bisbalpenedes.com\/web\/wp-content\/uploads\/2020\/08\/BASES-CONVOCATORIA-OPERARI_A-JARDINERIA-I-NETEJA-VIA-PUBLICA.pdf\">http:\/\/bisbalpenedes.com\/web\/wp-content\/uploads\/2020\/08\/BASES-CONVOCATORIA-OPERARI_A-JARDINERIA-I-NETEJA-VIA-PUBLICA.pdf<\/a><\/p>\n<p><span style=\"color: #000000;\">En aquest enlla\u00e7 podreu descarregar el model de sol\u00b7licitud:<\/span> <a href=\"http:\/\/bisbalpenedes.com\/web\/wp-content\/uploads\/2020\/08\/Sol-licitud-participacio-borsa-jardineria-i-neteja-via-publica.doc\">http:\/\/bisbalpenedes.com\/web\/wp-content\/uploads\/2020\/08\/Sol-licitud-participacio-borsa-jardineria-i-neteja-via-publica.doc<\/a><\/p>\n<p><span style=\"color: #000000;\">Aquest dilluns 31 d\u2019agost de 2020 s\u2019inicia el termini per presentar sol\u00b7licituds per entrar a formar part de la borsa de treball d\u2019operaris\/\u00e0ries de la brigada (jardineria i neteja de la via p\u00fablica) que permeti cobrir vacants quan no sigui possible la cobertura amb car\u00e0cter fix, aix\u00ed com baixes, vacances, permisos, llic\u00e8ncies i altres necessitats circumstancials del servei. El lloc de treball d\u2019operari brigada d\u2019especialitat jardineria i neteja de la via p\u00fablica, \u00e9s un lloc de treball b\u00e0sic a l\u2019Ajuntament.<\/span><\/p>\n<p><span style=\"color: #000000;\">Les funcions b\u00e0siques del lloc de feina s\u00f3n:<\/span><\/p>\n<ol>\n<li><span style=\"color: #000000;\">Neteja dels carrers, places, vies i espais oberts de titularitat municipals.<\/span><\/li>\n<li><span style=\"color: #000000;\">Actuacions de neteja, conservaci\u00f3, manteniment i millora de zones verdes p\u00fabliques.<\/span><\/li>\n<li><span style=\"color: #000000;\">Actuacions de conservaci\u00f3, manteniment i millora de l\u2019arbrat municipal existent en el nucli urb\u00e0 i en sectors de sol urb\u00e0<\/span><\/li>\n<\/ol>\n<p><span style=\"color: #000000;\">El termini per presentar inst\u00e0ncies estar\u00e0 obert del 31 d\u2019agost al 14 de setembre de 2020, ambd\u00f3s inclosos. La convocat\u00f2ria i les bases es poden consultar a la Seu electr\u00f2nica i al Portal de Transpar\u00e8ncia:<\/span> <a href=\"https:\/\/bisbalpenedes.eadministracio.cat\/board\">https:\/\/bisbalpenedes.eadministracio.cat\/board<\/a><\/p>\n<p><span style=\"color: #000000;\">La resta de publicacions del proc\u00e9s selectiu es realitzaran a la Seu electr\u00f2nica en els termes establerts a les Bases.<\/span><\/p>\n<p><span style=\"color: #000000;\">La Junta de govern del 24 d\u2019agost va aprovar constituir una borsa de treball d\u2019operaris\/\u00e0ries de la brigada (jardineria i neteja de la via p\u00fablica) que permeti cobrir les vacants quan no sigui possible la cobertura amb car\u00e0cter fix, aix\u00ed com les baixes, vacances, permisos, llic\u00e8ncies i altres necessitats circumstancials del servei. Tamb\u00e9 es van aprovar les bases del proc\u00e9s de selecci\u00f3 i la selecci\u00f3 per a aquesta borsa de treball.<\/span><\/p>\n<p><span style=\"color: #000000;\">La borsa de treball tindr\u00e0 una vig\u00e8ncia de dos anys a comptar des de la data de la seva aprovaci\u00f3 per resoluci\u00f3 de l&#8217;alcaldessa.Totes les persones que superin aquest proc\u00e9s de selecci\u00f3\u00a0 s\u2019inclouran en una borsa de treball per a les futures contractacions que siguin necess\u00e0ries per cobrir vacants temporalment de la brigada municipal ordenades segons la puntuaci\u00f3 obtinguda. En el moment que hi hagi una substituci\u00f3, s\u2019oferir\u00e0 als aspirants la contractaci\u00f3 per rigor\u00f3s ordre de puntuaci\u00f3 de la borsa.<\/span><\/p>\n<hr \/>\n<p><span style=\"color: #000000;\"><strong>CASTELLANO | Se abre el proceso para la creaci\u00f3n de una bolsa de trabajo de operarios\/as de la brigada (jardiner\u00eda y limpieza de v\u00eda p\u00fablica)<\/strong><\/span><\/p>\n<p><span style=\"color: #000000;\">Leed con detenimiento los requisitos para presentarse antes de cursar la solicitud. Pod\u00e9is consultar las bases en el enlace:<\/span> <a href=\"http:\/\/bisbalpenedes.com\/web\/wp-content\/uploads\/2020\/08\/BASES-CONVOCATORIA-OPERARI_A-JARDINERIA-I-NETEJA-VIA-PUBLICA.pdf\">http:\/\/bisbalpenedes.com\/web\/wp-content\/uploads\/2020\/08\/BASES-CONVOCATORIA-OPERARI_A-JARDINERIA-I-NETEJA-VIA-PUBLICA.pdf<\/a><\/p>\n<p><span style=\"color: #000000;\">En este enlace podr\u00e9is descargar el modelo de solicitud:<\/span> <a href=\"http:\/\/bisbalpenedes.com\/web\/wp-content\/uploads\/2020\/08\/Sol-licitud-participacio-borsa-jardineria-i-neteja-via-publica.doc\">http:\/\/bisbalpenedes.com\/web\/wp-content\/uploads\/2020\/08\/Sol-licitud-participacio-borsa-jardineria-i-neteja-via-publica.doc<\/a><\/p>\n<p><span style=\"color: #000000;\">Se abre el proceso para la creaci\u00f3n de una bolsa de trabajo de operarios\/arias de la brigada (jardiner\u00eda y limpieza de la v\u00eda p\u00fablica)<\/span><\/p>\n<p><span style=\"color: #000000;\">Este lunes 31 de agosto de 2020 se inicia el plazo para presentar solicitudes para entrar a formar parte de la bolsa de trabajo de operarios\/arias de la brigada (jardiner\u00eda y limpieza de la v\u00eda p\u00fablica) que permita cubrir vacantes cuando no sea posible la cobertura con car\u00e1cter fijo, as\u00ed como bajas, vacaciones, permisos, licencias y otras necesidades circunstanciales del servicio. El puesto de trabajo de operario brigada de especialidad jardiner\u00eda y limpieza de la v\u00eda p\u00fablica, es un puesto de trabajo b\u00e1sico al Ayuntamiento.<\/span><\/p>\n<p><span style=\"color: #000000;\">Las funciones b\u00e1sicas del lugar de trabajo son:<\/span><\/p>\n<ol>\n<li><span style=\"color: #000000;\">Limpieza de las calles, plazas, v\u00edas y espacios abiertos de titularidad municipales.<\/span><\/li>\n<li><span style=\"color: #000000;\">Actuaciones de limpieza, conservaci\u00f3n, mantenimiento y mejora de zonas verdes p\u00fablicas.<\/span><\/li>\n<li><span style=\"color: #000000;\">Actuaciones de conservaci\u00f3n, mantenimiento y mejora del arbolado municipal existente en el casco urbano y en sectores de sol urbano<\/span><\/li>\n<\/ol>\n<p><span style=\"color: #000000;\">El plazo para presentar instancias estar\u00e1 abierto del\u00a0 31 de agosto al 14 de septiembre de 2020, ambos incluidos. La convocatoria y las bases se pueden consultar en la Sede electr\u00f3nica y en el Portal de Transparencia:<\/span> <a href=\"https:\/\/bisbalpenedes.eadministracio.cat\/board\">https:\/\/bisbalpenedes.eadministracio.cat\/board<\/a>. <span style=\"color: #000000;\">El resto de publicaciones del proceso selectivo se realizar\u00e1 en la Sede electr\u00f3nica en los t\u00e9rminos establecidos a las Bases.<\/span><\/p>\n<p><span style=\"color: #000000;\">La Junta de gobierno del 24 de agosto aprob\u00f3 constituir una bolsa de trabajo de operarios\/arias de la brigada (jardiner\u00eda y limpieza de la v\u00eda p\u00fablica) que permita cubrir las vacantes cuando no sea posible la cobertura con car\u00e1cter fijo, as\u00ed como las bajas, vacaciones, permisos, licencias y otras necesidades circunstanciales del servicio. Tambi\u00e9n se aprobaron las bases del proceso de selecci\u00f3n y la selecci\u00f3n para esta bolsa de trabajo.<\/span><\/p>\n<p><span style=\"color: #000000;\">La bolsa de trabajo tendr\u00e1 una vigencia de dos a\u00f1os a contar desde la fecha de su aprobaci\u00f3n por resoluci\u00f3n de la alcaldesa.Todas las personas que superen este proceso de selecci\u00f3n\u00a0 se incluir\u00e1n en una bolsa de trabajo para las futuras contrataciones que sean necesarias para cubrir vacantes temporalmente de la brigada municipal ordenadas seg\u00fan la puntuaci\u00f3n obtenida. En el momento que haya una sustituci\u00f3n, se ofrecer\u00e1 a los aspirantes la contrataci\u00f3n por riguroso orden de puntuaci\u00f3n de la bolsa.<\/span><\/p>\n","protected":false},"excerpt":{"rendered":"<p>&nbsp; Llegiu amb deteniment els requisits per presentar-s\u2019hi abans de cursar la sol\u00b7licitud. Podeu consultar les bases a l\u2019enlla\u00e7: http:\/\/bisbalpenedes.com\/web\/wp-content\/uploads\/2020\/08\/BASES-CONVOCATORIA-OPERARI_A-JARDINERIA-I-NETEJA-VIA-PUBLICA.pdf En aquest enlla\u00e7 podreu descarregar el model de sol\u00b7licitud: http:\/\/bisbalpenedes.com\/web\/wp-content\/uploads\/2020\/08\/Sol-licitud-participacio-borsa-jardineria-i-neteja-via-publica.doc &hellip; <a href=\"https:\/\/bisbalpenedes.com\/web\/2020\/08\/31\/sobre-el-proces-per-a-la-creacio-duna-borsa-de-treball-doperarisaries-de-la-brigada-jardineria-i-neteja-via-publica\/\" class=\"more-link\">Read More<\/a><\/p>\n","protected":false},"author":4,"featured_media":13964,"comment_status":"closed","ping_status":"closed","sticky":false,"template":"","format":"standard","meta":[],"categories":[9],"tags":[42,1422,4004,10,4002],"_links":{"self":[{"href":"https:\/\/bisbalpenedes.com\/web\/wp-json\/wp\/v2\/posts\/14509"}],"collection":[{"href":"https:\/\/bisbalpenedes.com\/web\/wp-json\/wp\/v2\/posts"}],"about":[{"href":"https:\/\/bisbalpenedes.com\/web\/wp-json\/wp\/v2\/types\/post"}],"author":[{"embeddable":true,"href":"https:\/\/bisbalpenedes.com\/web\/wp-json\/wp\/v2\/users\/4"}],"replies":[{"embeddable":true,"href":"https:\/\/bisbalpenedes.com\/web\/wp-json\/wp\/v2\/comments?post=14509"}],"version-history":[{"count":1,"href":"https:\/\/bisbalpenedes.com\/web\/wp-json\/wp\/v2\/posts\/14509\/revisions"}],"predecessor-version":[{"id":14510,"href":"https:\/\/bisbalpenedes.com\/web\/wp-json\/wp\/v2\/posts\/14509\/revisions\/14510"}],"wp:featuredmedia":[{"embeddable":true,"href":"https:\/\/bisbalpenedes.com\/web\/wp-json\/wp\/v2\/media\/13964"}],"wp:attachment":[{"href":"https:\/\/bisbalpenedes.com\/web\/wp-json\/wp\/v2\/media?parent=14509"}],"wp:term":[{"taxonomy":"category","embeddable":true,"href":"https:\/\/bisbalpenedes.com\/web\/wp-json\/wp\/v2\/categories?post=14509"},{"taxonomy":"post_tag","embeddable":true,"href":"https:\/\/bisbalpenedes.com\/web\/wp-json\/wp\/v2\/tags?post=14509"}],"curies":[{"name":"wp","href":"https:\/\/api.w.org\/{rel}","templated":true}]}}