{"id":14498,"date":"2020-08-30T10:04:14","date_gmt":"2020-08-30T08:04:14","guid":{"rendered":"http:\/\/bisbalpenedes.com\/web\/?p=14498"},"modified":"2020-08-30T10:04:14","modified_gmt":"2020-08-30T08:04:14","slug":"actualitzacio-avis-per-intensitat-de-pluja-per-a-avui-diumenge","status":"publish","type":"post","link":"https:\/\/bisbalpenedes.com\/web\/2020\/08\/30\/actualitzacio-avis-per-intensitat-de-pluja-per-a-avui-diumenge\/","title":{"rendered":"Actualitzaci\u00f3: av\u00eds per intensitat de pluja per a avui diumenge"},"content":{"rendered":"<p><span style=\"color: #000000;\">Avui diumenge, a la tarda\/nit, podria ploure amb intensitat segons l&#8217;av\u00eds em\u00e8s pel Servei Meteorol\u00f2gic de Catalunya.<\/span><\/p>\n<hr \/>\n<p><span style=\"color: #000000;\">Hoy domingo, por la tarde\/noche, podr\u00eda llover con intensidad seg\u00fan el aviso emitido por el Servei Meteorol\u00f2gic de Catalunya.<\/span><\/p>\n<p><a href=\"http:\/\/bisbalpenedes.com\/web\/wp-content\/uploads\/2020\/08\/69C5B796-4148-4F47-9FB8-9969E1B8DB05.jpeg\"><img loading=\"lazy\" class=\"aligncenter size-medium wp-image-14499\" src=\"http:\/\/bisbalpenedes.com\/web\/wp-content\/uploads\/2020\/08\/69C5B796-4148-4F47-9FB8-9969E1B8DB05-300x300.jpeg\" alt=\"69C5B796-4148-4F47-9FB8-9969E1B8DB05\" width=\"300\" height=\"300\" srcset=\"https:\/\/bisbalpenedes.com\/web\/wp-content\/uploads\/2020\/08\/69C5B796-4148-4F47-9FB8-9969E1B8DB05-300x300.jpeg 300w, https:\/\/bisbalpenedes.com\/web\/wp-content\/uploads\/2020\/08\/69C5B796-4148-4F47-9FB8-9969E1B8DB05-100x100.jpeg 100w, https:\/\/bisbalpenedes.com\/web\/wp-content\/uploads\/2020\/08\/69C5B796-4148-4F47-9FB8-9969E1B8DB05-600x600.jpeg 600w, https:\/\/bisbalpenedes.com\/web\/wp-content\/uploads\/2020\/08\/69C5B796-4148-4F47-9FB8-9969E1B8DB05-150x150.jpeg 150w, https:\/\/bisbalpenedes.com\/web\/wp-content\/uploads\/2020\/08\/69C5B796-4148-4F47-9FB8-9969E1B8DB05-768x768.jpeg 768w, https:\/\/bisbalpenedes.com\/web\/wp-content\/uploads\/2020\/08\/69C5B796-4148-4F47-9FB8-9969E1B8DB05.jpeg 828w\" sizes=\"(max-width: 300px) 100vw, 300px\" \/><\/a><\/p>\n","protected":false},"excerpt":{"rendered":"<p>Avui diumenge, a la tarda\/nit, podria ploure amb intensitat segons l&#8217;av\u00eds em\u00e8s pel Servei Meteorol\u00f2gic de Catalunya. Hoy domingo, por la tarde\/noche, podr\u00eda llover con intensidad seg\u00fan el aviso emitido &hellip; <a href=\"https:\/\/bisbalpenedes.com\/web\/2020\/08\/30\/actualitzacio-avis-per-intensitat-de-pluja-per-a-avui-diumenge\/\" class=\"more-link\">Read More<\/a><\/p>\n","protected":false},"author":4,"featured_media":14499,"comment_status":"closed","ping_status":"closed","sticky":false,"template":"","format":"standard","meta":[],"categories":[1628,2543,8],"tags":[],"_links":{"self":[{"href":"https:\/\/bisbalpenedes.com\/web\/wp-json\/wp\/v2\/posts\/14498"}],"collection":[{"href":"https:\/\/bisbalpenedes.com\/web\/wp-json\/wp\/v2\/posts"}],"about":[{"href":"https:\/\/bisbalpenedes.com\/web\/wp-json\/wp\/v2\/types\/post"}],"author":[{"embeddable":true,"href":"https:\/\/bisbalpenedes.com\/web\/wp-json\/wp\/v2\/users\/4"}],"replies":[{"embeddable":true,"href":"https:\/\/bisbalpenedes.com\/web\/wp-json\/wp\/v2\/comments?post=14498"}],"version-history":[{"count":1,"href":"https:\/\/bisbalpenedes.com\/web\/wp-json\/wp\/v2\/posts\/14498\/revisions"}],"predecessor-version":[{"id":14500,"href":"https:\/\/bisbalpenedes.com\/web\/wp-json\/wp\/v2\/posts\/14498\/revisions\/14500"}],"wp:featuredmedia":[{"embeddable":true,"href":"https:\/\/bisbalpenedes.com\/web\/wp-json\/wp\/v2\/media\/14499"}],"wp:attachment":[{"href":"https:\/\/bisbalpenedes.com\/web\/wp-json\/wp\/v2\/media?parent=14498"}],"wp:term":[{"taxonomy":"category","embeddable":true,"href":"https:\/\/bisbalpenedes.com\/web\/wp-json\/wp\/v2\/categories?post=14498"},{"taxonomy":"post_tag","embeddable":true,"href":"https:\/\/bisbalpenedes.com\/web\/wp-json\/wp\/v2\/tags?post=14498"}],"curies":[{"name":"wp","href":"https:\/\/api.w.org\/{rel}","templated":true}]}}