{"id":14495,"date":"2020-08-29T11:12:41","date_gmt":"2020-08-29T09:12:41","guid":{"rendered":"http:\/\/bisbalpenedes.com\/web\/?p=14495"},"modified":"2020-08-29T11:12:41","modified_gmt":"2020-08-29T09:12:41","slug":"avis-per-intensitat-de-pluja-per-al-diumenge-30-dagost-a-la-tarda-i-nit","status":"publish","type":"post","link":"https:\/\/bisbalpenedes.com\/web\/2020\/08\/29\/avis-per-intensitat-de-pluja-per-al-diumenge-30-dagost-a-la-tarda-i-nit\/","title":{"rendered":"Av\u00eds per intensitat de pluja per al diumenge 30 d&#8217;agost a la tarda i nit"},"content":{"rendered":"<p style=\"text-align: justify;\"><span style=\"color: #000000;\">Dem\u00e0 diumenge a la tarda\/nit podria ploure amb intensitat, segons l&#8217;av\u00eds em\u00e8s pel Servei Meteorol\u00f2gic de Catalunya.<\/span><\/p>\n<hr \/>\n<p style=\"text-align: justify;\"><span style=\"color: #000000;\">Ma\u00f1ana domingo por la tarde\/noche podr\u00eda llover con intensidad, seg\u00fan el aviso emitido por el Servei Meteorol\u00f2gic de Catalunya.<\/span><\/p>\n<p><a href=\"http:\/\/bisbalpenedes.com\/web\/wp-content\/uploads\/2020\/08\/FB9C4045-9519-4FBB-9AA6-AF3789C7EDF4.jpeg\"><img loading=\"lazy\" class=\"aligncenter size-medium wp-image-14496\" src=\"http:\/\/bisbalpenedes.com\/web\/wp-content\/uploads\/2020\/08\/FB9C4045-9519-4FBB-9AA6-AF3789C7EDF4-300x300.jpeg\" alt=\"FB9C4045-9519-4FBB-9AA6-AF3789C7EDF4\" width=\"300\" height=\"300\" srcset=\"https:\/\/bisbalpenedes.com\/web\/wp-content\/uploads\/2020\/08\/FB9C4045-9519-4FBB-9AA6-AF3789C7EDF4-300x300.jpeg 300w, https:\/\/bisbalpenedes.com\/web\/wp-content\/uploads\/2020\/08\/FB9C4045-9519-4FBB-9AA6-AF3789C7EDF4-100x100.jpeg 100w, https:\/\/bisbalpenedes.com\/web\/wp-content\/uploads\/2020\/08\/FB9C4045-9519-4FBB-9AA6-AF3789C7EDF4-600x600.jpeg 600w, https:\/\/bisbalpenedes.com\/web\/wp-content\/uploads\/2020\/08\/FB9C4045-9519-4FBB-9AA6-AF3789C7EDF4-150x150.jpeg 150w, https:\/\/bisbalpenedes.com\/web\/wp-content\/uploads\/2020\/08\/FB9C4045-9519-4FBB-9AA6-AF3789C7EDF4-768x768.jpeg 768w, https:\/\/bisbalpenedes.com\/web\/wp-content\/uploads\/2020\/08\/FB9C4045-9519-4FBB-9AA6-AF3789C7EDF4.jpeg 828w\" sizes=\"(max-width: 300px) 100vw, 300px\" \/><\/a><\/p>\n","protected":false},"excerpt":{"rendered":"<p>Dem\u00e0 diumenge a la tarda\/nit podria ploure amb intensitat, segons l&#8217;av\u00eds em\u00e8s pel Servei Meteorol\u00f2gic de Catalunya. Ma\u00f1ana domingo por la tarde\/noche podr\u00eda llover con intensidad, seg\u00fan el aviso emitido &hellip; <a href=\"https:\/\/bisbalpenedes.com\/web\/2020\/08\/29\/avis-per-intensitat-de-pluja-per-al-diumenge-30-dagost-a-la-tarda-i-nit\/\" class=\"more-link\">Read More<\/a><\/p>\n","protected":false},"author":4,"featured_media":14496,"comment_status":"closed","ping_status":"closed","sticky":false,"template":"","format":"standard","meta":[],"categories":[1628,2543,8],"tags":[129,2474],"_links":{"self":[{"href":"https:\/\/bisbalpenedes.com\/web\/wp-json\/wp\/v2\/posts\/14495"}],"collection":[{"href":"https:\/\/bisbalpenedes.com\/web\/wp-json\/wp\/v2\/posts"}],"about":[{"href":"https:\/\/bisbalpenedes.com\/web\/wp-json\/wp\/v2\/types\/post"}],"author":[{"embeddable":true,"href":"https:\/\/bisbalpenedes.com\/web\/wp-json\/wp\/v2\/users\/4"}],"replies":[{"embeddable":true,"href":"https:\/\/bisbalpenedes.com\/web\/wp-json\/wp\/v2\/comments?post=14495"}],"version-history":[{"count":1,"href":"https:\/\/bisbalpenedes.com\/web\/wp-json\/wp\/v2\/posts\/14495\/revisions"}],"predecessor-version":[{"id":14497,"href":"https:\/\/bisbalpenedes.com\/web\/wp-json\/wp\/v2\/posts\/14495\/revisions\/14497"}],"wp:featuredmedia":[{"embeddable":true,"href":"https:\/\/bisbalpenedes.com\/web\/wp-json\/wp\/v2\/media\/14496"}],"wp:attachment":[{"href":"https:\/\/bisbalpenedes.com\/web\/wp-json\/wp\/v2\/media?parent=14495"}],"wp:term":[{"taxonomy":"category","embeddable":true,"href":"https:\/\/bisbalpenedes.com\/web\/wp-json\/wp\/v2\/categories?post=14495"},{"taxonomy":"post_tag","embeddable":true,"href":"https:\/\/bisbalpenedes.com\/web\/wp-json\/wp\/v2\/tags?post=14495"}],"curies":[{"name":"wp","href":"https:\/\/api.w.org\/{rel}","templated":true}]}}