{"id":14491,"date":"2020-08-29T11:01:30","date_gmt":"2020-08-29T09:01:30","guid":{"rendered":"http:\/\/bisbalpenedes.com\/web\/?p=14491"},"modified":"2020-08-29T11:01:56","modified_gmt":"2020-08-29T09:01:56","slug":"des-davui-queden-prohibides-les-trobades-publiques-i-privades-de-mes-de-10-persones-a-tot-catalunya","status":"publish","type":"post","link":"https:\/\/bisbalpenedes.com\/web\/2020\/08\/29\/des-davui-queden-prohibides-les-trobades-publiques-i-privades-de-mes-de-10-persones-a-tot-catalunya\/","title":{"rendered":"Des d&#8217;avui queden prohibides les trobades p\u00fabliques i privades de m\u00e9s de 10 persones a tot Catalunya"},"content":{"rendered":"<p style=\"text-align: justify;\"><span style=\"color: #000000;\">Des d&#8217;avui, queden prohibides les trobades p\u00fabliques i privades de m\u00e9s de 10 persones a tot Catalunya.<\/span><\/p>\n<p style=\"text-align: justify;\"><span style=\"color: #000000;\">Aquesta limitaci\u00f3 tamb\u00e9 \u00e9s aplicable a les taules situades en terrasses, bars i restaurants. No afecta el transport p\u00fablic, l&#8217;\u00e0mbit laboral o altres \u00e0mbits que ja tenen una regulaci\u00f3 espec\u00edfica en plans sectorials PROCICAT com cultura o esports. Tampoc afecta el dret de manifestaci\u00f3.<\/span><\/p>\n<p style=\"text-align: justify;\"><a href=\"http:\/\/web.gencat.cat\/ca\/actualitat\/detall\/Prohibides-les-trobades-de-mes-de-10-persones\" target=\"_blank\">http:\/\/web.gencat.cat\/ca\/actualitat\/detall\/Prohibides-les-trobades-de-mes-de-10-persones<\/a><\/p>\n<hr \/>\n<p style=\"text-align: justify;\"><span style=\"color: #000000;\">Desde hoy, quedan prohibidos los encuentros p\u00fablicos y privados de m\u00e1s de 10 personas en toda Catalunya.\u00a0<\/span><\/p>\n<p style=\"text-align: justify;\"><span style=\"color: #000000;\">Esta limitaci\u00f3n tambi\u00e9n es aplicable a las mesas situadas en terrazas, bares y restaurantes. No afecta al transporte p\u00fablico, al \u00e1mbito laboral o a otros \u00e1mbitos que ya tienen una regulaci\u00f3n espec\u00edfica en planes sectoriales PROCICAT como la cultura o los deportes. Tampoco afecta al derecho de manifestaci\u00f3n.<\/span><\/p>\n<p style=\"text-align: justify;\"><span style=\"color: #000000;\">Para m\u00e1s informaci\u00f3n pod\u00e9is acceder al enlace:\u00a0<\/span><a href=\"http:\/\/web.gencat.cat\/ca\/actualitat\/detall\/Prohibides-les-trobades-de-mes-de-10-persones\" target=\"_blank\">http:\/\/web.gencat.cat\/ca\/actualitat\/detall\/Prohibides-les-trobades-de-mes-de-10-persones<\/a><\/p>\n","protected":false},"excerpt":{"rendered":"<p>Des d&#8217;avui, queden prohibides les trobades p\u00fabliques i privades de m\u00e9s de 10 persones a tot Catalunya. Aquesta limitaci\u00f3 tamb\u00e9 \u00e9s aplicable a les taules situades en terrasses, bars i &hellip; <a href=\"https:\/\/bisbalpenedes.com\/web\/2020\/08\/29\/des-davui-queden-prohibides-les-trobades-publiques-i-privades-de-mes-de-10-persones-a-tot-catalunya\/\" class=\"more-link\">Read More<\/a><\/p>\n","protected":false},"author":4,"featured_media":14492,"comment_status":"closed","ping_status":"closed","sticky":false,"template":"","format":"standard","meta":[],"categories":[1628,3636,8,14],"tags":[4001,3559,2375,4000],"_links":{"self":[{"href":"https:\/\/bisbalpenedes.com\/web\/wp-json\/wp\/v2\/posts\/14491"}],"collection":[{"href":"https:\/\/bisbalpenedes.com\/web\/wp-json\/wp\/v2\/posts"}],"about":[{"href":"https:\/\/bisbalpenedes.com\/web\/wp-json\/wp\/v2\/types\/post"}],"author":[{"embeddable":true,"href":"https:\/\/bisbalpenedes.com\/web\/wp-json\/wp\/v2\/users\/4"}],"replies":[{"embeddable":true,"href":"https:\/\/bisbalpenedes.com\/web\/wp-json\/wp\/v2\/comments?post=14491"}],"version-history":[{"count":2,"href":"https:\/\/bisbalpenedes.com\/web\/wp-json\/wp\/v2\/posts\/14491\/revisions"}],"predecessor-version":[{"id":14494,"href":"https:\/\/bisbalpenedes.com\/web\/wp-json\/wp\/v2\/posts\/14491\/revisions\/14494"}],"wp:featuredmedia":[{"embeddable":true,"href":"https:\/\/bisbalpenedes.com\/web\/wp-json\/wp\/v2\/media\/14492"}],"wp:attachment":[{"href":"https:\/\/bisbalpenedes.com\/web\/wp-json\/wp\/v2\/media?parent=14491"}],"wp:term":[{"taxonomy":"category","embeddable":true,"href":"https:\/\/bisbalpenedes.com\/web\/wp-json\/wp\/v2\/categories?post=14491"},{"taxonomy":"post_tag","embeddable":true,"href":"https:\/\/bisbalpenedes.com\/web\/wp-json\/wp\/v2\/tags?post=14491"}],"curies":[{"name":"wp","href":"https:\/\/api.w.org\/{rel}","templated":true}]}}