{"id":14488,"date":"2020-08-28T14:03:20","date_gmt":"2020-08-28T12:03:20","guid":{"rendered":"http:\/\/bisbalpenedes.com\/web\/?p=14488"},"modified":"2020-08-28T14:03:20","modified_gmt":"2020-08-28T12:03:20","slug":"comunicat-de-lequip-de-govern-sobre-el-funcionament-de-les-cameres-lectores-de-matricules","status":"publish","type":"post","link":"https:\/\/bisbalpenedes.com\/web\/2020\/08\/28\/comunicat-de-lequip-de-govern-sobre-el-funcionament-de-les-cameres-lectores-de-matricules\/","title":{"rendered":"Comunicat de l&#8217;equip de govern sobre el funcionament de les c\u00e0meres lectores de matr\u00edcules"},"content":{"rendered":"<p style=\"text-align: justify;\"><span style=\"color: #000000;\"><strong>COMUNICAT DE L\u2019EQUIP DE GOVERN SOBRE EL FUNCIONAMENT DE LES C\u00c0MERES LECTORES DE MATR\u00cdCULES<\/strong><\/span><\/p>\n<p style=\"text-align: justify;\"><span style=\"color: #000000;\">Recentment hem publicat informaci\u00f3 sobre la licitaci\u00f3 de la instal\u00b7laci\u00f3 i posada en funcionament de c\u00e0meres lectores de matr\u00edcules al municipi. Tenint en compte la gran quantitat de comentaris i dubtes que han sorgit i que, en alguns casos, ens heu fet arribar, us aclarim que:<\/span><\/p>\n<p style=\"padding-left: 30px; text-align: justify;\"><span style=\"color: #000000;\">-La finalitat d\u2019aquests dispositius \u00e9s la lluita contra la delinq\u00fc\u00e8ncia comuna, el crim organitzat i el terrorisme<\/span><\/p>\n<p style=\"padding-left: 30px; text-align: justify;\"><span style=\"color: #000000;\">-Les c\u00e0meres no enregistren la ciutadania. Quan passa un vehicle es fa la lectura de la matr\u00edcula, que entra de forma automatitzada i encriptada a la base de dades de Mossos d\u2019Esquadra.<\/span><\/p>\n<p style=\"padding-left: 30px; text-align: justify;\"><span style=\"color: #000000;\">-Les dades sobre les matr\u00edcules (quines han passat, a quines hores, etc.) nom\u00e9s seran accessibles per a la Direcci\u00f3 General de la Policia i, en cap cas, les podr\u00e0 consultar ning\u00fa m\u00e9s. Per tant, l\u2019Ajuntament no tindr\u00e0 acc\u00e9s directe a cap dada.<\/span><\/p>\n<p style=\"text-align: justify;\"><span style=\"color: #000000;\">Aquesta iniciativa \u00e9s una prova pilot en la qual participem diversos municipis de Catalunya. Fa m\u00e9s de dos anys que s\u2019hi treballa des del cos de Mossos d\u2019Esquadra. L\u2019objectiu principal \u00e9s millorar la seguretat al municipi i no es descarta que es puguin tirar endavant altres accions, en paral\u00b7lel a aquesta, durant els pr\u00f2xims mesos o anys. Les passes que s\u2019han de seguir s\u00f3n:<\/span><\/p>\n<p style=\"padding-left: 30px; text-align: justify;\"><span style=\"color: #000000;\">-Aprovaci\u00f3 del conveni amb Mossos d\u2019Esquadra (a la Bisbal es va aprovar el novembre de 2019)<\/span><\/p>\n<p style=\"padding-left: 30px; text-align: justify;\"><span style=\"color: #000000;\">-Licitar la compra, instal\u00b7laci\u00f3, manteniment i certificaci\u00f3 de les c\u00e0meres (el per\u00edode de licitaci\u00f3 ha comen\u00e7at aquesta setmana).<\/span><\/p>\n<p style=\"padding-left: 30px; text-align: justify;\"><span style=\"color: #000000;\">-Inici dels tr\u00e0mits interns des de l\u2019administraci\u00f3, com ara, reunir-se amb la Comissi\u00f3 de videovigil\u00e0ncia de Catalunya (en marxa).<\/span><\/p>\n<p style=\"padding-left: 30px; text-align: justify;\"><span style=\"color: #000000;\">-Signatura del conveni aprovat anteriorment (properament).<\/span><\/p>\n<p style=\"padding-left: 30px; text-align: justify;\"><span style=\"color: #000000;\">-Posada en funcionament de les c\u00e0meres (en finalitzar tot el proc\u00e9s)<\/span><\/p>\n<hr \/>\n<p style=\"text-align: justify;\"><span style=\"color: #000000;\">CASTELLANO |\u00a0<\/span><span style=\"color: #000000;\"><strong>COMUNICADO DEL EQUIPO DE GOBIERNO SOBRE EL FUNCIONAMIENTO DE LAS C\u00c1MARAS LECTORAS DE MATR\u00cdCULAS<\/strong><\/span><\/p>\n<p style=\"text-align: justify;\"><span style=\"color: #000000;\">Recientemente hemos publicado informaci\u00f3n sobre la licitaci\u00f3n de la instalaci\u00f3n y puesta en funcionamiento de c\u00e1maras lectoras de matr\u00edculas en el municipio. Teniendo en cuenta la gran cantidad de comentarios y dudas que han surgido y que, en algunos casos, nos hab\u00e9is hecho llegar, os aclaramos que:<\/span><\/p>\n<p style=\"padding-left: 30px; text-align: justify;\"><span style=\"color: #000000;\">-La finalidad de estos dispositivos es la lucha contra la delincuencia com\u00fan, el crimen organizado y el terrorismo.<\/span><\/p>\n<p style=\"padding-left: 30px; text-align: justify;\"><span style=\"color: #000000;\">-Las c\u00e1maras no graban a la ciudadan\u00eda. Cuando pasa un veh\u00edculo se hace la lectura de la matr\u00edcula, que entra de forma automatizada y encriptada a la base de datos de Mossos d\u2019Esquadra.<\/span><\/p>\n<p style=\"padding-left: 30px; text-align: justify;\"><span style=\"color: #000000;\">-Los datos sobre las matr\u00edculas (cu\u00e1les han pasado, a qu\u00e9 hora, etc.) solamente ser\u00e1n accesibles para la Direcci\u00f3n General de la Polic\u00eda y, en ning\u00fan caso, las podr\u00e1 consultar nadie m\u00e1s. Por lo tanto, el Ayuntamiento no tendr\u00e1 acceso directo a ning\u00fan dato.<\/span><\/p>\n<p style=\"text-align: justify;\">\n<span style=\"color: #000000;\"> Esta iniciativa es una prueba piloto en la cual participamos varios municipios de Catalunya. Hace m\u00e1s de dos a\u00f1os que el cuerpo de Mossos de Esquadra trabaja en la misma. El objetivo principal es mejorar la seguridad en el municipio y no se descarta que se puedan llevar a cabo otras acciones, en paralelo a esta, durante los pr\u00f3ximos meses o a\u00f1os. Los pasos que se tienen que seguir son los siguientes:<\/span><\/p>\n<p style=\"padding-left: 30px; text-align: justify;\"><span style=\"color: #000000;\">-Aprobaci\u00f3n del convenio con Mossos d\u2019Esquadra (en la Bisbal del Pened\u00e8s se aprob\u00f3 en noviembre de 2019).<\/span><\/p>\n<p style=\"padding-left: 30px; text-align: justify;\"><span style=\"color: #000000;\">-Licitar la compra, instalaci\u00f3n, mantenimiento y certificaci\u00f3n de las c\u00e1maras (el periodo de licitaci\u00f3n ha empezado esta semana).<\/span><\/p>\n<p style=\"padding-left: 30px; text-align: justify;\"><span style=\"color: #000000;\">-Inicio de los tr\u00e1mites internos desde la administraci\u00f3n, como por ejemplo, reunirse con la Comisi\u00f3n de videovigilancia de Catalunya (en marcha)<\/span><\/p>\n<p style=\"padding-left: 30px; text-align: justify;\"><span style=\"color: #000000;\">-Firma del convenio aprobado anteriormente (pr\u00f3ximamente).<\/span><\/p>\n<p style=\"padding-left: 30px; text-align: justify;\"><span style=\"color: #000000;\">-Puesta en funcionamiento de las c\u00e1maras (al finalizar todo el proceso).<\/span><\/p>\n","protected":false},"excerpt":{"rendered":"<p>COMUNICAT DE L\u2019EQUIP DE GOVERN SOBRE EL FUNCIONAMENT DE LES C\u00c0MERES LECTORES DE MATR\u00cdCULES Recentment hem publicat informaci\u00f3 sobre la licitaci\u00f3 de la instal\u00b7laci\u00f3 i posada en funcionament de c\u00e0meres &hellip; <a href=\"https:\/\/bisbalpenedes.com\/web\/2020\/08\/28\/comunicat-de-lequip-de-govern-sobre-el-funcionament-de-les-cameres-lectores-de-matricules\/\" class=\"more-link\">Read More<\/a><\/p>\n","protected":false},"author":4,"featured_media":14489,"comment_status":"closed","ping_status":"closed","sticky":false,"template":"","format":"standard","meta":[],"categories":[8,3304],"tags":[3988,3999,46,3998],"_links":{"self":[{"href":"https:\/\/bisbalpenedes.com\/web\/wp-json\/wp\/v2\/posts\/14488"}],"collection":[{"href":"https:\/\/bisbalpenedes.com\/web\/wp-json\/wp\/v2\/posts"}],"about":[{"href":"https:\/\/bisbalpenedes.com\/web\/wp-json\/wp\/v2\/types\/post"}],"author":[{"embeddable":true,"href":"https:\/\/bisbalpenedes.com\/web\/wp-json\/wp\/v2\/users\/4"}],"replies":[{"embeddable":true,"href":"https:\/\/bisbalpenedes.com\/web\/wp-json\/wp\/v2\/comments?post=14488"}],"version-history":[{"count":1,"href":"https:\/\/bisbalpenedes.com\/web\/wp-json\/wp\/v2\/posts\/14488\/revisions"}],"predecessor-version":[{"id":14490,"href":"https:\/\/bisbalpenedes.com\/web\/wp-json\/wp\/v2\/posts\/14488\/revisions\/14490"}],"wp:featuredmedia":[{"embeddable":true,"href":"https:\/\/bisbalpenedes.com\/web\/wp-json\/wp\/v2\/media\/14489"}],"wp:attachment":[{"href":"https:\/\/bisbalpenedes.com\/web\/wp-json\/wp\/v2\/media?parent=14488"}],"wp:term":[{"taxonomy":"category","embeddable":true,"href":"https:\/\/bisbalpenedes.com\/web\/wp-json\/wp\/v2\/categories?post=14488"},{"taxonomy":"post_tag","embeddable":true,"href":"https:\/\/bisbalpenedes.com\/web\/wp-json\/wp\/v2\/tags?post=14488"}],"curies":[{"name":"wp","href":"https:\/\/api.w.org\/{rel}","templated":true}]}}