{"id":14482,"date":"2020-08-28T12:24:47","date_gmt":"2020-08-28T10:24:47","guid":{"rendered":"http:\/\/bisbalpenedes.com\/web\/?p=14482"},"modified":"2020-08-28T13:36:05","modified_gmt":"2020-08-28T11:36:05","slug":"el-divendres-4-de-setembre-a-les-21h-espectacle-de-contes-erotics-per-adults-a-la-placa-de-lesglesia","status":"publish","type":"post","link":"https:\/\/bisbalpenedes.com\/web\/2020\/08\/28\/el-divendres-4-de-setembre-a-les-21h-espectacle-de-contes-erotics-per-adults-a-la-placa-de-lesglesia\/","title":{"rendered":"El divendres 4 de setembre a les 21h espectacle de contes er\u00f2tics per a adults a la Pla\u00e7a de l&#8217;Esgl\u00e9sia"},"content":{"rendered":"<p style=\"text-align: justify;\"><span style=\"color: #000000;\">Un any m\u00e9s, la Bisbal del Pened\u00e8s ser\u00e0 escenari del Festival En Veu Alta \u2013 EVA, dedicat a la narraci\u00f3 i la tradici\u00f3 oral. Enguany la situaci\u00f3 generada per la Covid-19 ha fet replantejar el festival i les actuacions previstes i, finalment, s\u2019ha optat per programar <a href=\"https:\/\/enveualta.com\/espectacle\/eva2020-sherezade-bardaji-nua\/\" target=\"_blank\">l\u2019espectacle NUA<\/a> el divendres 4 de setembre, a les 21h, a la pla\u00e7a de l\u2019Esgl\u00e9sia. Es tracta d\u2019un espectacle per a adults, basat en la narraci\u00f3 de contes er\u00f2tics on cinc hist\u00f2ries construeixen un \u201cespectacle de naturalesa descarada, po\u00e8tica, molt humana, una mica divertida i un xic trista\u201d.<\/span><\/p>\n<p style=\"text-align: justify;\"><span style=\"color: #000000;\">L\u2019espectacle ser\u00e0 gratu\u00eft per als assistents per\u00f2, donada la situaci\u00f3 actual, les places seran limitades i estaran subjectes a reserva pr\u00e8via aix\u00ed com al compliment de totes les mesures de seguretat i a l\u2019\u00fas de la mascareta per part del p\u00fablic assistent.<\/span><\/p>\n<p style=\"text-align: justify;\"><span style=\"color: #000000;\">Les reserves es poden fer al tel\u00e8fon 608568881 o al Whatsapp 684416843.<\/span><\/p>\n<hr \/>\n<p style=\"text-align: justify;\"><span style=\"color: #000000;\">Un a\u00f1o m\u00e1s, la Bisbal del Pened\u00e8s ser\u00e1 el escenario del Festival En Veu Alta \u2013 EVA, dedicado a la narraci\u00f3n y la tradici\u00f3n oral. Este a\u00f1o la situaci\u00f3n generada por la Covid-19 ha hecho replantear el festival y las actuaciones previstas y, finalmente, se ha optado por programar <a href=\"https:\/\/enveualta.com\/espectacle\/eva2020-sherezade-bardaji-nua\/\" target=\"_blank\">el espect\u00e1culo NUA<\/a> el viernes 4 de septiembre, a las 21h, en la plaza de la iglesia. Se trata de un espect\u00e1culo para adultos, basado en la narraci\u00f3n de cuentos er\u00f3ticos donde cinco historias constituyen un \u201cespect\u00e1culo de naturaleza descarada, po\u00e9tica, muy humana, un poco divertida y un pel\u00edn triste\u201d.<\/span><\/p>\n<p style=\"text-align: justify;\"><span style=\"color: #000000;\">El espect\u00e1culo ser\u00e1 gratuito para los asistentes pero, dada la situaci\u00f3n actual, las plazas ser\u00e1n limitadas y estar\u00e1n sujetas a reserva previa as\u00ed como al cumplimiento de todas las medidas de seguridad y al uso de mascarilla por parte del p\u00fablico asistente. Las reservas se pueden hacer en el tel\u00e9fono 608568881 o en el Whatsapp 684416843.<\/span><\/p>\n<p style=\"text-align: center;\"><a href=\"http:\/\/bisbalpenedes.com\/web\/wp-content\/uploads\/2020\/08\/festival_eva_20.jpg\"><img loading=\"lazy\" class=\"alignnone size-large wp-image-14483\" src=\"http:\/\/bisbalpenedes.com\/web\/wp-content\/uploads\/2020\/08\/festival_eva_20-724x1024.jpg\" alt=\"festival_eva_20\" width=\"630\" height=\"891\" srcset=\"https:\/\/bisbalpenedes.com\/web\/wp-content\/uploads\/2020\/08\/festival_eva_20-724x1024.jpg 724w, https:\/\/bisbalpenedes.com\/web\/wp-content\/uploads\/2020\/08\/festival_eva_20-600x848.jpg 600w, https:\/\/bisbalpenedes.com\/web\/wp-content\/uploads\/2020\/08\/festival_eva_20-212x300.jpg 212w, https:\/\/bisbalpenedes.com\/web\/wp-content\/uploads\/2020\/08\/festival_eva_20-768x1086.jpg 768w, https:\/\/bisbalpenedes.com\/web\/wp-content\/uploads\/2020\/08\/festival_eva_20.jpg 1754w\" sizes=\"(max-width: 630px) 100vw, 630px\" \/><\/a><\/p>\n","protected":false},"excerpt":{"rendered":"<p>Un any m\u00e9s, la Bisbal del Pened\u00e8s ser\u00e0 escenari del Festival En Veu Alta \u2013 EVA, dedicat a la narraci\u00f3 i la tradici\u00f3 oral. Enguany la situaci\u00f3 generada per la &hellip; <a href=\"https:\/\/bisbalpenedes.com\/web\/2020\/08\/28\/el-divendres-4-de-setembre-a-les-21h-espectacle-de-contes-erotics-per-adults-a-la-placa-de-lesglesia\/\" class=\"more-link\">Read More<\/a><\/p>\n","protected":false},"author":4,"featured_media":14483,"comment_status":"closed","ping_status":"closed","sticky":false,"template":"","format":"standard","meta":[],"categories":[13,8],"tags":[1965,3030,1807,3997],"_links":{"self":[{"href":"https:\/\/bisbalpenedes.com\/web\/wp-json\/wp\/v2\/posts\/14482"}],"collection":[{"href":"https:\/\/bisbalpenedes.com\/web\/wp-json\/wp\/v2\/posts"}],"about":[{"href":"https:\/\/bisbalpenedes.com\/web\/wp-json\/wp\/v2\/types\/post"}],"author":[{"embeddable":true,"href":"https:\/\/bisbalpenedes.com\/web\/wp-json\/wp\/v2\/users\/4"}],"replies":[{"embeddable":true,"href":"https:\/\/bisbalpenedes.com\/web\/wp-json\/wp\/v2\/comments?post=14482"}],"version-history":[{"count":4,"href":"https:\/\/bisbalpenedes.com\/web\/wp-json\/wp\/v2\/posts\/14482\/revisions"}],"predecessor-version":[{"id":14487,"href":"https:\/\/bisbalpenedes.com\/web\/wp-json\/wp\/v2\/posts\/14482\/revisions\/14487"}],"wp:featuredmedia":[{"embeddable":true,"href":"https:\/\/bisbalpenedes.com\/web\/wp-json\/wp\/v2\/media\/14483"}],"wp:attachment":[{"href":"https:\/\/bisbalpenedes.com\/web\/wp-json\/wp\/v2\/media?parent=14482"}],"wp:term":[{"taxonomy":"category","embeddable":true,"href":"https:\/\/bisbalpenedes.com\/web\/wp-json\/wp\/v2\/categories?post=14482"},{"taxonomy":"post_tag","embeddable":true,"href":"https:\/\/bisbalpenedes.com\/web\/wp-json\/wp\/v2\/tags?post=14482"}],"curies":[{"name":"wp","href":"https:\/\/api.w.org\/{rel}","templated":true}]}}