{"id":14473,"date":"2020-08-28T11:48:06","date_gmt":"2020-08-28T09:48:06","guid":{"rendered":"http:\/\/bisbalpenedes.com\/web\/?p=14473"},"modified":"2020-08-28T11:48:06","modified_gmt":"2020-08-28T09:48:06","slug":"activat-el-pla-inuncat-avui-divendres-i-dema-dissabte-podria-ploure-amb-molta-intensitat","status":"publish","type":"post","link":"https:\/\/bisbalpenedes.com\/web\/2020\/08\/28\/activat-el-pla-inuncat-avui-divendres-i-dema-dissabte-podria-ploure-amb-molta-intensitat\/","title":{"rendered":"Activat el pla Inuncat: avui divendres i dem\u00e0 dissabte podria ploure amb molta intensitat"},"content":{"rendered":"<p style=\"text-align: justify;\"><span style=\"color: #000000;\">Activat el pla Inuncat. El Servei Meteorol\u00f2gic de Catalunya ha em\u00e8s avisos per intensitat i acumulaci\u00f3 de pluja per avui divendres i dem\u00e0 dissabte. Seguiu les recomanacions de Protecci\u00f3 Civil. En cas d&#8217;emerg\u00e8ncia, truqueu al 112.<\/span><\/p>\n<hr \/>\n<p style=\"text-align: justify;\"><span style=\"color: #000000;\">Activado el plan Inuncat. El Servei Meteorol\u00f2gic de Catalunya ha emitido avisos por intensidad y acumulaci\u00f3n de lluvia para hoy viernes y ma\u00f1ana s\u00e1bado. Seguid las recomendaciones de Protecci\u00f3n Civil. En caso de emergencia llamad al 112.<\/span><\/p>\n<p style=\"text-align: justify;\"><a href=\"http:\/\/bisbalpenedes.com\/web\/wp-content\/uploads\/2020\/08\/INTENSITAT-PLUJA-DIVENDRES-1.jpg\"><img loading=\"lazy\" class=\"alignnone size-medium wp-image-14477\" src=\"http:\/\/bisbalpenedes.com\/web\/wp-content\/uploads\/2020\/08\/INTENSITAT-PLUJA-DIVENDRES-1-300x300.jpg\" alt=\"INTENSITAT PLUJA DIVENDRES-1\" width=\"300\" height=\"300\" srcset=\"https:\/\/bisbalpenedes.com\/web\/wp-content\/uploads\/2020\/08\/INTENSITAT-PLUJA-DIVENDRES-1-300x300.jpg 300w, https:\/\/bisbalpenedes.com\/web\/wp-content\/uploads\/2020\/08\/INTENSITAT-PLUJA-DIVENDRES-1-100x100.jpg 100w, https:\/\/bisbalpenedes.com\/web\/wp-content\/uploads\/2020\/08\/INTENSITAT-PLUJA-DIVENDRES-1-600x600.jpg 600w, https:\/\/bisbalpenedes.com\/web\/wp-content\/uploads\/2020\/08\/INTENSITAT-PLUJA-DIVENDRES-1-150x150.jpg 150w, https:\/\/bisbalpenedes.com\/web\/wp-content\/uploads\/2020\/08\/INTENSITAT-PLUJA-DIVENDRES-1-768x768.jpg 768w, https:\/\/bisbalpenedes.com\/web\/wp-content\/uploads\/2020\/08\/INTENSITAT-PLUJA-DIVENDRES-1.jpg 828w\" sizes=\"(max-width: 300px) 100vw, 300px\" \/><\/a><a href=\"http:\/\/bisbalpenedes.com\/web\/wp-content\/uploads\/2020\/08\/ACUMULACIO-PLUJA-DIVENDRES-1.jpg\"><img loading=\"lazy\" class=\"alignnone size-medium wp-image-14480\" src=\"http:\/\/bisbalpenedes.com\/web\/wp-content\/uploads\/2020\/08\/ACUMULACIO-PLUJA-DIVENDRES-1-300x300.jpg\" alt=\"ACUMULACIO PLUJA DIVENDRES-1\" width=\"300\" height=\"300\" srcset=\"https:\/\/bisbalpenedes.com\/web\/wp-content\/uploads\/2020\/08\/ACUMULACIO-PLUJA-DIVENDRES-1-300x300.jpg 300w, https:\/\/bisbalpenedes.com\/web\/wp-content\/uploads\/2020\/08\/ACUMULACIO-PLUJA-DIVENDRES-1-100x100.jpg 100w, https:\/\/bisbalpenedes.com\/web\/wp-content\/uploads\/2020\/08\/ACUMULACIO-PLUJA-DIVENDRES-1-600x600.jpg 600w, https:\/\/bisbalpenedes.com\/web\/wp-content\/uploads\/2020\/08\/ACUMULACIO-PLUJA-DIVENDRES-1-150x150.jpg 150w, https:\/\/bisbalpenedes.com\/web\/wp-content\/uploads\/2020\/08\/ACUMULACIO-PLUJA-DIVENDRES-1-768x768.jpg 768w, https:\/\/bisbalpenedes.com\/web\/wp-content\/uploads\/2020\/08\/ACUMULACIO-PLUJA-DIVENDRES-1.jpg 828w\" sizes=\"(max-width: 300px) 100vw, 300px\" \/><\/a><\/p>\n<p><a href=\"http:\/\/bisbalpenedes.com\/web\/wp-content\/uploads\/2020\/08\/INTENSITAT-PLUJA-DISSABTE-1.jpg\"><img loading=\"lazy\" class=\"alignnone size-medium wp-image-14476\" src=\"http:\/\/bisbalpenedes.com\/web\/wp-content\/uploads\/2020\/08\/INTENSITAT-PLUJA-DISSABTE-1-300x300.jpg\" alt=\"INTENSITAT PLUJA DISSABTE-1\" width=\"300\" height=\"300\" srcset=\"https:\/\/bisbalpenedes.com\/web\/wp-content\/uploads\/2020\/08\/INTENSITAT-PLUJA-DISSABTE-1-300x300.jpg 300w, https:\/\/bisbalpenedes.com\/web\/wp-content\/uploads\/2020\/08\/INTENSITAT-PLUJA-DISSABTE-1-100x100.jpg 100w, https:\/\/bisbalpenedes.com\/web\/wp-content\/uploads\/2020\/08\/INTENSITAT-PLUJA-DISSABTE-1-600x600.jpg 600w, https:\/\/bisbalpenedes.com\/web\/wp-content\/uploads\/2020\/08\/INTENSITAT-PLUJA-DISSABTE-1-150x150.jpg 150w, https:\/\/bisbalpenedes.com\/web\/wp-content\/uploads\/2020\/08\/INTENSITAT-PLUJA-DISSABTE-1-768x768.jpg 768w, https:\/\/bisbalpenedes.com\/web\/wp-content\/uploads\/2020\/08\/INTENSITAT-PLUJA-DISSABTE-1.jpg 828w\" sizes=\"(max-width: 300px) 100vw, 300px\" \/><\/a><a href=\"http:\/\/bisbalpenedes.com\/web\/wp-content\/uploads\/2020\/08\/ACUMULACIO-PLUJA-DISSABTE-1.jpg\"><img loading=\"lazy\" class=\"alignnone size-medium wp-image-14474\" src=\"http:\/\/bisbalpenedes.com\/web\/wp-content\/uploads\/2020\/08\/ACUMULACIO-PLUJA-DISSABTE-1-300x300.jpg\" alt=\"ACUMULACIO PLUJA DISSABTE-1\" width=\"300\" height=\"300\" srcset=\"https:\/\/bisbalpenedes.com\/web\/wp-content\/uploads\/2020\/08\/ACUMULACIO-PLUJA-DISSABTE-1-300x300.jpg 300w, https:\/\/bisbalpenedes.com\/web\/wp-content\/uploads\/2020\/08\/ACUMULACIO-PLUJA-DISSABTE-1-100x100.jpg 100w, https:\/\/bisbalpenedes.com\/web\/wp-content\/uploads\/2020\/08\/ACUMULACIO-PLUJA-DISSABTE-1-600x600.jpg 600w, https:\/\/bisbalpenedes.com\/web\/wp-content\/uploads\/2020\/08\/ACUMULACIO-PLUJA-DISSABTE-1-150x150.jpg 150w, https:\/\/bisbalpenedes.com\/web\/wp-content\/uploads\/2020\/08\/ACUMULACIO-PLUJA-DISSABTE-1-768x768.jpg 768w, https:\/\/bisbalpenedes.com\/web\/wp-content\/uploads\/2020\/08\/ACUMULACIO-PLUJA-DISSABTE-1.jpg 828w\" sizes=\"(max-width: 300px) 100vw, 300px\" \/><\/a><br \/>\n<a href=\"http:\/\/bisbalpenedes.com\/web\/wp-content\/uploads\/2020\/08\/INTENSITAT-PLUJA-DIVENDRES-1.jpg\"><br \/>\n<\/a> <a href=\"http:\/\/bisbalpenedes.com\/web\/wp-content\/uploads\/2020\/08\/INUNCACIONS-I-FORTES-PLUGES.jpg\"><img loading=\"lazy\" class=\"size-full wp-image-14478 alignleft\" src=\"http:\/\/bisbalpenedes.com\/web\/wp-content\/uploads\/2020\/08\/INUNCACIONS-I-FORTES-PLUGES.jpg\" alt=\"INUNCACIONS I FORTES PLUGES\" width=\"713\" height=\"949\" srcset=\"https:\/\/bisbalpenedes.com\/web\/wp-content\/uploads\/2020\/08\/INUNCACIONS-I-FORTES-PLUGES.jpg 713w, https:\/\/bisbalpenedes.com\/web\/wp-content\/uploads\/2020\/08\/INUNCACIONS-I-FORTES-PLUGES-600x799.jpg 600w, https:\/\/bisbalpenedes.com\/web\/wp-content\/uploads\/2020\/08\/INUNCACIONS-I-FORTES-PLUGES-225x300.jpg 225w\" sizes=\"(max-width: 713px) 100vw, 713px\" \/><\/a> <a href=\"http:\/\/bisbalpenedes.com\/web\/wp-content\/uploads\/2020\/08\/INUNDACIONS.jpg\"><img loading=\"lazy\" class=\"size-full wp-image-14479 alignleft\" src=\"http:\/\/bisbalpenedes.com\/web\/wp-content\/uploads\/2020\/08\/INUNDACIONS.jpg\" alt=\"INUNDACIONS\" width=\"679\" height=\"960\" srcset=\"https:\/\/bisbalpenedes.com\/web\/wp-content\/uploads\/2020\/08\/INUNDACIONS.jpg 679w, https:\/\/bisbalpenedes.com\/web\/wp-content\/uploads\/2020\/08\/INUNDACIONS-600x848.jpg 600w, https:\/\/bisbalpenedes.com\/web\/wp-content\/uploads\/2020\/08\/INUNDACIONS-212x300.jpg 212w\" sizes=\"(max-width: 679px) 100vw, 679px\" \/><\/a><\/p>\n","protected":false},"excerpt":{"rendered":"<p>Activat el pla Inuncat. El Servei Meteorol\u00f2gic de Catalunya ha em\u00e8s avisos per intensitat i acumulaci\u00f3 de pluja per avui divendres i dem\u00e0 dissabte. Seguiu les recomanacions de Protecci\u00f3 Civil. &hellip; <a href=\"https:\/\/bisbalpenedes.com\/web\/2020\/08\/28\/activat-el-pla-inuncat-avui-divendres-i-dema-dissabte-podria-ploure-amb-molta-intensitat\/\" class=\"more-link\">Read More<\/a><\/p>\n","protected":false},"author":4,"featured_media":14477,"comment_status":"closed","ping_status":"closed","sticky":false,"template":"","format":"standard","meta":[],"categories":[1628,2543,8],"tags":[3995,129,3815,3996,2474,1190],"_links":{"self":[{"href":"https:\/\/bisbalpenedes.com\/web\/wp-json\/wp\/v2\/posts\/14473"}],"collection":[{"href":"https:\/\/bisbalpenedes.com\/web\/wp-json\/wp\/v2\/posts"}],"about":[{"href":"https:\/\/bisbalpenedes.com\/web\/wp-json\/wp\/v2\/types\/post"}],"author":[{"embeddable":true,"href":"https:\/\/bisbalpenedes.com\/web\/wp-json\/wp\/v2\/users\/4"}],"replies":[{"embeddable":true,"href":"https:\/\/bisbalpenedes.com\/web\/wp-json\/wp\/v2\/comments?post=14473"}],"version-history":[{"count":1,"href":"https:\/\/bisbalpenedes.com\/web\/wp-json\/wp\/v2\/posts\/14473\/revisions"}],"predecessor-version":[{"id":14481,"href":"https:\/\/bisbalpenedes.com\/web\/wp-json\/wp\/v2\/posts\/14473\/revisions\/14481"}],"wp:featuredmedia":[{"embeddable":true,"href":"https:\/\/bisbalpenedes.com\/web\/wp-json\/wp\/v2\/media\/14477"}],"wp:attachment":[{"href":"https:\/\/bisbalpenedes.com\/web\/wp-json\/wp\/v2\/media?parent=14473"}],"wp:term":[{"taxonomy":"category","embeddable":true,"href":"https:\/\/bisbalpenedes.com\/web\/wp-json\/wp\/v2\/categories?post=14473"},{"taxonomy":"post_tag","embeddable":true,"href":"https:\/\/bisbalpenedes.com\/web\/wp-json\/wp\/v2\/tags?post=14473"}],"curies":[{"name":"wp","href":"https:\/\/api.w.org\/{rel}","templated":true}]}}