{"id":14425,"date":"2020-08-27T14:31:35","date_gmt":"2020-08-27T12:31:35","guid":{"rendered":"http:\/\/bisbalpenedes.com\/web\/?p=14425"},"modified":"2020-08-27T14:52:59","modified_gmt":"2020-08-27T12:52:59","slug":"avisos-per-intensitat-i-acumulacio-de-pluja-per-aquest-divendres-i-aquest-dissabte","status":"publish","type":"post","link":"https:\/\/bisbalpenedes.com\/web\/2020\/08\/27\/avisos-per-intensitat-i-acumulacio-de-pluja-per-aquest-divendres-i-aquest-dissabte\/","title":{"rendered":"Avisos per intensitat i acumulaci\u00f3 de pluja per aquest divendres i aquest dissabte"},"content":{"rendered":"<p style=\"text-align: justify;\"><span style=\"color: #000000;\">El Servei Meteorol\u00f2gic de Catalunya ha em\u00e8s avisos per intensitat i acumulaci\u00f3 de pluja per divendres i dissabte. Seguiu les recomanacions de Protecci\u00f3 Civil. En cas d&#8217;emerg\u00e8ncia, truqueu al 112.<\/span><\/p>\n<hr \/>\n<p style=\"text-align: center;\"><span style=\"color: #000000;\">El Servei Meteorol\u00f2gic de Catalunya ha emitido avisos por intensidad y acumulaci\u00f3n de lluvia para el viernes y el s\u00e1bado. Seguid las recomendaciones de Protecci\u00f3n Civil. En caso de emergencia llamad al 112.<\/span><a href=\"http:\/\/bisbalpenedes.com\/web\/wp-content\/uploads\/2020\/08\/ACUMULACIO-PLUJA-DISSABTE-29.jpg\"><br \/>\n<\/a><\/p>\n<p class=\"aligncenter\" style=\"text-align: center;\"><a href=\"http:\/\/bisbalpenedes.com\/web\/wp-content\/uploads\/2020\/08\/INTENSITAT-PLUJA-DIVENDRES-28.jpg\"><img loading=\"lazy\" class=\"aligncenter wp-image-14429 size-full\" src=\"http:\/\/bisbalpenedes.com\/web\/wp-content\/uploads\/2020\/08\/INTENSITAT-PLUJA-DIVENDRES-28.jpg\" alt=\"INTENSITAT PLUJA DIVENDRES 28\" width=\"828\" height=\"828\" srcset=\"https:\/\/bisbalpenedes.com\/web\/wp-content\/uploads\/2020\/08\/INTENSITAT-PLUJA-DIVENDRES-28.jpg 828w, https:\/\/bisbalpenedes.com\/web\/wp-content\/uploads\/2020\/08\/INTENSITAT-PLUJA-DIVENDRES-28-300x300.jpg 300w, https:\/\/bisbalpenedes.com\/web\/wp-content\/uploads\/2020\/08\/INTENSITAT-PLUJA-DIVENDRES-28-100x100.jpg 100w, https:\/\/bisbalpenedes.com\/web\/wp-content\/uploads\/2020\/08\/INTENSITAT-PLUJA-DIVENDRES-28-600x600.jpg 600w, https:\/\/bisbalpenedes.com\/web\/wp-content\/uploads\/2020\/08\/INTENSITAT-PLUJA-DIVENDRES-28-150x150.jpg 150w, https:\/\/bisbalpenedes.com\/web\/wp-content\/uploads\/2020\/08\/INTENSITAT-PLUJA-DIVENDRES-28-768x768.jpg 768w\" sizes=\"(max-width: 828px) 100vw, 828px\" \/><\/a><a href=\"http:\/\/bisbalpenedes.com\/web\/wp-content\/uploads\/2020\/08\/INTENSITAT-PLUJA-DISSABTE-29.jpg\"><img loading=\"lazy\" class=\"alignnone size-full wp-image-14428\" src=\"http:\/\/bisbalpenedes.com\/web\/wp-content\/uploads\/2020\/08\/INTENSITAT-PLUJA-DISSABTE-29.jpg\" alt=\"INTENSITAT PLUJA DISSABTE 29\" width=\"828\" height=\"828\" srcset=\"https:\/\/bisbalpenedes.com\/web\/wp-content\/uploads\/2020\/08\/INTENSITAT-PLUJA-DISSABTE-29.jpg 828w, https:\/\/bisbalpenedes.com\/web\/wp-content\/uploads\/2020\/08\/INTENSITAT-PLUJA-DISSABTE-29-300x300.jpg 300w, https:\/\/bisbalpenedes.com\/web\/wp-content\/uploads\/2020\/08\/INTENSITAT-PLUJA-DISSABTE-29-100x100.jpg 100w, https:\/\/bisbalpenedes.com\/web\/wp-content\/uploads\/2020\/08\/INTENSITAT-PLUJA-DISSABTE-29-600x600.jpg 600w, https:\/\/bisbalpenedes.com\/web\/wp-content\/uploads\/2020\/08\/INTENSITAT-PLUJA-DISSABTE-29-150x150.jpg 150w, https:\/\/bisbalpenedes.com\/web\/wp-content\/uploads\/2020\/08\/INTENSITAT-PLUJA-DISSABTE-29-768x768.jpg 768w\" sizes=\"(max-width: 828px) 100vw, 828px\" \/><\/a> <a href=\"http:\/\/bisbalpenedes.com\/web\/wp-content\/uploads\/2020\/08\/INTENSITAT-PLUJA-DIVENDRES-28.jpg\"><br \/>\n<\/a><\/p>\n<p class=\"aligncenter\" style=\"text-align: center;\"><a href=\"http:\/\/bisbalpenedes.com\/web\/wp-content\/uploads\/2020\/08\/ACUMULACIO-PLUJA-DIVENDRES-28.jpg\"><img loading=\"lazy\" class=\"aligncenter size-full wp-image-14427\" src=\"http:\/\/bisbalpenedes.com\/web\/wp-content\/uploads\/2020\/08\/ACUMULACIO-PLUJA-DIVENDRES-28.jpg\" alt=\"ACUMULACIO PLUJA DIVENDRES 28\" width=\"828\" height=\"828\" srcset=\"https:\/\/bisbalpenedes.com\/web\/wp-content\/uploads\/2020\/08\/ACUMULACIO-PLUJA-DIVENDRES-28.jpg 828w, https:\/\/bisbalpenedes.com\/web\/wp-content\/uploads\/2020\/08\/ACUMULACIO-PLUJA-DIVENDRES-28-300x300.jpg 300w, https:\/\/bisbalpenedes.com\/web\/wp-content\/uploads\/2020\/08\/ACUMULACIO-PLUJA-DIVENDRES-28-100x100.jpg 100w, https:\/\/bisbalpenedes.com\/web\/wp-content\/uploads\/2020\/08\/ACUMULACIO-PLUJA-DIVENDRES-28-600x600.jpg 600w, https:\/\/bisbalpenedes.com\/web\/wp-content\/uploads\/2020\/08\/ACUMULACIO-PLUJA-DIVENDRES-28-150x150.jpg 150w, https:\/\/bisbalpenedes.com\/web\/wp-content\/uploads\/2020\/08\/ACUMULACIO-PLUJA-DIVENDRES-28-768x768.jpg 768w\" sizes=\"(max-width: 828px) 100vw, 828px\" \/><\/a><\/p>\n<p class=\"aligncenter\" style=\"text-align: center;\"><a href=\"http:\/\/bisbalpenedes.com\/web\/wp-content\/uploads\/2020\/08\/ACUMULACIO-PLUJA-DISSABTE-29.jpg\"><img loading=\"lazy\" class=\"aligncenter size-full wp-image-14426\" src=\"http:\/\/bisbalpenedes.com\/web\/wp-content\/uploads\/2020\/08\/ACUMULACIO-PLUJA-DISSABTE-29.jpg\" alt=\"ACUMULACIO PLUJA DISSABTE 29\" width=\"828\" height=\"828\" srcset=\"https:\/\/bisbalpenedes.com\/web\/wp-content\/uploads\/2020\/08\/ACUMULACIO-PLUJA-DISSABTE-29.jpg 828w, https:\/\/bisbalpenedes.com\/web\/wp-content\/uploads\/2020\/08\/ACUMULACIO-PLUJA-DISSABTE-29-300x300.jpg 300w, https:\/\/bisbalpenedes.com\/web\/wp-content\/uploads\/2020\/08\/ACUMULACIO-PLUJA-DISSABTE-29-100x100.jpg 100w, https:\/\/bisbalpenedes.com\/web\/wp-content\/uploads\/2020\/08\/ACUMULACIO-PLUJA-DISSABTE-29-600x600.jpg 600w, https:\/\/bisbalpenedes.com\/web\/wp-content\/uploads\/2020\/08\/ACUMULACIO-PLUJA-DISSABTE-29-150x150.jpg 150w, https:\/\/bisbalpenedes.com\/web\/wp-content\/uploads\/2020\/08\/ACUMULACIO-PLUJA-DISSABTE-29-768x768.jpg 768w\" sizes=\"(max-width: 828px) 100vw, 828px\" \/><\/a><\/p>\n<p class=\"aligncenter\" style=\"text-align: center;\"><a href=\"http:\/\/bisbalpenedes.com\/web\/wp-content\/uploads\/2020\/08\/FORTES-PLUGES-I-INUNDACIONS.jpg\"><img loading=\"lazy\" class=\"aligncenter size-full wp-image-14430\" src=\"http:\/\/bisbalpenedes.com\/web\/wp-content\/uploads\/2020\/08\/FORTES-PLUGES-I-INUNDACIONS.jpg\" alt=\"FORTES PLUGES I INUNDACIONS\" width=\"713\" height=\"949\" srcset=\"https:\/\/bisbalpenedes.com\/web\/wp-content\/uploads\/2020\/08\/FORTES-PLUGES-I-INUNDACIONS.jpg 713w, https:\/\/bisbalpenedes.com\/web\/wp-content\/uploads\/2020\/08\/FORTES-PLUGES-I-INUNDACIONS-600x799.jpg 600w, https:\/\/bisbalpenedes.com\/web\/wp-content\/uploads\/2020\/08\/FORTES-PLUGES-I-INUNDACIONS-225x300.jpg 225w\" sizes=\"(max-width: 713px) 100vw, 713px\" \/><\/a> <a href=\"http:\/\/bisbalpenedes.com\/web\/wp-content\/uploads\/2020\/08\/poster_inuncat_page-0001.jpg\"><img loading=\"lazy\" class=\"aligncenter size-full wp-image-14431\" src=\"http:\/\/bisbalpenedes.com\/web\/wp-content\/uploads\/2020\/08\/poster_inuncat_page-0001.jpg\" alt=\"poster_inuncat_page-0001\" width=\"1754\" height=\"2481\" srcset=\"https:\/\/bisbalpenedes.com\/web\/wp-content\/uploads\/2020\/08\/poster_inuncat_page-0001.jpg 1754w, https:\/\/bisbalpenedes.com\/web\/wp-content\/uploads\/2020\/08\/poster_inuncat_page-0001-600x849.jpg 600w, https:\/\/bisbalpenedes.com\/web\/wp-content\/uploads\/2020\/08\/poster_inuncat_page-0001-212x300.jpg 212w, https:\/\/bisbalpenedes.com\/web\/wp-content\/uploads\/2020\/08\/poster_inuncat_page-0001-768x1086.jpg 768w, https:\/\/bisbalpenedes.com\/web\/wp-content\/uploads\/2020\/08\/poster_inuncat_page-0001-724x1024.jpg 724w\" sizes=\"(max-width: 1754px) 100vw, 1754px\" \/><\/a><\/p>\n","protected":false},"excerpt":{"rendered":"<p>El Servei Meteorol\u00f2gic de Catalunya ha em\u00e8s avisos per intensitat i acumulaci\u00f3 de pluja per divendres i dissabte. Seguiu les recomanacions de Protecci\u00f3 Civil. En cas d&#8217;emerg\u00e8ncia, truqueu al 112. &hellip; <a href=\"https:\/\/bisbalpenedes.com\/web\/2020\/08\/27\/avisos-per-intensitat-i-acumulacio-de-pluja-per-aquest-divendres-i-aquest-dissabte\/\" class=\"more-link\">Read More<\/a><\/p>\n","protected":false},"author":4,"featured_media":14429,"comment_status":"closed","ping_status":"closed","sticky":false,"template":"","format":"standard","meta":[],"categories":[1628,2543,8],"tags":[3994,129,2050,1188,2474],"_links":{"self":[{"href":"https:\/\/bisbalpenedes.com\/web\/wp-json\/wp\/v2\/posts\/14425"}],"collection":[{"href":"https:\/\/bisbalpenedes.com\/web\/wp-json\/wp\/v2\/posts"}],"about":[{"href":"https:\/\/bisbalpenedes.com\/web\/wp-json\/wp\/v2\/types\/post"}],"author":[{"embeddable":true,"href":"https:\/\/bisbalpenedes.com\/web\/wp-json\/wp\/v2\/users\/4"}],"replies":[{"embeddable":true,"href":"https:\/\/bisbalpenedes.com\/web\/wp-json\/wp\/v2\/comments?post=14425"}],"version-history":[{"count":1,"href":"https:\/\/bisbalpenedes.com\/web\/wp-json\/wp\/v2\/posts\/14425\/revisions"}],"predecessor-version":[{"id":14432,"href":"https:\/\/bisbalpenedes.com\/web\/wp-json\/wp\/v2\/posts\/14425\/revisions\/14432"}],"wp:featuredmedia":[{"embeddable":true,"href":"https:\/\/bisbalpenedes.com\/web\/wp-json\/wp\/v2\/media\/14429"}],"wp:attachment":[{"href":"https:\/\/bisbalpenedes.com\/web\/wp-json\/wp\/v2\/media?parent=14425"}],"wp:term":[{"taxonomy":"category","embeddable":true,"href":"https:\/\/bisbalpenedes.com\/web\/wp-json\/wp\/v2\/categories?post=14425"},{"taxonomy":"post_tag","embeddable":true,"href":"https:\/\/bisbalpenedes.com\/web\/wp-json\/wp\/v2\/tags?post=14425"}],"curies":[{"name":"wp","href":"https:\/\/api.w.org\/{rel}","templated":true}]}}