{"id":14417,"date":"2020-08-27T09:39:23","date_gmt":"2020-08-27T07:39:23","guid":{"rendered":"http:\/\/bisbalpenedes.com\/web\/?p=14417"},"modified":"2020-08-27T12:39:04","modified_gmt":"2020-08-27T10:39:04","slug":"contracte-menor-per-larranjament-del-cami-de-la-timba-i-diversos-carrers-de-santa-cristina-malmesos-pels-aiguats","status":"publish","type":"post","link":"https:\/\/bisbalpenedes.com\/web\/2020\/08\/27\/contracte-menor-per-larranjament-del-cami-de-la-timba-i-diversos-carrers-de-santa-cristina-malmesos-pels-aiguats\/","title":{"rendered":"Contracte menor per a l\u2019arranjament del cam\u00ed de la Timba i diversos carrers de Santa Cristina malmesos pels aiguats"},"content":{"rendered":"<p style=\"text-align: center;\"><a href=\"http:\/\/bisbalpenedes.com\/web\/wp-content\/uploads\/2020\/08\/IMG_3527.jpg\"><img loading=\"lazy\" class=\"alignnone size-medium wp-image-14421\" src=\"http:\/\/bisbalpenedes.com\/web\/wp-content\/uploads\/2020\/08\/IMG_3527-300x225.jpg\" alt=\"PINEDA SANTA CRISTINA\" width=\"300\" height=\"225\" srcset=\"https:\/\/bisbalpenedes.com\/web\/wp-content\/uploads\/2020\/08\/IMG_3527-300x225.jpg 300w, https:\/\/bisbalpenedes.com\/web\/wp-content\/uploads\/2020\/08\/IMG_3527-600x450.jpg 600w, https:\/\/bisbalpenedes.com\/web\/wp-content\/uploads\/2020\/08\/IMG_3527-768x576.jpg 768w, https:\/\/bisbalpenedes.com\/web\/wp-content\/uploads\/2020\/08\/IMG_3527-1024x768.jpg 1024w\" sizes=\"(max-width: 300px) 100vw, 300px\" \/><\/a><\/p>\n<p style=\"text-align: justify;\"><span style=\"color: #000000;\">La Junta de govern local, a petici\u00f3 de la Regidoria de Mobilitat i Via P\u00fablica, ha aprovat un contracte menor per a l\u2019arranjament del cam\u00ed de la Timba i de diversos carrers de la Pineda de Santa Cristina que han patit desperfectes a causa de les pluges. El contracte s\u2019ha aprovat amb l\u2019empresa Excavacions i Transports Rovira S.A. per un import de 12.983,30\u20ac.<\/span><\/p>\n<p style=\"text-align: justify;\"><span style=\"color: #000000;\">Les actuacions consistiran en l\u2019estesa de material per anivellar els clots, la seva conservaci\u00f3 i la reparaci\u00f3 dels trencalls provocats per les aig\u00fces pluvials i de compactaci\u00f3.<\/span><\/p>\n<p style=\"text-align: justify;\"><span style=\"color: #000000;\"><strong>Cam\u00ed de la Timba:<\/strong> al tram que va des de la Riera de la Bisbal fins a les escales del carrer Moss\u00e8n Bund\u00f3 i la zona que dona acc\u00e9s al roc\u00f2drom a l\u2019aire lliure i que forma part de la xarxa de camins saludables. En aquest cas s\u2019ha obert una rasa que pot ser perillosa per als vianants i que impossibilita l\u2019acc\u00e9s a la zona amb vehicles. L\u2019obra consistir\u00e0 en l\u2019estesa de material per tapar la rasa, l\u2019anivellament i la realitzaci\u00f3 d\u2019una cuneta de formig\u00f3 per a la recollida i conducci\u00f3 de l\u2019aigua cap a la riera. Aquest \u00e9s un cam\u00ed molt transitat tant per anar al roc\u00f2drom de la Timba com pels vianants que passegen o que van al Priorat. Tamb\u00e9 \u00e9s utilitzat per tractors que van a les vinyes que estan situades en aquella zona.<\/span><\/p>\n<p style=\"text-align: justify;\"><span style=\"color: #000000;\"><strong>Pineda de Santa Cristina:<\/strong> arranjament de diversos carrers de la urbanitzaci\u00f3 Pineda de Santa Cristina que presenten clots grans sense pavimentar que redueixen l\u2019amplada \u00fatil de la via, obligant els vehicles a maniobrar per poder passar i impossibilitant el pas de dos vehicles alhora. Alhora, aquests desperfectes poden suposar un risc de caiguda per als vianants o podrien causar desperfectes en els vehicles. Els desperfectes van ser generats pels aiguats de la primavera per\u00f2 la situaci\u00f3 d\u2019Estat d\u2019alarma ha fet que s\u2019hagin endarrerit els treballs d\u2019arranjament.<\/span><\/p>\n<hr \/>\n<p style=\"text-align: justify;\"><span style=\"color: #000000;\"><strong>CASTELLANO | <\/strong>La Junta de gobierno local, a petici\u00f3n de la Concejal\u00eda de Movilidad y V\u00eda P\u00fablica, ha aprobado un contrato menor para el arreglo del camino de la Timba y de varias calles de la Pineda de Santa Cristina que han sufrido desperfectos a causa de las lluvias. El contrato se ha aprobado con la empresa Excavacions y Transports Rovira S.A. por un importe de 12.983,30\u20ac.<\/span><\/p>\n<p style=\"text-align: justify;\"><span style=\"color: #000000;\">Las actuaciones consistir\u00e1n en el tendido de material para nivelar los hoyos, su conservaci\u00f3n y la reparaci\u00f3n de los desv\u00edos provocados por las aguas pluviales y de compactaci\u00f3n.<\/span><\/p>\n<p style=\"text-align: justify;\"><span style=\"color: #000000;\"><strong>Camino de la Timba:<\/strong> al tramo que va desde la Riera de la Bisbal hasta las escalas de la calle Moss\u00e8n Bund\u00f3 y la zona que da acceso al roc\u00f3dromo al aire libre y que forma parte de la red de caminos saludables. En este caso se ha abierto una zanja que puede ser peligrosa para los peatones y que imposibilita el acceso en la zona con veh\u00edculos. La obra consistir\u00e1 en el tendido de material para tapar la zanja, la nivelaci\u00f3n y la realizaci\u00f3n de una cuneta de hormig\u00f3n para la recogida y conducci\u00f3n del agua hacia la riera. Este es un camino muy transitado tanto para ir al roc\u00f3dromo de la Timba como por los peatones que pasean o que van al Priorat. Tambi\u00e9n es utilizado por tractores que van a las vi\u00f1as que est\u00e1n situadas en aquella zona.<\/span><\/p>\n<p style=\"text-align: justify;\"><span style=\"color: #000000;\"><strong>Pineda de Santa Cristina:<\/strong> arreglo de varias calles de la urbanizaci\u00f3n Pineda de Santa Cristina que presentan hoyos grandes sin pavimentar que reducen la anchura \u00fatil de la v\u00eda, obligando los veh\u00edculos a maniobrar para poder pasar e imposibilitando el paso de dos veh\u00edculos a la vez. A la vez, estos desperfectos pueden suponer un riesgo de ca\u00edda peatonal o podr\u00edan causar desperfectos en los veh\u00edculos. Los desperfectos fueron generados por las trombas de agua de la primavera pero la situaci\u00f3n de Estado de alarma ha hecho que se hayan atrasado los trabajos de arreglo.<\/span><\/p>\n","protected":false},"excerpt":{"rendered":"<p>La Junta de govern local, a petici\u00f3 de la Regidoria de Mobilitat i Via P\u00fablica, ha aprovat un contracte menor per a l\u2019arranjament del cam\u00ed de la Timba i de &hellip; <a href=\"https:\/\/bisbalpenedes.com\/web\/2020\/08\/27\/contracte-menor-per-larranjament-del-cami-de-la-timba-i-diversos-carrers-de-santa-cristina-malmesos-pels-aiguats\/\" class=\"more-link\">Read More<\/a><\/p>\n","protected":false},"author":4,"featured_media":14421,"comment_status":"closed","ping_status":"closed","sticky":false,"template":"","format":"standard","meta":[],"categories":[3482,8],"tags":[3993,895,1571,1811,623],"_links":{"self":[{"href":"https:\/\/bisbalpenedes.com\/web\/wp-json\/wp\/v2\/posts\/14417"}],"collection":[{"href":"https:\/\/bisbalpenedes.com\/web\/wp-json\/wp\/v2\/posts"}],"about":[{"href":"https:\/\/bisbalpenedes.com\/web\/wp-json\/wp\/v2\/types\/post"}],"author":[{"embeddable":true,"href":"https:\/\/bisbalpenedes.com\/web\/wp-json\/wp\/v2\/users\/4"}],"replies":[{"embeddable":true,"href":"https:\/\/bisbalpenedes.com\/web\/wp-json\/wp\/v2\/comments?post=14417"}],"version-history":[{"count":5,"href":"https:\/\/bisbalpenedes.com\/web\/wp-json\/wp\/v2\/posts\/14417\/revisions"}],"predecessor-version":[{"id":14423,"href":"https:\/\/bisbalpenedes.com\/web\/wp-json\/wp\/v2\/posts\/14417\/revisions\/14423"}],"wp:featuredmedia":[{"embeddable":true,"href":"https:\/\/bisbalpenedes.com\/web\/wp-json\/wp\/v2\/media\/14421"}],"wp:attachment":[{"href":"https:\/\/bisbalpenedes.com\/web\/wp-json\/wp\/v2\/media?parent=14417"}],"wp:term":[{"taxonomy":"category","embeddable":true,"href":"https:\/\/bisbalpenedes.com\/web\/wp-json\/wp\/v2\/categories?post=14417"},{"taxonomy":"post_tag","embeddable":true,"href":"https:\/\/bisbalpenedes.com\/web\/wp-json\/wp\/v2\/tags?post=14417"}],"curies":[{"name":"wp","href":"https:\/\/api.w.org\/{rel}","templated":true}]}}