{"id":14409,"date":"2020-08-26T12:25:14","date_gmt":"2020-08-26T10:25:14","guid":{"rendered":"http:\/\/bisbalpenedes.com\/web\/?p=14409"},"modified":"2020-08-26T12:25:14","modified_gmt":"2020-08-26T10:25:14","slug":"la-junta-de-govern-ha-aprovat-declarar-els-beneficiaris-i-no-beneficiaris-de-les-subvencions-de-menjador-del-escolar-curs-20192020","status":"publish","type":"post","link":"https:\/\/bisbalpenedes.com\/web\/2020\/08\/26\/la-junta-de-govern-ha-aprovat-declarar-els-beneficiaris-i-no-beneficiaris-de-les-subvencions-de-menjador-del-escolar-curs-20192020\/","title":{"rendered":"La Junta de Govern ha aprovat declarar els beneficiaris i no beneficiaris de les subvencions de menjador del escolar curs 2019\/2020"},"content":{"rendered":"<p style=\"text-align: justify;\"><span style=\"color: #000000;\">La Junta de govern del 24 d\u2019agost, a petici\u00f3 de la Regidoria d\u2019Ensenyament, ha aprovat declarar els beneficiaris i no beneficiaris de la convocat\u00f2ria de subvencions del menjador escolar de l\u2019Escola Ull de Vent per al curs 2019\/2020.<\/span><\/p>\n<p style=\"text-align: justify;\"><span style=\"color: #000000;\">S\u2019ha aprovat declarar 69 fam\u00edlies com a benefici\u00e0ries amb un import m\u00e0xim total de 7.910,10\u20ac. Cada fam\u00edlia rebr\u00e0 la part de subvenci\u00f3 que li correspon en funci\u00f3 del nombre de dies que l\u2019alumne hagi utilitzat el servei de menjador des de l\u2019inici del curs escolar 2019\/2020 i fins al 12 de mar\u00e7.<\/span><\/p>\n<p style=\"text-align: justify;\"><span style=\"color: #000000;\">Tamb\u00e9 s\u2019han declarat 15 fam\u00edlies no benefici\u00e0ries, una per presentar la sol\u00b7licitud fora de termini i 14 per no estar al corrent de pagament amb l\u2019Ajuntament, Hisenda o la Seguretat Social.<\/span><\/p>\n<p style=\"text-align: justify;\"><span style=\"color: #000000;\">Durant les properes setmanes, les fam\u00edlies rebran al seu domicili la notificaci\u00f3 de l\u2019acord i el document que han d\u2019omplir i signar com a acceptaci\u00f3 de la subvenci\u00f3. A partir d\u2019aquell moment, les fam\u00edlies disposaran d\u2019un mes per entrar al registre d\u2019entrada de l\u2019Ajuntament (presencialment o de forma telem\u00e0tica) el document d\u2019acceptaci\u00f3 de la subvenci\u00f3 omplert i signat. El mateix dia podran entrar per registre\u00a0 les factures originals o compulsades i els justificants de pagament dels dies que han assistit al menjador. Passat el termini per presentar la documentaci\u00f3 i, en el cas dels beneficiaris, despr\u00e9s d\u2019haver comprovat els dies que l\u2019alumne\/a hagi assistit al menjador, s\u2019aprovar\u00e0 el pagament de la subvenci\u00f3 corresponent. La quantitat de la subvenci\u00f3 correspon a 1,70\u20ac per dia que l\u2019alumne assisteix al servei de menjador i l\u2019import est\u00e0 subjecte a l\u2019IRPF.<\/span><\/p>\n<hr \/>\n<p style=\"text-align: justify;\"><span style=\"color: #000000;\"><strong>CASTELLANO |\u00a0<\/strong>La Junta de gobierno del 24 de agosto, a petici\u00f3n de la Concejal\u00eda de Educaci\u00f3n, ha aprobado declarar los beneficiarios y no beneficiarios de la convocatoria de subvenciones del comedor escolar de la Escuela Ull de Vent para el curso 2019\/2020.<\/span><\/p>\n<p style=\"text-align: justify;\"><span style=\"color: #000000;\">Se ha aprobado declarar a 69 familias como beneficiarias con un importe m\u00e1ximo total de 7.910,10\u20ac. Cada familia recibir\u00e1 la parte de subvenci\u00f3n que le corresponde en funci\u00f3n del n\u00famero de d\u00edas que el alumno haya utilizado el servicio de comedor desde el inicio del curso escolar 2019\/2020 y hasta el 12 de marzo.<\/span><\/p>\n<p style=\"text-align: justify;\"><span style=\"color: #000000;\">Tambi\u00e9n se han declarado 15 familias no beneficiarias, una por presentar la solicitud fuera de plazo y 14 por no estar al corriente de pago con el Ayuntamiento, Hacienda o la Seguridad Social.<\/span><\/p>\n<p style=\"text-align: justify;\"><span style=\"color: #000000;\">Durante las pr\u00f3ximas semanas, las familias recibir\u00e1n en su domicilio la notificaci\u00f3n del acuerdo y el documento que tienen que rellenar y firmar para aceptar la subvenci\u00f3n. A partir de ese momento, las familias dispondr\u00e1n de un mes para entrar al registro de entrada del Ayuntamiento (presencialmente o de forma telem\u00e1tica) el documento de aceptaci\u00f3n de la subvenci\u00f3n rellenado y firmado. El mismo d\u00eda podr\u00e1n entrar por registro\u00a0 las facturas originales o compulsadas y los justificantes de pago de los d\u00edas que han asistido en el comedor. Pasado el plazo para presentar la documentaci\u00f3n y, en el caso de los beneficiarios, despu\u00e9s de haber comprobado los d\u00edas que el alumno\/a haya asistido en el comedor, se aprobar\u00e1 el pago de la subvenci\u00f3n correspondiente. La cantidad de la subvenci\u00f3n corresponde a 1,70\u20ac por d\u00eda que el alumno asiste al servicio de comedor y el importe est\u00e1 sujeto al IRPF.<\/span><\/p>\n<p>&nbsp;<\/p>\n","protected":false},"excerpt":{"rendered":"<p>La Junta de govern del 24 d\u2019agost, a petici\u00f3 de la Regidoria d\u2019Ensenyament, ha aprovat declarar els beneficiaris i no beneficiaris de la convocat\u00f2ria de subvencions del menjador escolar de &hellip; <a href=\"https:\/\/bisbalpenedes.com\/web\/2020\/08\/26\/la-junta-de-govern-ha-aprovat-declarar-els-beneficiaris-i-no-beneficiaris-de-les-subvencions-de-menjador-del-escolar-curs-20192020\/\" class=\"more-link\">Read More<\/a><\/p>\n","protected":false},"author":4,"featured_media":14410,"comment_status":"closed","ping_status":"closed","sticky":false,"template":"","format":"standard","meta":[],"categories":[2397,3456,3431],"tags":[336,102],"_links":{"self":[{"href":"https:\/\/bisbalpenedes.com\/web\/wp-json\/wp\/v2\/posts\/14409"}],"collection":[{"href":"https:\/\/bisbalpenedes.com\/web\/wp-json\/wp\/v2\/posts"}],"about":[{"href":"https:\/\/bisbalpenedes.com\/web\/wp-json\/wp\/v2\/types\/post"}],"author":[{"embeddable":true,"href":"https:\/\/bisbalpenedes.com\/web\/wp-json\/wp\/v2\/users\/4"}],"replies":[{"embeddable":true,"href":"https:\/\/bisbalpenedes.com\/web\/wp-json\/wp\/v2\/comments?post=14409"}],"version-history":[{"count":1,"href":"https:\/\/bisbalpenedes.com\/web\/wp-json\/wp\/v2\/posts\/14409\/revisions"}],"predecessor-version":[{"id":14411,"href":"https:\/\/bisbalpenedes.com\/web\/wp-json\/wp\/v2\/posts\/14409\/revisions\/14411"}],"wp:featuredmedia":[{"embeddable":true,"href":"https:\/\/bisbalpenedes.com\/web\/wp-json\/wp\/v2\/media\/14410"}],"wp:attachment":[{"href":"https:\/\/bisbalpenedes.com\/web\/wp-json\/wp\/v2\/media?parent=14409"}],"wp:term":[{"taxonomy":"category","embeddable":true,"href":"https:\/\/bisbalpenedes.com\/web\/wp-json\/wp\/v2\/categories?post=14409"},{"taxonomy":"post_tag","embeddable":true,"href":"https:\/\/bisbalpenedes.com\/web\/wp-json\/wp\/v2\/tags?post=14409"}],"curies":[{"name":"wp","href":"https:\/\/api.w.org\/{rel}","templated":true}]}}