{"id":14401,"date":"2020-08-25T15:57:37","date_gmt":"2020-08-25T13:57:37","guid":{"rendered":"http:\/\/bisbalpenedes.com\/web\/?p=14401"},"modified":"2020-08-26T12:20:02","modified_gmt":"2020-08-26T10:20:02","slug":"saprova-un-contracte-per-arranjar-lasfalt-del-carrer-segre-de-can-gordei","status":"publish","type":"post","link":"https:\/\/bisbalpenedes.com\/web\/2020\/08\/25\/saprova-un-contracte-per-arranjar-lasfalt-del-carrer-segre-de-can-gordei\/","title":{"rendered":"S\u2019aprova un contracte per arranjar l\u2019asfalt del carrer Segre de Can Gordei"},"content":{"rendered":"<p style=\"text-align: justify;\"><a href=\"http:\/\/bisbalpenedes.com\/web\/wp-content\/uploads\/2020\/08\/CARTELL-CAN-GORDEI-1A-ENTRADA-OPT.jpg\"><img loading=\"lazy\" class=\"aligncenter wp-image-14407 size-medium\" src=\"http:\/\/bisbalpenedes.com\/web\/wp-content\/uploads\/2020\/08\/CARTELL-CAN-GORDEI-1A-ENTRADA-OPT-300x225.jpg\" alt=\"CARTELL CAN GORDEI 1A ENTRADA-OPT\" width=\"300\" height=\"225\" srcset=\"https:\/\/bisbalpenedes.com\/web\/wp-content\/uploads\/2020\/08\/CARTELL-CAN-GORDEI-1A-ENTRADA-OPT-300x225.jpg 300w, https:\/\/bisbalpenedes.com\/web\/wp-content\/uploads\/2020\/08\/CARTELL-CAN-GORDEI-1A-ENTRADA-OPT-600x450.jpg 600w, https:\/\/bisbalpenedes.com\/web\/wp-content\/uploads\/2020\/08\/CARTELL-CAN-GORDEI-1A-ENTRADA-OPT-768x576.jpg 768w, https:\/\/bisbalpenedes.com\/web\/wp-content\/uploads\/2020\/08\/CARTELL-CAN-GORDEI-1A-ENTRADA-OPT.jpg 960w\" sizes=\"(max-width: 300px) 100vw, 300px\" \/><\/a><\/p>\n<p style=\"text-align: justify;\"><span style=\"color: #000000;\">La Junta de govern local ha aprovat, a petici\u00f3 de la Regidoria de Mobilitat i via p\u00fablica, un contracte menor per a les obres d\u2019arranjament de l\u2019asfaltat del carrer Segre, a l\u2019entrada principal de Can Gordei, amb l\u2019empresa Excavacions Sol\u00e9 Xic per un import de 5.360,30\u20ac, IVA incl\u00f2s.<\/span><\/p>\n<p style=\"text-align: justify;\"><span style=\"color: #000000;\">Aquestes obres s\u2019han de dur a terme perqu\u00e8 la reixa que fa de sortida del sistema de recollida d\u2019aig\u00fces pluvials est\u00e0 trencada en diversos punts i pot suposar un perill. Quan plou, l\u2019aigua corre pel marge del carrer fins al bosc i, durant aquest recorregut, ha malm\u00e8s l\u2019asfalt en diversos punts, suposant un perill per al tr\u00e0nsit. A m\u00e9s, ha enfonsat algun tram de voral, fent que l\u2019aigua salti fora en diferents punts.<\/span><\/p>\n<p style=\"text-align: justify;\"><span style=\"color: #000000;\">Les obres consistiran en canviar la reixa actual per una nova i homologada, reparar l\u2019asfalt malm\u00e8s i la colocar de les vorades enfonsades.<\/span><\/p>\n<hr \/>\n<p style=\"text-align: justify;\"><span style=\"color: #000000;\"><strong>CASTELLANO |<\/strong> La Junta de gobierno local ha aprobado, a petici\u00f3n de la Concejal\u00eda de Mobilidad y v\u00eda p\u00fablica, un contrato menor para las obras de arreglo del asfaltado de la calle Segre, en la entrada principal de Can Gordei, con la empresa Excavacions Sol\u00e9 Xic por un importe de 5.360,30\u20ac, IVA incluido.<\/span><\/p>\n<p style=\"text-align: justify;\"><span style=\"color: #000000;\">Estas obras se tienen que llevar a cabo porque la reja que hace de salida del sistema de recogida de aguas pluviales est\u00e1 rota en varios puntos y puede suponer un peligro. Cuando llueve, el agua corre por el margen de la calle hasta el bosque y, durante este recorrido, ha estropeado el asfalto en varios puntos, suponiendo un peligro para el tr\u00e1fico. Adem\u00e1s, ha hundido alg\u00fan tramo del arc\u00e9n, haciendo que el agua salte fuera en distintos puntos.<br \/>\n<\/span><br \/>\n<span style=\"color: #000000;\"> Las obras consistir\u00e1n en cambiar la reja actual por una nueva y homologada, reparar el asfalto estropeado y colocar los bordillos hundidos.<\/span><\/p>\n","protected":false},"excerpt":{"rendered":"<p>La Junta de govern local ha aprovat, a petici\u00f3 de la Regidoria de Mobilitat i via p\u00fablica, un contracte menor per a les obres d\u2019arranjament de l\u2019asfaltat del carrer Segre, &hellip; <a href=\"https:\/\/bisbalpenedes.com\/web\/2020\/08\/25\/saprova-un-contracte-per-arranjar-lasfalt-del-carrer-segre-de-can-gordei\/\" class=\"more-link\">Read More<\/a><\/p>\n","protected":false},"author":4,"featured_media":14407,"comment_status":"closed","ping_status":"closed","sticky":false,"template":"","format":"standard","meta":[],"categories":[3482],"tags":[895,198],"_links":{"self":[{"href":"https:\/\/bisbalpenedes.com\/web\/wp-json\/wp\/v2\/posts\/14401"}],"collection":[{"href":"https:\/\/bisbalpenedes.com\/web\/wp-json\/wp\/v2\/posts"}],"about":[{"href":"https:\/\/bisbalpenedes.com\/web\/wp-json\/wp\/v2\/types\/post"}],"author":[{"embeddable":true,"href":"https:\/\/bisbalpenedes.com\/web\/wp-json\/wp\/v2\/users\/4"}],"replies":[{"embeddable":true,"href":"https:\/\/bisbalpenedes.com\/web\/wp-json\/wp\/v2\/comments?post=14401"}],"version-history":[{"count":4,"href":"https:\/\/bisbalpenedes.com\/web\/wp-json\/wp\/v2\/posts\/14401\/revisions"}],"predecessor-version":[{"id":14408,"href":"https:\/\/bisbalpenedes.com\/web\/wp-json\/wp\/v2\/posts\/14401\/revisions\/14408"}],"wp:featuredmedia":[{"embeddable":true,"href":"https:\/\/bisbalpenedes.com\/web\/wp-json\/wp\/v2\/media\/14407"}],"wp:attachment":[{"href":"https:\/\/bisbalpenedes.com\/web\/wp-json\/wp\/v2\/media?parent=14401"}],"wp:term":[{"taxonomy":"category","embeddable":true,"href":"https:\/\/bisbalpenedes.com\/web\/wp-json\/wp\/v2\/categories?post=14401"},{"taxonomy":"post_tag","embeddable":true,"href":"https:\/\/bisbalpenedes.com\/web\/wp-json\/wp\/v2\/tags?post=14401"}],"curies":[{"name":"wp","href":"https:\/\/api.w.org\/{rel}","templated":true}]}}