{"id":14392,"date":"2020-08-25T13:16:21","date_gmt":"2020-08-25T11:16:21","guid":{"rendered":"http:\/\/bisbalpenedes.com\/web\/?p=14392"},"modified":"2020-08-25T13:24:41","modified_gmt":"2020-08-25T11:24:41","slug":"el-primer-dilluns-de-cada-mes-es-du-a-terme-la-recollida-de-residus-voluminosos-a-domicili","status":"publish","type":"post","link":"https:\/\/bisbalpenedes.com\/web\/2020\/08\/25\/el-primer-dilluns-de-cada-mes-es-du-a-terme-la-recollida-de-residus-voluminosos-a-domicili\/","title":{"rendered":"El primer dilluns de cada mes es du a terme la recollida de residus voluminosos a domicili"},"content":{"rendered":"<div class=\"\" data-block=\"true\" data-editor=\"9b5mt\" data-offset-key=\"f7oqc-0-0\">\n<div class=\"_1mf _1mj\" style=\"text-align: justify;\" data-offset-key=\"f7oqc-0-0\"><span style=\"color: #000000;\" data-offset-key=\"f7oqc-2-0\">L&#8217;Ajuntament de la Bisbal del Pened\u00e8s us recorda que el primer dilluns -no festiu &#8211; de cada mes es du a terme la recollida de residus voluminosos a domicili. Si teniu residus voluminosos i andr\u00f2mines a casa i no els podeu portar al Punt Verd, truqueu a l&#8217;Ajuntament de la Bisbal del Pened\u00e8s i us els vindrem a recollir. Per a m\u00e9s informaci\u00f3 consulteu la imatge adjunta o truqueu al tel\u00e8fon 977688438.<\/span><\/div>\n<\/div>\n<div class=\"\" style=\"text-align: justify;\" data-block=\"true\" data-editor=\"9b5mt\" data-offset-key=\"6ksf4-0-0\">\n<div class=\"_1mf _1mj\" data-offset-key=\"6ksf4-0-0\">\n<hr \/>\n<\/div>\n<\/div>\n<div class=\"\" data-block=\"true\" data-editor=\"9b5mt\" data-offset-key=\"6ab7u-0-0\">\n<div class=\"_1mf _1mj\" style=\"text-align: justify;\" data-offset-key=\"6ab7u-0-0\"><span style=\"color: #000000;\" data-offset-key=\"6ab7u-0-0\"><strong>CASTELLANO |<\/strong> El Ayuntamiento de la Bisbal del Pened\u00e8s os recuerda que el primer lunes &#8211; no festivo &#8211; de cada mes se lleva a cabo la recogida de residuos voluminosos a domicilio. Si ten\u00e9is residuos voluminosos o trastos en casa y no los pod\u00e9is llevar al Punt Verd, llamad al Ayuntamiento de la Bisbal del Pened\u00e8s y os los vendremos a recoger. Para m\u00e1s informaci\u00f3n consultad la imagen adjunta o llamad al tel\u00e9fono 977688438.<\/span><\/div>\n<div class=\"_1mf _1mj\" style=\"text-align: justify;\" data-offset-key=\"6ab7u-0-0\"><a href=\"http:\/\/bisbalpenedes.com\/web\/wp-content\/uploads\/2020\/08\/RECOLLIDA-TRASTOS-AJUNTAMENT-GENERICA.jpg\"><img loading=\"lazy\" class=\"aligncenter size-full wp-image-14393\" src=\"http:\/\/bisbalpenedes.com\/web\/wp-content\/uploads\/2020\/08\/RECOLLIDA-TRASTOS-AJUNTAMENT-GENERICA.jpg\" alt=\"RECOLLIDA TRASTOS -AJUNTAMENT GENERICA\" width=\"463\" height=\"960\" srcset=\"https:\/\/bisbalpenedes.com\/web\/wp-content\/uploads\/2020\/08\/RECOLLIDA-TRASTOS-AJUNTAMENT-GENERICA.jpg 463w, https:\/\/bisbalpenedes.com\/web\/wp-content\/uploads\/2020\/08\/RECOLLIDA-TRASTOS-AJUNTAMENT-GENERICA-145x300.jpg 145w\" sizes=\"(max-width: 463px) 100vw, 463px\" \/><\/a><\/div>\n<\/div>\n","protected":false},"excerpt":{"rendered":"<p>L&#8217;Ajuntament de la Bisbal del Pened\u00e8s us recorda que el primer dilluns -no festiu &#8211; de cada mes es du a terme la recollida de residus voluminosos a domicili. Si &hellip; <a href=\"https:\/\/bisbalpenedes.com\/web\/2020\/08\/25\/el-primer-dilluns-de-cada-mes-es-du-a-terme-la-recollida-de-residus-voluminosos-a-domicili\/\" class=\"more-link\">Read More<\/a><\/p>\n","protected":false},"author":4,"featured_media":14393,"comment_status":"closed","ping_status":"closed","sticky":false,"template":"","format":"standard","meta":[],"categories":[3215,8],"tags":[92,1729,1183],"_links":{"self":[{"href":"https:\/\/bisbalpenedes.com\/web\/wp-json\/wp\/v2\/posts\/14392"}],"collection":[{"href":"https:\/\/bisbalpenedes.com\/web\/wp-json\/wp\/v2\/posts"}],"about":[{"href":"https:\/\/bisbalpenedes.com\/web\/wp-json\/wp\/v2\/types\/post"}],"author":[{"embeddable":true,"href":"https:\/\/bisbalpenedes.com\/web\/wp-json\/wp\/v2\/users\/4"}],"replies":[{"embeddable":true,"href":"https:\/\/bisbalpenedes.com\/web\/wp-json\/wp\/v2\/comments?post=14392"}],"version-history":[{"count":3,"href":"https:\/\/bisbalpenedes.com\/web\/wp-json\/wp\/v2\/posts\/14392\/revisions"}],"predecessor-version":[{"id":14396,"href":"https:\/\/bisbalpenedes.com\/web\/wp-json\/wp\/v2\/posts\/14392\/revisions\/14396"}],"wp:featuredmedia":[{"embeddable":true,"href":"https:\/\/bisbalpenedes.com\/web\/wp-json\/wp\/v2\/media\/14393"}],"wp:attachment":[{"href":"https:\/\/bisbalpenedes.com\/web\/wp-json\/wp\/v2\/media?parent=14392"}],"wp:term":[{"taxonomy":"category","embeddable":true,"href":"https:\/\/bisbalpenedes.com\/web\/wp-json\/wp\/v2\/categories?post=14392"},{"taxonomy":"post_tag","embeddable":true,"href":"https:\/\/bisbalpenedes.com\/web\/wp-json\/wp\/v2\/tags?post=14392"}],"curies":[{"name":"wp","href":"https:\/\/api.w.org\/{rel}","templated":true}]}}