{"id":14385,"date":"2020-08-25T11:44:44","date_gmt":"2020-08-25T09:44:44","guid":{"rendered":"http:\/\/bisbalpenedes.com\/web\/?p=14385"},"modified":"2020-08-26T16:51:28","modified_gmt":"2020-08-26T14:51:28","slug":"sobre-el-periode-de-licitacio-per-a-la-contractacio-del-subministrament-installacio-i-manteniment-de-dispositius-de-videovigilancia-fixos","status":"publish","type":"post","link":"https:\/\/bisbalpenedes.com\/web\/2020\/08\/25\/sobre-el-periode-de-licitacio-per-a-la-contractacio-del-subministrament-installacio-i-manteniment-de-dispositius-de-videovigilancia-fixos\/","title":{"rendered":"S\u2019obre el per\u00edode de licitaci\u00f3 per a la contractaci\u00f3 del subministrament, instal\u00b7laci\u00f3 i manteniment de dispositius de videovigil\u00e0ncia fixos"},"content":{"rendered":"<p style=\"text-align: justify;\"><span style=\"color: #000000;\">La Junta de govern local del 24 d\u2019agost va aprovar, a petici\u00f3 de la Regidoria de Seguretat Ciutadana, convocar la licitaci\u00f3 per a la contractaci\u00f3 del subministrament, instal\u00b7laci\u00f3 i manteniment de dispositius de videovigil\u00e0ncia fixos, mitjan\u00e7ant procediment obert, amb l\u2019objectiu d\u2019assegurar la conviv\u00e8ncia ciutadana, l\u2019erradicaci\u00f3 de la viol\u00e8ncia aix\u00ed com prevenir la comissi\u00f3 de delictes i infraccions relacionades amb la seguretat p\u00fablica, com s\u00f3n els robatoris i les ocupacions il\u00b7legals. Segons ha explicat el regidor de Seguretat Ciutadana, F\u00e8lix Villaz\u00e1n, \u201cel sistema de videovigil\u00e0ncia contribuir\u00e0 a millorar la seguretat ciutadana i la conviv\u00e8ncia per\u00f2 tamb\u00e9 servir\u00e0 perqu\u00e8 els Mossos d\u2019Esquadra puguin investigar possibles infraccions civils o penals i, en casos que es produeixin alteracions i desordres greus de la seguretat ciutadana, es podran fer servir les imatges obtingudes com a prova\u201d.<\/span><\/p>\n<p style=\"text-align: justify;\"><span style=\"color: #000000;\">La licitaci\u00f3 es divideix en dos lots:<\/span><\/p>\n<p style=\"text-align: justify; padding-left: 30px;\"><span style=\"color: #000000;\"><strong><u>Lot 1:<\/u><\/strong>\u00a0subministrament, instal\u00b7laci\u00f3 i manteniment de sis punts de lectura de vehicles, per un import de 114.690,41\u20ac. L\u2019equip estar\u00e0 compost per una c\u00e0mera d\u2019entorn i un armari exterior, amb caracter\u00edstiques t\u00e8cniques espec\u00edfiques que es detallen en el plec de cl\u00e0usules. La utilitzaci\u00f3 d\u2019aquests equips estar\u00e0 regulada per la Llei org\u00e0nica 4\/1997, de 4 d\u2019agost, per la qual es regula la utilitzaci\u00f3 de c\u00e0meres de v\u00eddeo per gravar imatges i el seu posterior tractament.<\/span><\/p>\n<p style=\"text-align: justify; padding-left: 30px;\"><span style=\"color: #000000;\"><strong><u>Lot 2:<\/u><\/strong>\u00a0certificaci\u00f3 dels sis punts de control, per 9.071,37\u20ac. Una vegada estiguin instal\u00b7lades les c\u00e0meres, s\u2019haur\u00e0 de fer una prova de fiabilitat de cada dispositiu i certificar-ho.<\/span><\/p>\n<p style=\"text-align: justify;\"><strong><span style=\"color: #000000;\">Tota la informaci\u00f3 sobre aquesta licitaci\u00f3 es pot consultar al perfil del contractant:\u00a0<a style=\"color: #000000;\" href=\"https:\/\/contractaciopublica.gencat.cat\/ecofin_pscp\/AppJava\/notice.pscp?reqCode=viewCn&amp;idDoc=67655425&amp;lawType=\">https:\/\/contractaciopublica.gencat.cat\/ecofin_pscp\/AppJava\/notice.pscp?reqCode=viewCn&amp;idDoc=67655425&amp;lawType=<\/a>\u00a0Les empreses interessades hauran de presentar les seves ofertes de forma electr\u00f2nica. El termini per presentar proposicions ser\u00e0 del 26 d\u2019agost al 9 de setembre fins a les 14h, ambd\u00f3s inclosos.<\/span><\/strong><\/p>\n<p style=\"text-align: justify;\"><span style=\"color: #000000;\">La inversi\u00f3 total ser\u00e0 de 123.761,78\u20ac a realitzar entre els anys 2020, 2021 i 2020:<\/span><\/p>\n<p style=\"text-align: justify; padding-left: 30px;\"><span style=\"color: #000000;\"><strong><u>Any 2020:<\/u><\/strong>\u00a0Import 46.000\u20ac. S\u2019instal\u00b7laran dues c\u00e0meres, una a l\u2019entrada del Priorat (a la cru\u00eflla que va a les dues parts del Priorat) i una en un dels accessos a La Miralba.<\/span><\/p>\n<p style=\"text-align: justify; padding-left: 30px;\"><span style=\"color: #000000;\"><strong><u>Any 2021:<\/u><\/strong>\u00a0S\u2019instal\u00b7laran dues c\u00e0meres, una a l\u2019entrada de la Miralba i una altra en una de les entrades a Can Gordei.<\/span><\/p>\n<p style=\"text-align: justify; padding-left: 30px;\"><span style=\"color: #000000;\"><strong><u>Any 2022:<\/u><\/strong>\u00a0S\u2019instal\u00b7laran dues c\u00e0meres, una a l\u2019altra entrada de Can Gordei i una a l\u2019entrada de l\u2019Esplai.<\/span><\/p>\n<p style=\"text-align: justify;\"><span style=\"color: #000000;\">L\u2019Ajuntament de la Bisbal del Pened\u00e8s no tindr\u00e0 acc\u00e9s directe a les imatges sin\u00f3 que, aquestes, es gestionaran directament des de Mossos d\u2019Esquadra i el titular de les dades que s\u2019obtinguin mitjan\u00e7ant els dispositius ser\u00e0 la Direcci\u00f3 General de Policia. Per aquest motiu, el novembre de 2019 la Junta de Govern va aprovar un conveni de col\u00b7laboraci\u00f3 amb el Departament d\u2019Interior de la Generalitat de Catalunya per a l\u2019execuci\u00f3 d\u2019un projecte pilot en mat\u00e8ria de videovigil\u00e0ncia per part de la policia de la Generalitat \u2013 Mossos d\u2019Esquadra.<\/span><\/p>\n<p style=\"text-align: justify;\"><span style=\"color: #000000;\">El regidor de Seguretat Ciutadana, F\u00e8lix Villaz\u00e1n, ha explicat que aquesta inversi\u00f3 es pot tirar endavant en el moment actual perqu\u00e8 el municipi compta amb fibra \u00f2ptica, un requeriment imprescindible per poder transmetre les dades al servidor de la Direcci\u00f3 General de la Policia. Villaz\u00e1n ha detallat que \u201cels equips funcionaran les 24h amb una mitjana de temps real de consulta de placa de vehicle inferior a 1 segon\u201d.<\/span><\/p>\n<hr style=\"cursor: default; color: #333333; font-family: Georgia, 'Times New Roman', 'Bitstream Charter', Times, serif; font-size: 16px;\" \/>\n<p style=\"text-align: justify;\"><span style=\"color: #000000;\"><strong>CASTELLANO |\u00a0<\/strong>La Junta de gobierno local del 24 de agosto aprob\u00f3, a petici\u00f3n de la Concejal\u00eda de Seguridad Ciudadana, convocar la licitaci\u00f3n para la contrataci\u00f3n del suministro, instalaci\u00f3n y mantenimiento de dispositivos de videovigilancia fijos, mediante procedimiento abierto, con el objetivo de asegurar la convivencia ciudadana, la erradicaci\u00f3n de la violencia as\u00ed como prevenir la comisi\u00f3n de delitos e infracciones relacionadas con la seguridad p\u00fablica, como son los robos y las ocupaciones ilegales. Seg\u00fan ha explicado el concejal de Seguridad Ciudadana, F\u00e8lix Villaz\u00e1n, \u201cel sistema de videovigilancia contribuir\u00e1 a mejorar la seguridad ciudadana y la convivencia pero tambi\u00e9n servir\u00e1 porque los Mossos d&#8217;Esquadra puedan investigar posibles infracciones civiles o penales y, en casos que se produzcan alteraciones y des\u00f3rdenes graves de la seguridad ciudadana, se podr\u00e1n usar las im\u00e1genes obtenidas como prueba\u201d.<\/span><\/p>\n<p style=\"text-align: justify;\"><span style=\"color: #000000;\">La licitaci\u00f3n se divide en dos lotes:<\/span><\/p>\n<p style=\"text-align: justify; padding-left: 30px;\"><span style=\"color: #000000;\"><strong><u>Lote 1:<\/u><\/strong>\u00a0suministro, instalaci\u00f3n y mantenimiento de seis puntos de lectura de veh\u00edculos, por un importe de 114.690,41\u20ac. El equipo estar\u00e1 compuesto por una c\u00e1mara de entorno y un armario exterior, con caracter\u00edsticas t\u00e9cnicas espec\u00edficas que se detallan en el pliego de cl\u00e1usulas. La utilizaci\u00f3n de estos equipos estar\u00e1 regulada por la Ley Org\u00e1nica 4\/1997, de 4 de agosto, por la cual se regula la utilizaci\u00f3n de c\u00e1maras de v\u00eddeo para grabar im\u00e1genes y su posterior tratamiento.<\/span><\/p>\n<p style=\"text-align: justify; padding-left: 30px;\"><span style=\"color: #000000;\"><strong><u>Lote 2:<\/u><\/strong>\u00a0certificaci\u00f3n de los seis puntos de control, por 9.071,37\u20ac. Una vez est\u00e9n instaladas las c\u00e1maras, se tendr\u00e1 que hacer una prueba de fiabilidad de cada dispositivo y certificarlo.<\/span><\/p>\n<p style=\"text-align: justify;\"><strong><span style=\"color: #000000;\">Toda la informaci\u00f3n sobre esta licitaci\u00f3n se puede consultar en el perfil del contratante:\u00a0<a style=\"color: #000000;\" href=\"https:\/\/contractaciopublica.gencat.cat\/ecofin_pscp\/AppJava\/notice.pscp?reqCode=viewCn&amp;idDoc=67655425&amp;lawType=\">https:\/\/contractaciopublica.gencat.cat\/ecofin_pscp\/AppJava\/notice.pscp?reqCode=viewCn&amp;idDoc=67655425&amp;lawType=<\/a>\u00a0Las empresas interesadas tendr\u00e1n que presentar sus ofertas de forma electr\u00f3nica. El plazo para presentar proposiciones ser\u00e1 del 26 de agosto al 9 de setembre hasta las 14h, ambos incluidos.<\/span><\/strong><\/p>\n<p style=\"text-align: justify;\"><span style=\"color: #000000;\">La inversi\u00f3n total ser\u00e1 de 123.761,78\u20ac a realizar entre los a\u00f1os 2020, 2021 y 2020:<\/span><\/p>\n<p style=\"text-align: justify; padding-left: 30px;\"><span style=\"color: #000000;\"><strong><u>A\u00f1o 2020:<\/u><\/strong>\u00a0Importe 46.000\u20ac. Se instalar\u00e1n dos c\u00e1maras, una en la entrada del Priorat (en el cruce que va a las dos partes del Priorat) y una en uno de los accesos a La Miralba.<\/span><\/p>\n<p style=\"text-align: justify; padding-left: 30px;\"><span style=\"color: #000000;\"><strong><u>A\u00f1o 2021:<\/u><\/strong>\u00a0Se instalar\u00e1n dos c\u00e1maras, una en la entrada de la Miralba y otra en una de las entradas a Can Gordei.<\/span><\/p>\n<p style=\"text-align: justify; padding-left: 30px;\"><span style=\"color: #000000;\"><strong><u>A\u00f1o 2022:<\/u><\/strong>\u00a0Se instalar\u00e1n dos c\u00e1maras, una en la otra entrada de Can Gordei y otra en la entrada de l\u2019Esplai.<\/span><\/p>\n<p style=\"text-align: justify;\"><span style=\"color: #000000;\">El Ayuntamiento de la Bisbal del Pened\u00e8s no tendr\u00e1 acceso directo a las im\u00e1genes sino que, estas, se gestionar\u00e1n directamente desde Mossos d&#8217;Esquadra y el titular de los datos que se obtengan mediante los dispositivos ser\u00e1 la Direcci\u00f3n General de Polic\u00eda. Por este motivo, el noviembre de 2019 la Junta de Gobierno aprob\u00f3 un convenio de colaboraci\u00f3n con el Departamento de Interior de la Generalitat de Catalunya para la ejecuci\u00f3n de un proyecto piloto en materia de videovigilancia por parte de la polic\u00eda de la Generalitat \u2013 Mossos d&#8217;Esquadra.<\/span><\/p>\n<p style=\"text-align: justify;\"><span style=\"color: #000000;\">El regidor de Seguridad Ciudadana, F\u00e8lix Villaz\u00e1n, ha explicado que esta inversi\u00f3n se puede llevar a cabo en el momento actual porque el municipio cuenta con fibra \u00f3ptica, un requerimiento imprescindible para poder transmitir los datos al servidor de la Direcci\u00f3n General de la Polic\u00eda. Villaz\u00e1n ha detallado que \u201clos equipos funcionar\u00e1n las 24h con una media de tiempo real de consulta de placa de veh\u00edculo inferior a 1 segundo\u201d.<\/span><\/p>\n","protected":false},"excerpt":{"rendered":"<p>La Junta de govern local del 24 d\u2019agost va aprovar, a petici\u00f3 de la Regidoria de Seguretat Ciutadana, convocar la licitaci\u00f3 per a la contractaci\u00f3 del subministrament, instal\u00b7laci\u00f3 i manteniment &hellip; <a href=\"https:\/\/bisbalpenedes.com\/web\/2020\/08\/25\/sobre-el-periode-de-licitacio-per-a-la-contractacio-del-subministrament-installacio-i-manteniment-de-dispositius-de-videovigilancia-fixos\/\" class=\"more-link\">Read More<\/a><\/p>\n","protected":false},"author":4,"featured_media":14416,"comment_status":"closed","ping_status":"closed","sticky":false,"template":"","format":"standard","meta":[],"categories":[8,3304],"tags":[3988,3349,686,46],"_links":{"self":[{"href":"https:\/\/bisbalpenedes.com\/web\/wp-json\/wp\/v2\/posts\/14385"}],"collection":[{"href":"https:\/\/bisbalpenedes.com\/web\/wp-json\/wp\/v2\/posts"}],"about":[{"href":"https:\/\/bisbalpenedes.com\/web\/wp-json\/wp\/v2\/types\/post"}],"author":[{"embeddable":true,"href":"https:\/\/bisbalpenedes.com\/web\/wp-json\/wp\/v2\/users\/4"}],"replies":[{"embeddable":true,"href":"https:\/\/bisbalpenedes.com\/web\/wp-json\/wp\/v2\/comments?post=14385"}],"version-history":[{"count":4,"href":"https:\/\/bisbalpenedes.com\/web\/wp-json\/wp\/v2\/posts\/14385\/revisions"}],"predecessor-version":[{"id":14390,"href":"https:\/\/bisbalpenedes.com\/web\/wp-json\/wp\/v2\/posts\/14385\/revisions\/14390"}],"wp:featuredmedia":[{"embeddable":true,"href":"https:\/\/bisbalpenedes.com\/web\/wp-json\/wp\/v2\/media\/14416"}],"wp:attachment":[{"href":"https:\/\/bisbalpenedes.com\/web\/wp-json\/wp\/v2\/media?parent=14385"}],"wp:term":[{"taxonomy":"category","embeddable":true,"href":"https:\/\/bisbalpenedes.com\/web\/wp-json\/wp\/v2\/categories?post=14385"},{"taxonomy":"post_tag","embeddable":true,"href":"https:\/\/bisbalpenedes.com\/web\/wp-json\/wp\/v2\/tags?post=14385"}],"curies":[{"name":"wp","href":"https:\/\/api.w.org\/{rel}","templated":true}]}}