{"id":14379,"date":"2020-08-25T09:40:45","date_gmt":"2020-08-25T07:40:45","guid":{"rendered":"http:\/\/bisbalpenedes.com\/web\/?p=14379"},"modified":"2020-08-25T09:54:55","modified_gmt":"2020-08-25T07:54:55","slug":"lajuntament-aprova-un-contracte-per-arranjar-un-mur-de-la-parcella-del-local-social-de-lesplai-que-esta-malmes","status":"publish","type":"post","link":"https:\/\/bisbalpenedes.com\/web\/2020\/08\/25\/lajuntament-aprova-un-contracte-per-arranjar-un-mur-de-la-parcella-del-local-social-de-lesplai-que-esta-malmes\/","title":{"rendered":"L\u2019Ajuntament aprova un contracte per arranjar un mur de la parcel\u00b7la del local social de l\u2019Esplai que est\u00e0 malm\u00e8s"},"content":{"rendered":"<p style=\"text-align: justify;\"><span style=\"color: #000000;\">La Junta de Govern local del 24 d\u2019agost, a petici\u00f3 de la Regidoria d\u2019Urbanisme, ha aprovat un contracte menor per a l\u2019arranjament de la tanca de l\u2019oest de la parcel\u00b7la del local social de l\u2019Esplai, que t\u00e9 una llarg\u00e0ria aproximada de 36 metres.<\/span><\/p>\n<p style=\"text-align: justify;\"><span style=\"color: #000000;\">El mur, en l\u2019actualitat, es troba en mal estat. Segons ha explicat l\u2019alcaldessa i responsable de l\u2019\u00e0rea d\u2019Urbanisme, Agn\u00e8s Ferr\u00e9, \u201ca conseq\u00fc\u00e8ncia del pas del temps i del vent, l\u2019estat del mur suposa un perill per als usuaris del camp de futbol aix\u00ed com per als ve\u00efns i, per tot plegat, hem decidit tirar endavant aquestes obres\u201d.<\/span><\/p>\n<p style=\"text-align: justify;\"><span style=\"color: #000000;\">La intervenci\u00f3 consistir\u00e0 en la retirada de la tanca de simple torsi\u00f3 i l\u2019heura i la retirada de la base d\u2019ancoratge; l\u2019excavaci\u00f3 dels fonaments de 60 cm x 60 cm de formig\u00f3 amb armat met\u00e0l\u00b7lic i la realitzaci\u00f3 del mur en bloc de formig\u00f3 m\u00e9s el mur de malla de simple torsi\u00f3. Aquestes obres es realitzaran amb l\u2019empresa Excavacions i Transports Rovira S.A. per un import de 10.970,94\u20ac IVA incl\u00f2s, on ja est\u00e0 previst el subministrament de material de reposici\u00f3, el transport i la gesti\u00f3 del residu generat a l\u2019obra.<\/span><\/p>\n<hr \/>\n<p style=\"text-align: justify;\"><span style=\"color: #000000;\"><strong>CASTELLANO |<\/strong> La Junta de Gobierno local del 24 de agosto, a petici\u00f3n de la Concejal\u00eda de Urbanismo, ha aprobado un contrato menor para arreglar el muro del lado oeste de la parcela del local social de l\u2019Esplai, que tiene una longitud aproximada de 36 metros.<\/span><\/p>\n<p style=\"text-align: justify;\"><span style=\"color: #000000;\">El muro, en la actualidad, se encuentra en mal estado. Seg\u00fan ha explicado la alcaldesa y responsable del \u00e1rea de Urbanismo, Agn\u00e8s Ferr\u00e9, \u201ccomo consecuencia del paso del tiempo y del viento, el estado del muro supone un peligro para los usuarios del campo de f\u00fatbol as\u00ed como para los vecinos y, por este motivo, hemos decidido llevar a cabo estas obras\u201d.<\/span><\/p>\n<p style=\"text-align: justify;\"><span style=\"color: #000000;\">La intervenci\u00f3n consistir\u00e1 en la retirada de la verja de simple torsi\u00f3n y la hiedra y la retirada de la base de anclaje; la excavaci\u00f3n de los cimientos de 60 cm x 60 cm de hormig\u00f3n con armado met\u00e1lico y la realizaci\u00f3n del muro en bloque de hormig\u00f3n m\u00e1s el muro de malla de simple torsi\u00f3n. Estas obras se realizar\u00e1n con la empresa Excavacions i Transports Rovira S.A. por un importe de 10.970,94\u20ac IVA incluido, donde ya est\u00e1 previsto el suministro de material de reposici\u00f3n, el transporte y la gesti\u00f3n del residuo generado en la obra.<\/span><\/p>\n","protected":false},"excerpt":{"rendered":"<p>La Junta de Govern local del 24 d\u2019agost, a petici\u00f3 de la Regidoria d\u2019Urbanisme, ha aprovat un contracte menor per a l\u2019arranjament de la tanca de l\u2019oest de la parcel\u00b7la &hellip; <a href=\"https:\/\/bisbalpenedes.com\/web\/2020\/08\/25\/lajuntament-aprova-un-contracte-per-arranjar-un-mur-de-la-parcella-del-local-social-de-lesplai-que-esta-malmes\/\" class=\"more-link\">Read More<\/a><\/p>\n","protected":false},"author":4,"featured_media":9610,"comment_status":"closed","ping_status":"closed","sticky":false,"template":"","format":"standard","meta":[],"categories":[8,15],"tags":[276,3987,199],"_links":{"self":[{"href":"https:\/\/bisbalpenedes.com\/web\/wp-json\/wp\/v2\/posts\/14379"}],"collection":[{"href":"https:\/\/bisbalpenedes.com\/web\/wp-json\/wp\/v2\/posts"}],"about":[{"href":"https:\/\/bisbalpenedes.com\/web\/wp-json\/wp\/v2\/types\/post"}],"author":[{"embeddable":true,"href":"https:\/\/bisbalpenedes.com\/web\/wp-json\/wp\/v2\/users\/4"}],"replies":[{"embeddable":true,"href":"https:\/\/bisbalpenedes.com\/web\/wp-json\/wp\/v2\/comments?post=14379"}],"version-history":[{"count":3,"href":"https:\/\/bisbalpenedes.com\/web\/wp-json\/wp\/v2\/posts\/14379\/revisions"}],"predecessor-version":[{"id":14382,"href":"https:\/\/bisbalpenedes.com\/web\/wp-json\/wp\/v2\/posts\/14379\/revisions\/14382"}],"wp:featuredmedia":[{"embeddable":true,"href":"https:\/\/bisbalpenedes.com\/web\/wp-json\/wp\/v2\/media\/9610"}],"wp:attachment":[{"href":"https:\/\/bisbalpenedes.com\/web\/wp-json\/wp\/v2\/media?parent=14379"}],"wp:term":[{"taxonomy":"category","embeddable":true,"href":"https:\/\/bisbalpenedes.com\/web\/wp-json\/wp\/v2\/categories?post=14379"},{"taxonomy":"post_tag","embeddable":true,"href":"https:\/\/bisbalpenedes.com\/web\/wp-json\/wp\/v2\/tags?post=14379"}],"curies":[{"name":"wp","href":"https:\/\/api.w.org\/{rel}","templated":true}]}}