{"id":14375,"date":"2020-08-24T22:03:11","date_gmt":"2020-08-24T20:03:11","guid":{"rendered":"http:\/\/bisbalpenedes.com\/web\/?p=14375"},"modified":"2020-08-24T22:03:11","modified_gmt":"2020-08-24T20:03:11","slug":"saprova-un-punt-de-la-junta-de-govern-amb-competencies-delegades-del-ple","status":"publish","type":"post","link":"https:\/\/bisbalpenedes.com\/web\/2020\/08\/24\/saprova-un-punt-de-la-junta-de-govern-amb-competencies-delegades-del-ple\/","title":{"rendered":"S&#8217;aprova un punt de la Junta de Govern amb compet\u00e8ncies delegades del Ple"},"content":{"rendered":"<div class=\"\" data-block=\"true\" data-editor=\"bl5g8\" data-offset-key=\"cqbke-0-0\">\n<div class=\"_1mf _1mj\" data-offset-key=\"cqbke-0-0\"><span style=\"color: #000000;\" data-offset-key=\"cqbke-0-0\"><span data-text=\"true\">La Junta de Govern del dilluns 24 d&#8217;agost a les 19h es va convocar el dijous 20 d&#8217;agost. L&#8217;Ordre del dia inclou l&#8217;aprovaci\u00f3 de l&#8217;expedient de contractaci\u00f3 del subministrament, instal\u00b7laci\u00f3 i manteniment de c\u00e0meres lectores de matr\u00edcules. En aquest cas, la compet\u00e8ncia en origen \u00e9s del Ple, per\u00f2 aquesta est\u00e0 delegada a favor de la Junta de Govern Local mitjan\u00e7ant l&#8217;acord plenari del 4 de juliol de 2019. Les sessions de la Junta de Govern Local no s\u00f3n p\u00fabliques, per\u00f2 quan actua en compet\u00e8ncies delegades del Ple, aquest punt de la sessi\u00f3 se sotmet als mateixos requisits de publicitat de les sessions del Ple, que s\u00f3n p\u00fabliques. Aix\u00ed ho va declarar la STS 161\/2013, de 26 de setembre. <\/span><\/span><\/div>\n<\/div>\n<div class=\"\" data-block=\"true\" data-editor=\"bl5g8\" data-offset-key=\"ue90-0-0\">\n<div class=\"_1mf _1mj\" data-offset-key=\"ue90-0-0\"><span style=\"color: #000000;\" data-offset-key=\"ue90-0-0\"><span data-text=\"true\">Per aquest motiu els regidors i les regidores de l&#8217;oposici\u00f3 van rebre un correu electr\u00f2nic explicatiu, el mateix dia de la convocat\u00f2ria, en qu\u00e8 s&#8217;adjuntava aquesta proposta. Tenint en compte les mesures preses per evitar la propagaci\u00f3 de la Covid-19, aquest punt de l&#8217;ordre del dia de la Junta no s\u2019exposa i es vota amb p\u00fablic, sin\u00f3 que s&#8217;ha gravat i es publica per garantir aix\u00ed la seva publicitat.<\/span><\/span><\/div>\n<\/div>\n<div class=\"\" data-block=\"true\" data-editor=\"bl5g8\" data-offset-key=\"260f-0-0\">\n<div class=\"_1mf _1mj\" data-offset-key=\"260f-0-0\">\n<p><iframe loading=\"lazy\" src=\"https:\/\/www.youtube.com\/embed\/m3q5Mu8qoRI\" width=\"560\" height=\"315\" frameborder=\"0\" allowfullscreen=\"allowfullscreen\"><\/iframe><\/p>\n<hr \/>\n<\/div>\n<\/div>\n<div class=\"\" data-block=\"true\" data-editor=\"bl5g8\" data-offset-key=\"9i9b6-0-0\">\n<div class=\"_1mf _1mj\" data-offset-key=\"9i9b6-0-0\"><span style=\"color: #000000;\"><strong>CASTELLANO |<\/strong> La Junta de Gobierno del 24 de agosto a las 19h se convoc\u00f3 el jueves 20 de agosto. El Orden del d\u00eda incluye la aprobaci\u00f3n del expediente de contrataci\u00f3n del suministro, instalaci\u00f3n y mantenimiento de c\u00e1maras lectoras de matr\u00edculas. En este caso, la competencia en origen es del Pleno, pero esta est\u00e1 delegada a favor de la Junta de Gobierno Local mediante el acuerdo plenario del 4 de julio de 2019. Las sesiones de la Junta de Gobierno Local no son p\u00fablicas, pero cuando act\u00faa en competencias delegadas del Pleno, este punto de la sesi\u00f3n se somete a los mismos requisitos de publicidad de las sesiones del Pleno, que son p\u00fablicas. As\u00ed lo declar\u00f3 la STS 161\/2013, del 26 de septiembre.<\/span><\/div>\n<\/div>\n<div class=\"\" data-block=\"true\" data-editor=\"bl5g8\" data-offset-key=\"tpdk-0-0\">\n<div class=\"_1mf _1mj\" data-offset-key=\"tpdk-0-0\"><span style=\"color: #000000;\" data-offset-key=\"tpdk-0-0\"><span data-text=\"true\">Por este motivo los concejales y las concejalas de la oposici\u00f3n recibieron un correo electr\u00f3nico explicativo, el mismo d\u00eda de la convocatoria, en el que se adjuntaba esta propuesta. Teniendo en cuenta las medidas tomadas para evitar la propagaci\u00f3n de la Covid-19, este punto del orden del d\u00eda de la Junta no se expone y vota con p\u00fablico, sino que se ha grabado y se publica para garantizar as\u00ed su publicidad.<\/span><\/span><\/div>\n<\/div>\n<p><iframe loading=\"lazy\" src=\"https:\/\/www.youtube.com\/embed\/m3q5Mu8qoRI\" width=\"560\" height=\"315\" frameborder=\"0\" allowfullscreen=\"allowfullscreen\"><\/iframe><\/p>\n","protected":false},"excerpt":{"rendered":"<p>La Junta de Govern del dilluns 24 d&#8217;agost a les 19h es va convocar el dijous 20 d&#8217;agost. L&#8217;Ordre del dia inclou l&#8217;aprovaci\u00f3 de l&#8217;expedient de contractaci\u00f3 del subministrament, instal\u00b7laci\u00f3 &hellip; <a href=\"https:\/\/bisbalpenedes.com\/web\/2020\/08\/24\/saprova-un-punt-de-la-junta-de-govern-amb-competencies-delegades-del-ple\/\" class=\"more-link\">Read More<\/a><\/p>\n","protected":false},"author":4,"featured_media":14376,"comment_status":"closed","ping_status":"closed","sticky":false,"template":"","format":"standard","meta":[],"categories":[3085,8,3304],"tags":[3986,3985,686,46],"_links":{"self":[{"href":"https:\/\/bisbalpenedes.com\/web\/wp-json\/wp\/v2\/posts\/14375"}],"collection":[{"href":"https:\/\/bisbalpenedes.com\/web\/wp-json\/wp\/v2\/posts"}],"about":[{"href":"https:\/\/bisbalpenedes.com\/web\/wp-json\/wp\/v2\/types\/post"}],"author":[{"embeddable":true,"href":"https:\/\/bisbalpenedes.com\/web\/wp-json\/wp\/v2\/users\/4"}],"replies":[{"embeddable":true,"href":"https:\/\/bisbalpenedes.com\/web\/wp-json\/wp\/v2\/comments?post=14375"}],"version-history":[{"count":2,"href":"https:\/\/bisbalpenedes.com\/web\/wp-json\/wp\/v2\/posts\/14375\/revisions"}],"predecessor-version":[{"id":14378,"href":"https:\/\/bisbalpenedes.com\/web\/wp-json\/wp\/v2\/posts\/14375\/revisions\/14378"}],"wp:featuredmedia":[{"embeddable":true,"href":"https:\/\/bisbalpenedes.com\/web\/wp-json\/wp\/v2\/media\/14376"}],"wp:attachment":[{"href":"https:\/\/bisbalpenedes.com\/web\/wp-json\/wp\/v2\/media?parent=14375"}],"wp:term":[{"taxonomy":"category","embeddable":true,"href":"https:\/\/bisbalpenedes.com\/web\/wp-json\/wp\/v2\/categories?post=14375"},{"taxonomy":"post_tag","embeddable":true,"href":"https:\/\/bisbalpenedes.com\/web\/wp-json\/wp\/v2\/tags?post=14375"}],"curies":[{"name":"wp","href":"https:\/\/api.w.org\/{rel}","templated":true}]}}