{"id":14372,"date":"2020-08-22T18:59:58","date_gmt":"2020-08-22T16:59:58","guid":{"rendered":"http:\/\/bisbalpenedes.com\/web\/?p=14372"},"modified":"2020-08-22T18:59:58","modified_gmt":"2020-08-22T16:59:58","slug":"preguntes-frequents-sobre-lus-obligatori-de-la-mascareta","status":"publish","type":"post","link":"https:\/\/bisbalpenedes.com\/web\/2020\/08\/22\/preguntes-frequents-sobre-lus-obligatori-de-la-mascareta\/","title":{"rendered":"Preguntes freq\u00fcents sobre l&#8217;\u00fas obligatori de la mascareta"},"content":{"rendered":"<p>Preguntes freq\u00fcents sobre l&#8217;\u00fas obligatori de la mascareta:<\/p>\n<p>Qui ha de fer \u00fas de mascareta?<\/p>\n<p>Qui est\u00e0 exempt de portar-la?<\/p>\n<p>En quines situacions no cal fer \u00fas de mascareta?<\/p>\n<p>Quin tipus de mascareta hem d\u2019utilitzar?<\/p>\n<p>Com l&#8217;hem de col\u00b7locar?<\/p>\n<p>Trobareu totes les respostes a l&#8217;enlla\u00e7:\u00a0<a href=\"https:\/\/canalsalut.gencat.cat\/web\/.content\/_A-Z\/C\/coronavirus-2019-ncov\/material-divulgatiu\/faqs-us-mascareta.pdf\" target=\"_blank\">https:\/\/canalsalut.gencat.cat\/web\/.content\/_A-Z\/C\/coronavirus-2019-ncov\/material-divulgatiu\/faqs-us-mascareta.pdf<\/a><\/p>\n<hr \/>\n<p><b>CASTELLANO<\/b> | Preguntas frecuentes sobre el uso obligatorio de la mascarilla:<\/p>\n<p>\u00bfQui\u00e9n tiene que hacer uso de la mascarilla?<\/p>\n<p>\u00bfQui\u00e9n est\u00e1 excento de llevarla?<\/p>\n<p>\u00bfEn qu\u00e9 situaciones no es necesario hacer uso de la mascarilla?<\/p>\n<p>\u00bfQu\u00e9 tipo de mascarilla debemos utilizar?<\/p>\n<p>\u00bfC\u00f3mo la tenemos que colocar?<\/p>\n<p>Encontrar\u00e9is todas las respuestas en el enlace:\u00a0<a href=\"https:\/\/canalsalut.gencat.cat\/web\/.content\/_A-Z\/C\/coronavirus-2019-ncov\/material-divulgatiu\/faqs-us-mascareta.pdf\" target=\"_blank\">https:\/\/canalsalut.gencat.cat\/web\/.content\/_A-Z\/C\/coronavirus-2019-ncov\/material-divulgatiu\/faqs-us-mascareta.pdf<\/a><\/p>\n","protected":false},"excerpt":{"rendered":"<p>Preguntes freq\u00fcents sobre l&#8217;\u00fas obligatori de la mascareta: Qui ha de fer \u00fas de mascareta? Qui est\u00e0 exempt de portar-la? En quines situacions no cal fer \u00fas de mascareta? Quin &hellip; <a href=\"https:\/\/bisbalpenedes.com\/web\/2020\/08\/22\/preguntes-frequents-sobre-lus-obligatori-de-la-mascareta\/\" class=\"more-link\">Read More<\/a><\/p>\n","protected":false},"author":4,"featured_media":14373,"comment_status":"closed","ping_status":"closed","sticky":false,"template":"","format":"standard","meta":[],"categories":[3636,8,14],"tags":[3724,3984],"_links":{"self":[{"href":"https:\/\/bisbalpenedes.com\/web\/wp-json\/wp\/v2\/posts\/14372"}],"collection":[{"href":"https:\/\/bisbalpenedes.com\/web\/wp-json\/wp\/v2\/posts"}],"about":[{"href":"https:\/\/bisbalpenedes.com\/web\/wp-json\/wp\/v2\/types\/post"}],"author":[{"embeddable":true,"href":"https:\/\/bisbalpenedes.com\/web\/wp-json\/wp\/v2\/users\/4"}],"replies":[{"embeddable":true,"href":"https:\/\/bisbalpenedes.com\/web\/wp-json\/wp\/v2\/comments?post=14372"}],"version-history":[{"count":1,"href":"https:\/\/bisbalpenedes.com\/web\/wp-json\/wp\/v2\/posts\/14372\/revisions"}],"predecessor-version":[{"id":14374,"href":"https:\/\/bisbalpenedes.com\/web\/wp-json\/wp\/v2\/posts\/14372\/revisions\/14374"}],"wp:featuredmedia":[{"embeddable":true,"href":"https:\/\/bisbalpenedes.com\/web\/wp-json\/wp\/v2\/media\/14373"}],"wp:attachment":[{"href":"https:\/\/bisbalpenedes.com\/web\/wp-json\/wp\/v2\/media?parent=14372"}],"wp:term":[{"taxonomy":"category","embeddable":true,"href":"https:\/\/bisbalpenedes.com\/web\/wp-json\/wp\/v2\/categories?post=14372"},{"taxonomy":"post_tag","embeddable":true,"href":"https:\/\/bisbalpenedes.com\/web\/wp-json\/wp\/v2\/tags?post=14372"}],"curies":[{"name":"wp","href":"https:\/\/api.w.org\/{rel}","templated":true}]}}