{"id":14360,"date":"2020-08-21T20:32:14","date_gmt":"2020-08-21T18:32:14","guid":{"rendered":"http:\/\/bisbalpenedes.com\/web\/?p=14360"},"modified":"2020-08-21T20:33:36","modified_gmt":"2020-08-21T18:33:36","slug":"lermita-de-santa-cristina-ha-patit-actes-vandalics-en-els-darrers-dies","status":"publish","type":"post","link":"https:\/\/bisbalpenedes.com\/web\/2020\/08\/21\/lermita-de-santa-cristina-ha-patit-actes-vandalics-en-els-darrers-dies\/","title":{"rendered":"L\u2019Ermita de Santa Cristina ha patit actes vand\u00e0lics en els \u00faltims dies"},"content":{"rendered":"<div id='gallery-1' class='gallery galleryid-14360 gallery-columns-4 gallery-size-thumbnail'><figure class='gallery-item'>\n\t\t\t<div class='gallery-icon landscape'>\n\t\t\t\t<a href='https:\/\/bisbalpenedes.com\/web\/wp-content\/uploads\/2020\/08\/44bf0a07-c83a-49dc-b533-b21faf4a2671.jpg'><img width=\"150\" height=\"150\" src=\"https:\/\/bisbalpenedes.com\/web\/wp-content\/uploads\/2020\/08\/44bf0a07-c83a-49dc-b533-b21faf4a2671-150x150.jpg\" class=\"attachment-thumbnail size-thumbnail\" alt=\"\" loading=\"lazy\" srcset=\"https:\/\/bisbalpenedes.com\/web\/wp-content\/uploads\/2020\/08\/44bf0a07-c83a-49dc-b533-b21faf4a2671-150x150.jpg 150w, https:\/\/bisbalpenedes.com\/web\/wp-content\/uploads\/2020\/08\/44bf0a07-c83a-49dc-b533-b21faf4a2671-300x300.jpg 300w, https:\/\/bisbalpenedes.com\/web\/wp-content\/uploads\/2020\/08\/44bf0a07-c83a-49dc-b533-b21faf4a2671-100x100.jpg 100w\" sizes=\"(max-width: 150px) 100vw, 150px\" \/><\/a>\n\t\t\t<\/div><\/figure><figure class='gallery-item'>\n\t\t\t<div class='gallery-icon landscape'>\n\t\t\t\t<a href='https:\/\/bisbalpenedes.com\/web\/wp-content\/uploads\/2020\/08\/3885f1a1-278a-402d-a1b8-03bb212798ac.jpg'><img width=\"150\" height=\"150\" src=\"https:\/\/bisbalpenedes.com\/web\/wp-content\/uploads\/2020\/08\/3885f1a1-278a-402d-a1b8-03bb212798ac-150x150.jpg\" class=\"attachment-thumbnail size-thumbnail\" alt=\"\" loading=\"lazy\" srcset=\"https:\/\/bisbalpenedes.com\/web\/wp-content\/uploads\/2020\/08\/3885f1a1-278a-402d-a1b8-03bb212798ac-150x150.jpg 150w, https:\/\/bisbalpenedes.com\/web\/wp-content\/uploads\/2020\/08\/3885f1a1-278a-402d-a1b8-03bb212798ac-300x300.jpg 300w, https:\/\/bisbalpenedes.com\/web\/wp-content\/uploads\/2020\/08\/3885f1a1-278a-402d-a1b8-03bb212798ac-100x100.jpg 100w\" sizes=\"(max-width: 150px) 100vw, 150px\" \/><\/a>\n\t\t\t<\/div><\/figure><figure class='gallery-item'>\n\t\t\t<div class='gallery-icon portrait'>\n\t\t\t\t<a href='https:\/\/bisbalpenedes.com\/web\/wp-content\/uploads\/2020\/08\/11828607-31be-4bbd-b8fe-1064a1731ad9.jpg'><img width=\"150\" height=\"150\" src=\"https:\/\/bisbalpenedes.com\/web\/wp-content\/uploads\/2020\/08\/11828607-31be-4bbd-b8fe-1064a1731ad9-150x150.jpg\" class=\"attachment-thumbnail size-thumbnail\" alt=\"\" loading=\"lazy\" srcset=\"https:\/\/bisbalpenedes.com\/web\/wp-content\/uploads\/2020\/08\/11828607-31be-4bbd-b8fe-1064a1731ad9-150x150.jpg 150w, https:\/\/bisbalpenedes.com\/web\/wp-content\/uploads\/2020\/08\/11828607-31be-4bbd-b8fe-1064a1731ad9-300x300.jpg 300w, https:\/\/bisbalpenedes.com\/web\/wp-content\/uploads\/2020\/08\/11828607-31be-4bbd-b8fe-1064a1731ad9-100x100.jpg 100w\" sizes=\"(max-width: 150px) 100vw, 150px\" \/><\/a>\n\t\t\t<\/div><\/figure><figure class='gallery-item'>\n\t\t\t<div class='gallery-icon landscape'>\n\t\t\t\t<a href='https:\/\/bisbalpenedes.com\/web\/wp-content\/uploads\/2020\/08\/b8138282-5b50-43e9-87ad-57b7ff75dfa8.jpg'><img width=\"150\" height=\"150\" src=\"https:\/\/bisbalpenedes.com\/web\/wp-content\/uploads\/2020\/08\/b8138282-5b50-43e9-87ad-57b7ff75dfa8-150x150.jpg\" class=\"attachment-thumbnail size-thumbnail\" alt=\"\" loading=\"lazy\" srcset=\"https:\/\/bisbalpenedes.com\/web\/wp-content\/uploads\/2020\/08\/b8138282-5b50-43e9-87ad-57b7ff75dfa8-150x150.jpg 150w, https:\/\/bisbalpenedes.com\/web\/wp-content\/uploads\/2020\/08\/b8138282-5b50-43e9-87ad-57b7ff75dfa8-300x300.jpg 300w, https:\/\/bisbalpenedes.com\/web\/wp-content\/uploads\/2020\/08\/b8138282-5b50-43e9-87ad-57b7ff75dfa8-100x100.jpg 100w\" sizes=\"(max-width: 150px) 100vw, 150px\" \/><\/a>\n\t\t\t<\/div><\/figure><figure class='gallery-item'>\n\t\t\t<div class='gallery-icon landscape'>\n\t\t\t\t<a href='https:\/\/bisbalpenedes.com\/web\/wp-content\/uploads\/2020\/08\/c377a2d6-2c68-447f-b5f2-9d76c9b02142.jpg'><img width=\"150\" height=\"150\" src=\"https:\/\/bisbalpenedes.com\/web\/wp-content\/uploads\/2020\/08\/c377a2d6-2c68-447f-b5f2-9d76c9b02142-150x150.jpg\" class=\"attachment-thumbnail size-thumbnail\" alt=\"\" loading=\"lazy\" srcset=\"https:\/\/bisbalpenedes.com\/web\/wp-content\/uploads\/2020\/08\/c377a2d6-2c68-447f-b5f2-9d76c9b02142-150x150.jpg 150w, https:\/\/bisbalpenedes.com\/web\/wp-content\/uploads\/2020\/08\/c377a2d6-2c68-447f-b5f2-9d76c9b02142-300x300.jpg 300w, https:\/\/bisbalpenedes.com\/web\/wp-content\/uploads\/2020\/08\/c377a2d6-2c68-447f-b5f2-9d76c9b02142-100x100.jpg 100w\" sizes=\"(max-width: 150px) 100vw, 150px\" \/><\/a>\n\t\t\t<\/div><\/figure><figure class='gallery-item'>\n\t\t\t<div class='gallery-icon landscape'>\n\t\t\t\t<a href='https:\/\/bisbalpenedes.com\/web\/wp-content\/uploads\/2020\/08\/fdf564f6-7e78-4441-8a69-79e538fade63.jpg'><img width=\"150\" height=\"150\" src=\"https:\/\/bisbalpenedes.com\/web\/wp-content\/uploads\/2020\/08\/fdf564f6-7e78-4441-8a69-79e538fade63-150x150.jpg\" class=\"attachment-thumbnail size-thumbnail\" alt=\"\" loading=\"lazy\" srcset=\"https:\/\/bisbalpenedes.com\/web\/wp-content\/uploads\/2020\/08\/fdf564f6-7e78-4441-8a69-79e538fade63-150x150.jpg 150w, https:\/\/bisbalpenedes.com\/web\/wp-content\/uploads\/2020\/08\/fdf564f6-7e78-4441-8a69-79e538fade63-300x300.jpg 300w, https:\/\/bisbalpenedes.com\/web\/wp-content\/uploads\/2020\/08\/fdf564f6-7e78-4441-8a69-79e538fade63-100x100.jpg 100w\" sizes=\"(max-width: 150px) 100vw, 150px\" \/><\/a>\n\t\t\t<\/div><\/figure><figure class='gallery-item'>\n\t\t\t<div class='gallery-icon landscape'>\n\t\t\t\t<a href='https:\/\/bisbalpenedes.com\/web\/wp-content\/uploads\/2020\/08\/ff5234e1-5b83-4f58-91f1-824ca6f3a299.jpg'><img width=\"150\" height=\"150\" src=\"https:\/\/bisbalpenedes.com\/web\/wp-content\/uploads\/2020\/08\/ff5234e1-5b83-4f58-91f1-824ca6f3a299-150x150.jpg\" class=\"attachment-thumbnail size-thumbnail\" alt=\"\" loading=\"lazy\" srcset=\"https:\/\/bisbalpenedes.com\/web\/wp-content\/uploads\/2020\/08\/ff5234e1-5b83-4f58-91f1-824ca6f3a299-150x150.jpg 150w, https:\/\/bisbalpenedes.com\/web\/wp-content\/uploads\/2020\/08\/ff5234e1-5b83-4f58-91f1-824ca6f3a299-300x300.jpg 300w, https:\/\/bisbalpenedes.com\/web\/wp-content\/uploads\/2020\/08\/ff5234e1-5b83-4f58-91f1-824ca6f3a299-100x100.jpg 100w\" sizes=\"(max-width: 150px) 100vw, 150px\" \/><\/a>\n\t\t\t<\/div><\/figure><figure class='gallery-item'>\n\t\t\t<div class='gallery-icon portrait'>\n\t\t\t\t<a href='https:\/\/bisbalpenedes.com\/web\/wp-content\/uploads\/2020\/08\/WhatsApp-Image-2020-08-21-at-16.14.37.jpeg'><img width=\"150\" height=\"150\" src=\"https:\/\/bisbalpenedes.com\/web\/wp-content\/uploads\/2020\/08\/WhatsApp-Image-2020-08-21-at-16.14.37-150x150.jpeg\" class=\"attachment-thumbnail size-thumbnail\" alt=\"\" loading=\"lazy\" srcset=\"https:\/\/bisbalpenedes.com\/web\/wp-content\/uploads\/2020\/08\/WhatsApp-Image-2020-08-21-at-16.14.37-150x150.jpeg 150w, https:\/\/bisbalpenedes.com\/web\/wp-content\/uploads\/2020\/08\/WhatsApp-Image-2020-08-21-at-16.14.37-300x300.jpeg 300w, https:\/\/bisbalpenedes.com\/web\/wp-content\/uploads\/2020\/08\/WhatsApp-Image-2020-08-21-at-16.14.37-100x100.jpeg 100w\" sizes=\"(max-width: 150px) 100vw, 150px\" \/><\/a>\n\t\t\t<\/div><\/figure>\n\t\t<\/div>\n\n<p style=\"text-align: justify;\"><span style=\"color: #000000;\">L\u2019Ermita de Santa Cristina ha patit actes vand\u00e0lics en els darrers dies. Alg\u00fa hauria accedit a l\u2019ermita i, una vegada dins, hauria fet les destrosses que es mostren a les fotografies adjuntes i tamb\u00e9 hauria trencat, amb pedres, un focus de l\u2019il\u00b7luminaci\u00f3 exterior. L\u2019Ermita de Santa Cristina forma part de la Parr\u00f2quia de Santa Maria de la Bisbal. Moss\u00e8n Vladimir ha explicat que \u201chan for\u00e7at la porta d\u2019entrada i han amuntegat i malm\u00e8s les cadires, han trepitjat els ciris i han trencat els vidres dels quadres\u201d i ens ha fet saber que denunciar\u00e0 aquests fets als Mossos d\u2019Esquadra. Paral\u00b7lelament, ha explicat que la junta de la Parr\u00f2quia de Santa Maria es reunir\u00e0 per avaluar i decidir quines accions s\u2019emprendran amb l\u2019objectiu d\u2019arreglar les destrosses i desperfectes.<\/span><\/p>\n<p style=\"text-align: justify;\"><span style=\"color: #000000;\">L\u2019equip de govern vol mostrar la seva indignaci\u00f3 i ferm rebuig a aquestes conductes. L\u2019alcaldessa Ang\u00e8s Ferr\u00e9 ha explicat que \u201ctot i que l\u2019Ermita de Santa Cristina forma part de la Parr\u00f2quia de Santa Maria, \u00e9s part del patrimoni hist\u00f2ric del municipi i \u00e9s un lloc molt estimat per la gent de la Bisbal. Des de l\u2019equip de govern volem condemnar aquests fets i expressar que estem en contra de qualsevol classe de viol\u00e8ncia i vandalisme. No volem entre nosaltres persones que tenen aquesta mena d\u2019actituds\u201d.<\/span><\/p>\n<p style=\"text-align: justify;\"><span style=\"color: #000000;\">L\u2019Ermita de Santa Cristina es va edificar al voltant de l\u2019any 1200 i va ser constru\u00efda per Bernat Jofre, poblador del lloc de Santa Cristina. Aleshores, era un edifici petit, d\u2019estil rom\u00e0nic i amb un absis circular. Segles despr\u00e9s, el creixement demogr\u00e0fic de la poblaci\u00f3 i la consolidaci\u00f3 de la seva devoci\u00f3 van resultar en la construcci\u00f3 d\u2019una nova nau, amb arcades apuntades de manera g\u00f2tica i molt m\u00e9s \u00e0mplia. M\u00e9s tard, al segle XVI, es va construir l\u2019habitatge per a l\u2019ermit\u00e0, adossat a l\u2019ermita vella, i va estar habitada per ermitans que es van encarregar de cuidar el lloc i les terres del voltant fins a arribar al segle XX. L\u2019ermita s\u2019ha reformat en diverses ocasions. La darrera gran reforma es va fer el 1925, quan entre moltes altres obres de reforma i condicionament de l\u2019espai, es va dividir en dos l\u2019al\u00e7ada de la vella ermita rom\u00e0nica i, aprofitant aquest nou pas, es va construir la nova casa de l\u2019ermit\u00e0, amb el terrat. A mitjans de segle XX s\u2019urbanitz\u00e0 la pla\u00e7a, l\u2019entorn i la font i, anys m\u00e9s tard, es van fer excavacions arqueol\u00f2giques que van deixar a la llum el peu de l\u2019altar de l\u2019ermita vella.<\/span><\/p>\n<p style=\"text-align: justify;\"><span style=\"color: #000000;\">En l\u2019actualitat (a excepci\u00f3 de les afectacions que hi hagi pogut haver per causa de la Covid-19), l\u2019Ermita de Santa Cristina acull l\u2019Aplec de Pasqua el Dilluns de Pasqua i tamb\u00e9 s\u2019hi fa una missa el 24 de juliol, dia de Santa Cristina.<\/span><\/p>\n<p style=\"text-align: justify;\"><em><span style=\"color: #000000;\">Font de les refer\u00e8ncies hist\u00f2riques: Ferran Ventosa, Jordi (2020) P\u00edndoles B\u00edsbalenques. Cap\u00edtol 12. L\u2019Ermita. Ed. Regidoria de Cultura de l\u2019Ajuntament de la Bisbal del Pened\u00e8s: <a style=\"color: #000000;\" href=\"https:\/\/bisbalpenedes.com\/web\/2020\/04\/15\/pindoles-bisbalenques-lermita-de-santa-cristina\/\">https:\/\/bisbalpenedes.com\/web\/2020\/04\/15\/pindoles-bisbalenques-lermita-de-santa-cristina\/<\/a><\/span><\/em><\/p>\n<hr \/>\n<p style=\"text-align: justify;\"><span style=\"color: #000000;\"><strong>CASTELLANO |<\/strong> La Ermita de Santa Cristina ha sufrido actos vand\u00e1licos en los \u00faltimos d\u00edas. Alguien habr\u00eda accedido a la ermita y, una vez dentro, habr\u00eda hecho los destrozos que se muestran en las fotograf\u00edas adjuntas y tambi\u00e9n habr\u00eda roto, con piedras, un foco de la iluminaci\u00f3n exterior. La Ermita de Santa Cristina forma parte de la Parroquia de Santa Mar\u00eda de la Bisbal. El Padre Vladimir ha explicado que \u201chan forzado la puerta de entrada y han amontonado y da\u00f1ado las sillas, han pisoteado los cirios y han roto los cristales de los cuadros\u201d y nos ha hecho saber que denunciar\u00e1 estos hechos a los Mossos de Esquadra. Paralelamente, ha explicado que la junta de la Parroquia de Santa Mar\u00eda se reunir\u00e1 para evaluar y decidir qu\u00e9 acciones se emprender\u00e1n con el objetivo de arreglar los destrozos y desperfectos.<\/span><\/p>\n<p style=\"text-align: justify;\"><span style=\"color: #000000;\">El equipo de gobierno quiere mostrar su indignaci\u00f3n y firme rechazo a estas conductas. La alcaldesa Agn\u00e8s Ferr\u00e9 ha explicado que \u201caunque la Ermita de Santa Cristina forma parte de la Parroquia de Santa Mar\u00eda, es parte del patrimonio hist\u00f3rico del municipio y es un lugar muy querido por la gente de la Bisbal. Desde el equipo de gobierno queremos condenar estos hechos y expresar que estamos en contra de cualquier tipo de violencia y vandalismo. No queremos entre nosotros a personas que tienen este tipo de actitudes\u201d.<\/span><\/p>\n<p style=\"text-align: justify;\"><span style=\"color: #000000;\">La Ermita de Santa Cristina se edific\u00f3 alrededor del a\u00f1o 1200 y fue construida por Bernat Jofre, poblador del lugar de Santa Cristina. Entonces, era un edificio peque\u00f1o, de estilo rom\u00e1nico y con un \u00e1bside circular. Siglos despu\u00e9s, el crecimiento demogr\u00e1fico de la poblaci\u00f3n y la consolidaci\u00f3n de su devoci\u00f3n resultaron en la construcci\u00f3n de una nueva nave, con arcadas apuntadas de forma g\u00f3tica y mucho m\u00e1s amplia. M\u00e1s tarde, en el siglo XVI, se construy\u00f3 la vivienda para el ermita\u00f1o, adosada a la ermita vieja, y estuvo habitada por ermita\u00f1os que se encargaron de cuidar el lugar y las tierras de alrededor hasta llegar al siglo XX. La ermita se ha reformado en varias ocasiones. La \u00faltima gran reforma se hizo en el 1925, cuando entre muchas otras obras de reforma y acondicionamiento del espacio, se dividi\u00f3 en dos la altura de la vieja ermita rom\u00e1nica y, aprovechando este nuevo paso, se construy\u00f3 la nueva casa del ermita\u00f1o, con la azotea. A mediados del siglo XX se urbaniz\u00f3 la plaza, el entorno y la fuente y, a\u00f1os m\u00e1s tarde, se hicieron excavaciones arqueol\u00f3gicas que dejaron a la vista el pie del altar de la ermita vieja.<\/span><\/p>\n<p style=\"text-align: justify;\"><span style=\"color: #000000;\">En la actualidad (a excepci\u00f3n de las afectaciones que haya podido haber a causa de la Covid-19), la Ermita de Santa Cristina acoge el Aplec de Pasqua el Lunes de Pascua y tambi\u00e9n se hace una misa el 24 de julio, d\u00eda de Santa Cristina.<\/span><\/p>\n<p>&nbsp;<\/p>\n<p><em>Fuente de las referencias hist\u00f3ricas: Ferran Ventosa, Jordi (2020) P\u00edndoles B\u00edsbalenques. Cap\u00edtol 12. L\u2019Ermita. Ed. Regidoria de Cultura de l\u2019Ajuntament de la Bisbal del Pened\u00e8s: <a href=\"https:\/\/bisbalpenedes.com\/web\/2020\/04\/15\/pindoles-bisbalenques-lermita-de-santa-cristina\/\">https:\/\/bisbalpenedes.com\/web\/2020\/04\/15\/pindoles-bisbalenques-lermita-de-santa-cristina\/<\/a><\/em><\/p>\n","protected":false},"excerpt":{"rendered":"<p>L\u2019Ermita de Santa Cristina ha patit actes vand\u00e0lics en els darrers dies. Alg\u00fa hauria accedit a l\u2019ermita i, una vegada dins, hauria fet les destrosses que es mostren a les &hellip; <a href=\"https:\/\/bisbalpenedes.com\/web\/2020\/08\/21\/lermita-de-santa-cristina-ha-patit-actes-vandalics-en-els-darrers-dies\/\" class=\"more-link\">Read More<\/a><\/p>\n","protected":false},"author":4,"featured_media":14366,"comment_status":"closed","ping_status":"closed","sticky":false,"template":"","format":"standard","meta":[],"categories":[8],"tags":[622,623,3983],"_links":{"self":[{"href":"https:\/\/bisbalpenedes.com\/web\/wp-json\/wp\/v2\/posts\/14360"}],"collection":[{"href":"https:\/\/bisbalpenedes.com\/web\/wp-json\/wp\/v2\/posts"}],"about":[{"href":"https:\/\/bisbalpenedes.com\/web\/wp-json\/wp\/v2\/types\/post"}],"author":[{"embeddable":true,"href":"https:\/\/bisbalpenedes.com\/web\/wp-json\/wp\/v2\/users\/4"}],"replies":[{"embeddable":true,"href":"https:\/\/bisbalpenedes.com\/web\/wp-json\/wp\/v2\/comments?post=14360"}],"version-history":[{"count":3,"href":"https:\/\/bisbalpenedes.com\/web\/wp-json\/wp\/v2\/posts\/14360\/revisions"}],"predecessor-version":[{"id":14371,"href":"https:\/\/bisbalpenedes.com\/web\/wp-json\/wp\/v2\/posts\/14360\/revisions\/14371"}],"wp:featuredmedia":[{"embeddable":true,"href":"https:\/\/bisbalpenedes.com\/web\/wp-json\/wp\/v2\/media\/14366"}],"wp:attachment":[{"href":"https:\/\/bisbalpenedes.com\/web\/wp-json\/wp\/v2\/media?parent=14360"}],"wp:term":[{"taxonomy":"category","embeddable":true,"href":"https:\/\/bisbalpenedes.com\/web\/wp-json\/wp\/v2\/categories?post=14360"},{"taxonomy":"post_tag","embeddable":true,"href":"https:\/\/bisbalpenedes.com\/web\/wp-json\/wp\/v2\/tags?post=14360"}],"curies":[{"name":"wp","href":"https:\/\/api.w.org\/{rel}","templated":true}]}}