{"id":14349,"date":"2020-08-18T13:17:43","date_gmt":"2020-08-18T11:17:43","guid":{"rendered":"http:\/\/bisbalpenedes.com\/web\/?p=14349"},"modified":"2020-08-18T13:18:13","modified_gmt":"2020-08-18T11:18:13","slug":"saprova-la-contractacio-del-subministrament-daigua-per-a-lesplai-mitjancant-camions-cisterna","status":"publish","type":"post","link":"https:\/\/bisbalpenedes.com\/web\/2020\/08\/18\/saprova-la-contractacio-del-subministrament-daigua-per-a-lesplai-mitjancant-camions-cisterna\/","title":{"rendered":"S\u2019aprova la contractaci\u00f3 del subministrament d\u2019aigua per a l\u2019Esplai mitjan\u00e7ant camions cisterna"},"content":{"rendered":"<p><a href=\"http:\/\/bisbalpenedes.com\/web\/wp-content\/uploads\/2018\/08\/CARTELL-LESPLAI.jpg\"><img loading=\"lazy\" class=\"aligncenter size-medium wp-image-6679\" src=\"http:\/\/bisbalpenedes.com\/web\/wp-content\/uploads\/2018\/08\/CARTELL-LESPLAI-300x200.jpg\" alt=\"CARTELL L'ESPLAI\" width=\"300\" height=\"200\" srcset=\"https:\/\/bisbalpenedes.com\/web\/wp-content\/uploads\/2018\/08\/CARTELL-LESPLAI-300x200.jpg 300w, https:\/\/bisbalpenedes.com\/web\/wp-content\/uploads\/2018\/08\/CARTELL-LESPLAI-600x400.jpg 600w, https:\/\/bisbalpenedes.com\/web\/wp-content\/uploads\/2018\/08\/CARTELL-LESPLAI-768x512.jpg 768w, https:\/\/bisbalpenedes.com\/web\/wp-content\/uploads\/2018\/08\/CARTELL-LESPLAI-1024x683.jpg 1024w\" sizes=\"(max-width: 300px) 100vw, 300px\" \/><\/a><a href=\"http:\/\/bisbalpenedes.com\/web\/wp-content\/uploads\/2018\/08\/CARTELL-LESPLAI.jpg\"><br \/>\n<\/a><\/p>\n<p style=\"text-align: justify;\"><span style=\"color: #000000;\">L\u2019Ajuntament de la Bisbal del Pened\u00e8s ha aprovat la contractaci\u00f3 de subministrament d\u2019aigua amb camions cisterna per al dip\u00f2sit de l\u2019Esplai per evitar seguir realitzant talls de subministrament durant les nits.<\/span><\/p>\n<p style=\"text-align: justify;\"><span style=\"color: #000000;\">Des de finals del mes de juliol, l\u2019empresa concession\u00e0ria del servei d\u2019abastament d\u2019aigua al municipi ha estat duent a terme les proves de posada en marxa del nou pou de l\u2019Esplai segons el RD 140\/2003, de 7 de febrer, pel qual s\u2019estableixen els criteris sanitaris de qualitat de l\u2019aigua de consum hum\u00e0. Com que l\u2019aigua del pou de l\u2019Esplai encara no est\u00e0 en funcionament i el barri ha vist incrementada la demanda d\u2019aigua amb motiu de l\u2019augment de la poblaci\u00f3 a l\u2019estiu, s\u2019han hagut de dur a terme restriccions en el servei, realitzant talls de subministrament en per\u00edodes nocturns a fi i efecte de poder garantir el servei durant el dia.<\/span><\/p>\n<p style=\"text-align: justify;\"><span style=\"color: #000000;\">Ara, per evitar que els talls de subministrament s\u2019hagin de continuar efectuant, l\u2019Ajuntament ha contractat el subministrament d\u2019aigua per al consum hum\u00e0 amb camions cisterna al dip\u00f2sit de la urbanitzaci\u00f3 de l\u2019Esplai de 600 m<sup>3<\/sup>, mitjan\u00e7ant camions cisterna de 20 m<sup>3<\/sup> de capacitat per cada viatge de cami\u00f3. Des de l\u2019Ajuntament preveiem que aquest subministrament s\u2019haur\u00e0 de dur a terme durant un per\u00edode d\u2019entre dues i quatre setmanes, fins que es pugui posar en marxa el nou pou de l\u2019Esplai i baixi el consum estacional d\u2019aigua a la urbanitzaci\u00f3.<\/span><\/p>\n<p style=\"text-align: justify;\"><span style=\"color: #000000;\">La contractaci\u00f3 del subministrament d\u2019aigua per al consum hum\u00e0 mitjan\u00e7ant camions cisterna s\u2019ha fet per un import de 9.503,34\u20ac, IVA incl\u00f2s, mitjan\u00e7ant Decret d\u2019alcaldia.<\/span><\/p>\n<p style=\"text-align: justify;\"><span style=\"color: #000000;\">L\u2019alcaldessa de la Bisbal del Pened\u00e8s, Agn\u00e8s Ferr\u00e9, ha recordat que \u00e9s important que els ve\u00efns facin un \u00fas responsable de la despesa d\u2019aigua i que evitin activitats secund\u00e0ries, com ara rentar vehicles o omplir piscines amb aigua de boca. Cal que tots siguem conscients que l\u2019aigua \u00e9s un recurs esc\u00e0s i que en fem un \u00fas responsable.<\/span><\/p>\n<p style=\"text-align: justify;\"><span style=\"color: #000000;\">Us enllacem un document amb informaci\u00f3 \u00fatil sobre l\u2019estalvi d\u2019aigua a les llars, editat per l\u2019Ag\u00e8ncia Catalana de l\u2019Aigua: <a style=\"color: #000000;\" href=\"http:\/\/aca.gencat.cat\/web\/.content\/10_ACA\/J_Publicacions\/03-guies\/09-guia_web_estalvi_aigua_domestics.pdf\">http:\/\/aca.gencat.cat\/web\/.content\/10_ACA\/J_Publicacions\/03-guies\/09-guia_web_estalvi_aigua_domestics.pdf<\/a><\/span><\/p>\n<hr \/>\n<p style=\"text-align: justify;\"><span style=\"color: #000000;\"><strong>CASTELLANO |<\/strong> El Ayuntamiento de la Bisbal del Pened\u00e8s ha aprobado la contrataci\u00f3n de suministro de agua con camiones cisterna para el dep\u00f3sito de l\u2019Esplai para evitar seguir realizando cortes de suministro durante las noches.<\/span><\/p>\n<p style=\"text-align: justify;\"><span style=\"color: #000000;\">Desde finales del mes de julio, la empresa concesionaria del servicio de abastecimiento de agua en el municipio ha estado llevando a cabo las pruebas de puesta en funcionamiento del nuevo pozo de l\u2019Esplai seg\u00fan el RD 140\/2003, de 7 de febrero, por el cual se establecen los criterios sanitarios de calidad del agua de consumo humano. Como el agua del pozo de l\u2019Esplai todav\u00eda no est\u00e1 en funcionamiento y el barrio no ha visto incrementada la demanda de agua con motivo del aumento de la poblaci\u00f3n en verano, se han tenido que llevar a cabo restricciones en el servicio, realizando cortes de suministro en periodos nocturnos a fin de poder garantizar el servicio durante el d\u00eda.<\/span><\/p>\n<p style=\"text-align: justify;\"><span style=\"color: #000000;\">Ahora, para evitar que los cortes de suministro se tengan que continuar efectuando, el Ayuntamiento ha contratado el suministro de agua para el consumo humano con camiones cisterna en el dep\u00f3sito de la urbanizaci\u00f3n de l\u2019Esplai de 600 m<sup>3<\/sup>, mediante camiones cisterna de 20 m<sup>3 <\/sup>de capacidad para cada viaje de cami\u00f3n. Desde el Ayuntamiento prevemos que este suministro se tendr\u00e1 que llevar a cabo durante un periodo de entre dos y cuatro semanas, hasta que se pueda poner en marcha el nuevo pozo de l\u2019Esplai y baje el consumo estacional de agua en la urbanizaci\u00f3n.<\/span><\/p>\n<p style=\"text-align: justify;\"><span style=\"color: #000000;\">La contrataci\u00f3n del suministro de agua para el consumo humano mediante camiones cisterna se ha realizado por un importe de 9.503,34\u20ac, IVA incluido, mediante Decreto de alcald\u00eda.<\/span><\/p>\n<p style=\"text-align: justify;\"><span style=\"color: #000000;\">La alcaldesa de la Bisbal del Pened\u00e8s, Agn\u00e8s Ferr\u00e9, ha recordado que es importante que los vecinos hagan un uso responsable del gasto de agua y que eviten actividades secundarias, como por ejemplo lavar veh\u00edculos o llenar piscinas con agua de boca. Es necesario que todos seamos conscientes de que el agua es un recurso escaso y que hagamos un uso responsable del mismo.<\/span><\/p>\n<p style=\"text-align: justify;\"><span style=\"color: #000000;\">Os enlazamos un documento con informaci\u00f3n \u00fatil sobre el ahorro de agua en los hogares, editado por la Agencia Catalana del Agua: \u00a0<a style=\"color: #000000;\" href=\"http:\/\/aca.gencat.cat\/web\/.content\/10_ACA\/J_Publicacions\/03-guies\/09-guia_web_estalvi_aigua_domestics.pdf\">http:\/\/aca.gencat.cat\/web\/.content\/10_ACA\/J_Publicacions\/03-guies\/09-guia_web_estalvi_aigua_domestics.pdf<\/a><\/span><\/p>\n<p>&nbsp;<\/p>\n","protected":false},"excerpt":{"rendered":"<p>L\u2019Ajuntament de la Bisbal del Pened\u00e8s ha aprovat la contractaci\u00f3 de subministrament d\u2019aigua amb camions cisterna per al dip\u00f2sit de l\u2019Esplai per evitar seguir realitzant talls de subministrament durant les &hellip; <a href=\"https:\/\/bisbalpenedes.com\/web\/2020\/08\/18\/saprova-la-contractacio-del-subministrament-daigua-per-a-lesplai-mitjancant-camions-cisterna\/\" class=\"more-link\">Read More<\/a><\/p>\n","protected":false},"author":4,"featured_media":6679,"comment_status":"closed","ping_status":"closed","sticky":false,"template":"","format":"standard","meta":[],"categories":[2057,8,3352],"tags":[161,3982,276,275],"_links":{"self":[{"href":"https:\/\/bisbalpenedes.com\/web\/wp-json\/wp\/v2\/posts\/14349"}],"collection":[{"href":"https:\/\/bisbalpenedes.com\/web\/wp-json\/wp\/v2\/posts"}],"about":[{"href":"https:\/\/bisbalpenedes.com\/web\/wp-json\/wp\/v2\/types\/post"}],"author":[{"embeddable":true,"href":"https:\/\/bisbalpenedes.com\/web\/wp-json\/wp\/v2\/users\/4"}],"replies":[{"embeddable":true,"href":"https:\/\/bisbalpenedes.com\/web\/wp-json\/wp\/v2\/comments?post=14349"}],"version-history":[{"count":2,"href":"https:\/\/bisbalpenedes.com\/web\/wp-json\/wp\/v2\/posts\/14349\/revisions"}],"predecessor-version":[{"id":14351,"href":"https:\/\/bisbalpenedes.com\/web\/wp-json\/wp\/v2\/posts\/14349\/revisions\/14351"}],"wp:featuredmedia":[{"embeddable":true,"href":"https:\/\/bisbalpenedes.com\/web\/wp-json\/wp\/v2\/media\/6679"}],"wp:attachment":[{"href":"https:\/\/bisbalpenedes.com\/web\/wp-json\/wp\/v2\/media?parent=14349"}],"wp:term":[{"taxonomy":"category","embeddable":true,"href":"https:\/\/bisbalpenedes.com\/web\/wp-json\/wp\/v2\/categories?post=14349"},{"taxonomy":"post_tag","embeddable":true,"href":"https:\/\/bisbalpenedes.com\/web\/wp-json\/wp\/v2\/tags?post=14349"}],"curies":[{"name":"wp","href":"https:\/\/api.w.org\/{rel}","templated":true}]}}