{"id":14347,"date":"2020-08-18T17:42:54","date_gmt":"2020-08-18T15:42:54","guid":{"rendered":"http:\/\/bisbalpenedes.com\/web\/?p=14347"},"modified":"2020-08-18T17:42:54","modified_gmt":"2020-08-18T15:42:54","slug":"sobre-el-periode-de-licitacio-per-a-les-obres-denderroc-de-les-edificacions-industrials-de-la-fassina-a-excepcio-de-la-torre","status":"publish","type":"post","link":"https:\/\/bisbalpenedes.com\/web\/2020\/08\/18\/sobre-el-periode-de-licitacio-per-a-les-obres-denderroc-de-les-edificacions-industrials-de-la-fassina-a-excepcio-de-la-torre\/","title":{"rendered":"S\u2019obre el per\u00edode de licitaci\u00f3 per a les obres d\u2019enderroc de les edificacions industrials de la fassina, a excepci\u00f3 de la torre"},"content":{"rendered":"<p><a href=\"http:\/\/bisbalpenedes.com\/web\/wp-content\/uploads\/2018\/09\/LA-FASSINA.jpg\"><img loading=\"lazy\" class=\"aligncenter wp-image-7002 size-large\" src=\"http:\/\/bisbalpenedes.com\/web\/wp-content\/uploads\/2018\/09\/LA-FASSINA-1024x683.jpg\" alt=\"LA FASSINA\" width=\"630\" height=\"420\" srcset=\"https:\/\/bisbalpenedes.com\/web\/wp-content\/uploads\/2018\/09\/LA-FASSINA-1024x683.jpg 1024w, https:\/\/bisbalpenedes.com\/web\/wp-content\/uploads\/2018\/09\/LA-FASSINA-600x400.jpg 600w, https:\/\/bisbalpenedes.com\/web\/wp-content\/uploads\/2018\/09\/LA-FASSINA-300x200.jpg 300w, https:\/\/bisbalpenedes.com\/web\/wp-content\/uploads\/2018\/09\/LA-FASSINA-768x512.jpg 768w\" sizes=\"(max-width: 630px) 100vw, 630px\" \/><\/a><\/p>\n<p><span style=\"color: #000000;\">La Junta de Govern del 17 d\u2019agost ha aprovat, a petici\u00f3 de la Regidoria d\u2019Urbanisme, la licitaci\u00f3 de les obres d\u2019enderroc de les edificacions de la fassina entre mitgeres i en cantonada, al carrer Barcelona, excepte la torre de la fassina. Aquestes obres es liciten per 77.690,37\u20ac (IVA incl\u00f2s) i el termini d\u2019execuci\u00f3 \u00e9s de dos mesos. El termini per presentar proposicions ser\u00e0 del dimecres 19 d\u2019agost al dilluns 14 de setembre de 2020.<\/span><\/p>\n<p><span style=\"color: #000000;\">El Plec de cl\u00e0usules administratives particulars i el plec de prescripcions t\u00e8cniques es poden consultar al Perfil del contractant, dins la Seu Electr\u00f2nica de l\u2019Ajuntament de la Bisbal del Pened\u00e8s, i accedint a aquest enlla\u00e7:<\/span> <a href=\"https:\/\/contractaciopublica.gencat.cat\/ecofin_pscp\/AppJava\/notice.pscp?reqCode=viewCn&amp;idDoc=67469107&amp;lawType=\">https:\/\/contractaciopublica.gencat.cat\/ecofin_pscp\/AppJava\/notice.pscp?reqCode=viewCn&amp;idDoc=67469107&amp;lawType=<\/a><\/p>\n<p><span style=\"color: #000000;\">La forma d\u2019adjudicaci\u00f3 del contracte ser\u00e0 per procediment obert i l\u2019adjudicaci\u00f3 del contracte es realitzar\u00e0 mitjan\u00e7ant criteris d\u2019adjudicaci\u00f3 sobre la base de la millor qualitat-preu segons la cl\u00e0usula onzena del plec de cl\u00e0usules administratives.<\/span><\/p>\n<p><span style=\"color: #000000;\">Not\u00edcia relacionada:<\/span> <a href=\"https:\/\/bisbalpenedes.com\/web\/2020\/06\/25\/sinicia-lexpedient-per-a-la-contractacio-de-les-obres-denderroc-de-la-fassina\/\">https:\/\/bisbalpenedes.com\/web\/2020\/06\/25\/sinicia-lexpedient-per-a-la-contractacio-de-les-obres-denderroc-de-la-fassina\/<\/a><\/p>\n<hr \/>\n<p><span style=\"color: #000000;\"><strong>CASTELLANO |<\/strong> La Junta de Gobierno del 17 de agosto ha aprobado, a petici\u00f3n de la Concejal\u00eda de Urbanismo, la licitaci\u00f3n de las obras de derribo de las edificaciones de la torre de <em>la fassina<\/em> (la antigua destiler\u00eda) entre medianeras y en esquina, en la calle Barcelona, excepto la torre de <em>la fassina<\/em>. Estas obras se licitan por 77.690,37\u20ac (IVA incluido) y el plazo de ejecuci\u00f3n es de dos meses. El plazo para presentar proposiciones ser\u00e1 del mi\u00e9rcoles 19 de agosto al lunes 14 de septiembre de 2020.<\/span><\/p>\n<p><span style=\"color: #000000;\">El Pliego de cl\u00e1usulas administrativas particulares y el pliego de prescripciones t\u00e9cnicas se pueden consultar en el Perfil del contratante, en la Sede Electr\u00f3nica del Ayuntamiento de la Bisbal del Pened\u00e8s, y accediendo a este enlace:<\/span><\/p>\n<p><a href=\"https:\/\/contractaciopublica.gencat.cat\/ecofin_pscp\/AppJava\/notice.pscp?reqCode=viewCn&amp;idDoc=67469107&amp;lawType=\">https:\/\/contractaciopublica.gencat.cat\/ecofin_pscp\/AppJava\/notice.pscp?reqCode=viewCn&amp;idDoc=67469107&amp;lawType=<\/a><\/p>\n<p><span style=\"color: #000000;\">La forma de adjudicaci\u00f3n del contrato ser\u00e1 por procedimiento abierto y la adjudicaci\u00f3n del contrato se realizar\u00e1 mediante criterios de adjudicaci\u00f3n sobre la base de la mejor calidad-precio seg\u00fan la cl\u00e1usula onceava del pliego de cl\u00e1usulas administrativas.<\/span><\/p>\n<p><span style=\"color: #000000;\">Noticia relacionada:<\/span> <a href=\"https:\/\/bisbalpenedes.com\/web\/2020\/06\/25\/sinicia-lexpedient-per-a-la-contractacio-de-les-obres-denderroc-de-la-fassina\/\">https:\/\/bisbalpenedes.com\/web\/2020\/06\/25\/sinicia-lexpedient-per-a-la-contractacio-de-les-obres-denderroc-de-la-fassina\/<\/a><\/p>\n<p>&nbsp;<\/p>\n<p>&nbsp;<\/p>\n","protected":false},"excerpt":{"rendered":"<p>La Junta de Govern del 17 d\u2019agost ha aprovat, a petici\u00f3 de la Regidoria d\u2019Urbanisme, la licitaci\u00f3 de les obres d\u2019enderroc de les edificacions de la fassina entre mitgeres i &hellip; <a href=\"https:\/\/bisbalpenedes.com\/web\/2020\/08\/18\/sobre-el-periode-de-licitacio-per-a-les-obres-denderroc-de-les-edificacions-industrials-de-la-fassina-a-excepcio-de-la-torre\/\" class=\"more-link\">Read More<\/a><\/p>\n","protected":false},"author":4,"featured_media":7002,"comment_status":"closed","ping_status":"closed","sticky":false,"template":"","format":"standard","meta":[],"categories":[8,15],"tags":[3318,3504,267],"_links":{"self":[{"href":"https:\/\/bisbalpenedes.com\/web\/wp-json\/wp\/v2\/posts\/14347"}],"collection":[{"href":"https:\/\/bisbalpenedes.com\/web\/wp-json\/wp\/v2\/posts"}],"about":[{"href":"https:\/\/bisbalpenedes.com\/web\/wp-json\/wp\/v2\/types\/post"}],"author":[{"embeddable":true,"href":"https:\/\/bisbalpenedes.com\/web\/wp-json\/wp\/v2\/users\/4"}],"replies":[{"embeddable":true,"href":"https:\/\/bisbalpenedes.com\/web\/wp-json\/wp\/v2\/comments?post=14347"}],"version-history":[{"count":1,"href":"https:\/\/bisbalpenedes.com\/web\/wp-json\/wp\/v2\/posts\/14347\/revisions"}],"predecessor-version":[{"id":14348,"href":"https:\/\/bisbalpenedes.com\/web\/wp-json\/wp\/v2\/posts\/14347\/revisions\/14348"}],"wp:featuredmedia":[{"embeddable":true,"href":"https:\/\/bisbalpenedes.com\/web\/wp-json\/wp\/v2\/media\/7002"}],"wp:attachment":[{"href":"https:\/\/bisbalpenedes.com\/web\/wp-json\/wp\/v2\/media?parent=14347"}],"wp:term":[{"taxonomy":"category","embeddable":true,"href":"https:\/\/bisbalpenedes.com\/web\/wp-json\/wp\/v2\/categories?post=14347"},{"taxonomy":"post_tag","embeddable":true,"href":"https:\/\/bisbalpenedes.com\/web\/wp-json\/wp\/v2\/tags?post=14347"}],"curies":[{"name":"wp","href":"https:\/\/api.w.org\/{rel}","templated":true}]}}