{"id":14342,"date":"2020-08-18T09:40:23","date_gmt":"2020-08-18T07:40:23","guid":{"rendered":"http:\/\/bisbalpenedes.com\/web\/?p=14342"},"modified":"2020-08-18T09:40:23","modified_gmt":"2020-08-18T07:40:23","slug":"noves-mesures-extraordinaries-per-contenir-els-contagis-de-covid-19","status":"publish","type":"post","link":"https:\/\/bisbalpenedes.com\/web\/2020\/08\/18\/noves-mesures-extraordinaries-per-contenir-els-contagis-de-covid-19\/","title":{"rendered":"Noves mesures extraordin\u00e0ries per contenir els contagis de Covid-19"},"content":{"rendered":"<div class=\"\" data-block=\"true\" data-editor=\"5d2b4\" data-offset-key=\"q1gq-0-0\">\n<div class=\"_1mf _1mj\" style=\"text-align: justify;\" data-offset-key=\"q1gq-0-0\"><span style=\"color: #000000;\" data-offset-key=\"q1gq-0-0\"><span data-text=\"true\">A partir d&#8217;avui 18 d&#8217;agost entren en vigor noves mesures extraordin\u00e0ries per contenir els contagis de Covid-19:<\/span><\/span><\/div>\n<\/div>\n<div class=\"\" style=\"text-align: justify;\" data-block=\"true\" data-editor=\"5d2b4\" data-offset-key=\"dghat-0-0\">\n<div class=\"_1mf _1mj\" style=\"padding-left: 60px;\" data-offset-key=\"dghat-0-0\"><span style=\"color: #000000;\"><span data-offset-key=\"dghat-0-0\"><span data-text=\"true\">&#8211;<\/span><\/span><span data-offset-key=\"dghat-3-0\"><span data-text=\"true\">Tancament de bars i restaurants a partir de la 01h. Des de les 00h no poden admetre nous clients. A la barra i entre taules o grups de taules, cal garantir una dist\u00e0ncia m\u00ednima de 1,5m, amb un m\u00e0xim de 10 persones<\/span><\/span><\/span><\/div>\n<\/div>\n<div class=\"\" style=\"text-align: justify; padding-left: 30px;\" data-block=\"true\" data-editor=\"5d2b4\" data-offset-key=\"7bfl9-0-0\">\n<div class=\"_1mf _1mj\" style=\"padding-left: 30px;\" data-offset-key=\"7bfl9-0-0\"><span style=\"color: #000000;\"><span data-offset-key=\"7bfl9-0-0\"><span data-text=\"true\">&#8211;<\/span><\/span><span data-offset-key=\"7bfl9-2-0\"><span data-text=\"true\">No est\u00e0 perm\u00e8s fumar a la via p\u00fablica o a l&#8217;aire lliure si no hi ha una dist\u00e0ncia<\/span><\/span><span class=\"_3gl1 _5zz4\" data-offset-key=\"7bfl9-3-0\"><span class=\"_ncl\"><span data-offset-key=\"7bfl9-3-0\"><span data-text=\"true\">\u2194<\/span><\/span><\/span><\/span><span data-offset-key=\"7bfl9-4-0\"><span data-text=\"true\"> de 2 metres. Aquesta limitaci\u00f3 \u00e9s aplicable tamb\u00e9 per a l&#8217;\u00fas de qualsevol altre dispositiu d&#8217;inhalaci\u00f3 de tabac, pipes d&#8217;aigua, catximbes o similars.<\/span><\/span><\/span><\/div>\n<\/div>\n<div class=\"\" style=\"text-align: justify; padding-left: 30px;\" data-block=\"true\" data-editor=\"5d2b4\" data-offset-key=\"f12vt-0-0\">\n<div class=\"_1mf _1mj\" style=\"padding-left: 30px;\" data-offset-key=\"f12vt-0-0\"><span style=\"color: #000000;\"><span data-offset-key=\"f12vt-0-0\"><span data-text=\"true\">&#8211;<\/span><\/span><span data-offset-key=\"f12vt-4-0\"><span data-text=\"true\">Tamb\u00e9 es recomana limitar les trobades socials fora del grup de conviv\u00e8ncia estable i a un m\u00e0xim de 10 persones.<\/span><\/span><\/span><\/div>\n<\/div>\n<div class=\"\" style=\"text-align: justify; padding-left: 30px;\" data-block=\"true\" data-editor=\"5d2b4\" data-offset-key=\"f29kq-0-0\">\n<div class=\"_1mf _1mj\" style=\"padding-left: 30px;\" data-offset-key=\"f29kq-0-0\"><span style=\"color: #000000;\"><span data-offset-key=\"f29kq-0-0\"><span data-text=\"true\">&#8211;<\/span><\/span><span data-offset-key=\"f29kq-2-0\"><span data-text=\"true\">Continua vigent la prohibici\u00f3 de consumir begudes alcoh\u00f2liques a la via p\u00fablica.<\/span><\/span><\/span><\/div>\n<div class=\"_1mf _1mj\" style=\"padding-left: 30px;\" data-offset-key=\"f29kq-0-0\"><a href=\"http:\/\/bisbalpenedes.com\/web\/wp-content\/uploads\/2020\/08\/PROHIBIT-BOTELLON.jpg\"><img loading=\"lazy\" class=\"aligncenter size-full wp-image-14343\" src=\"http:\/\/bisbalpenedes.com\/web\/wp-content\/uploads\/2020\/08\/PROHIBIT-BOTELLON.jpg\" alt=\"PROHIBIT BOTELLON\" width=\"680\" height=\"383\" srcset=\"https:\/\/bisbalpenedes.com\/web\/wp-content\/uploads\/2020\/08\/PROHIBIT-BOTELLON.jpg 680w, https:\/\/bisbalpenedes.com\/web\/wp-content\/uploads\/2020\/08\/PROHIBIT-BOTELLON-600x338.jpg 600w, https:\/\/bisbalpenedes.com\/web\/wp-content\/uploads\/2020\/08\/PROHIBIT-BOTELLON-300x169.jpg 300w\" sizes=\"(max-width: 680px) 100vw, 680px\" \/><\/a><\/div>\n<\/div>\n<div class=\"\" style=\"text-align: justify;\" data-block=\"true\" data-editor=\"5d2b4\" data-offset-key=\"1fqd3-0-0\">\n<div class=\"_1mf _1mj\" data-offset-key=\"1fqd3-0-0\"><span style=\"color: #000000;\" data-offset-key=\"1fqd3-1-0\"><span data-text=\"true\">M\u00e9s informaci\u00f3: <a style=\"color: #000000;\" href=\"https:\/\/dogc.gencat.cat\/ca\/pdogc_canals_interns\/pdogc_resultats_fitxa\/?action=fitxa&amp;documentId=880540&amp;language=ca_ES\" target=\"_blank\">https:\/\/dogc.gencat.cat\/ca\/pdogc_canals_interns\/pdogc_resultats_fitxa\/?action=fitxa&amp;documentId=880540&amp;language=ca_ES<\/a><\/span><\/span><\/div>\n<\/div>\n<div class=\"\" style=\"text-align: justify;\" data-block=\"true\" data-editor=\"5d2b4\" data-offset-key=\"dbrn9-0-0\">\n<div class=\"_1mf _1mj\" data-offset-key=\"dbrn9-0-0\"><span style=\"color: #000000;\" data-offset-key=\"dbrn9-0-0\">\u00a0<\/span><\/div>\n<\/div>\n<div class=\"\" style=\"text-align: justify;\" data-block=\"true\" data-editor=\"5d2b4\" data-offset-key=\"esegd-0-0\">\n<div class=\"_1mf _1mj\" data-offset-key=\"esegd-0-0\">\n<hr \/>\n<p><span style=\"color: #000000;\" data-offset-key=\"esegd-0-0\"><span data-text=\"true\"><br \/>\n<\/span><\/span><\/div>\n<\/div>\n<div class=\"\" style=\"text-align: justify;\" data-block=\"true\" data-editor=\"5d2b4\" data-offset-key=\"3sn03-0-0\">\n<div class=\"_1mf _1mj\" data-offset-key=\"3sn03-0-0\"><span style=\"color: #000000;\"><strong>CASTELLANO |<\/strong> A partir de hoy 18 de agosto entran en vigor nuevas medidas extraordinarias para contener los contagios de Covid-19:<\/span><\/div>\n<\/div>\n<div class=\"\" style=\"text-align: justify;\" data-block=\"true\" data-editor=\"5d2b4\" data-offset-key=\"29t1-0-0\">\n<div class=\"_1mf _1mj\" style=\"padding-left: 60px;\" data-offset-key=\"29t1-0-0\"><span style=\"color: #000000;\"><span data-offset-key=\"29t1-0-0\"><span data-text=\"true\">&#8211;<\/span><\/span><span data-offset-key=\"29t1-3-0\"><span data-text=\"true\">Cierre de bares y restaurantes a partir de la 01h. Desde las 00h no pueden admitir a nuevos clientes. En la barra y entre mesas o grupos de mesas, hay que garantizar una distancia m\u00ednima de 1,5m, con un m\u00e1ximo de 10 personas.<\/span><\/span><\/span><\/div>\n<\/div>\n<div class=\"\" style=\"text-align: justify; padding-left: 30px;\" data-block=\"true\" data-editor=\"5d2b4\" data-offset-key=\"75kc-0-0\">\n<div class=\"_1mf _1mj\" style=\"padding-left: 30px;\" data-offset-key=\"75kc-0-0\"><span style=\"color: #000000;\"><span data-offset-key=\"75kc-0-0\"><span data-text=\"true\">&#8211;<\/span><\/span><span data-offset-key=\"75kc-2-0\"><span data-text=\"true\">No est\u00e1 permitido fumar en la v\u00eda p\u00fablica o al aire libre si no hay una distancia<\/span><\/span><span class=\"_3gl1 _5zz4\" data-offset-key=\"75kc-3-0\"><span class=\"_ncl\"><span data-offset-key=\"75kc-3-0\"><span data-text=\"true\">\u2194<\/span><\/span><\/span><\/span><span data-offset-key=\"75kc-4-0\"><span data-text=\"true\"> de 2 metros. Esta limitaci\u00f3n es aplicable tambi\u00e9n para el uso de cualquier otro dispositivo de inhalaci\u00f3n de tabaco, pipas de agua, cachimbas o similares.<\/span><\/span><\/span><\/div>\n<\/div>\n<div class=\"\" style=\"text-align: justify; padding-left: 30px;\" data-block=\"true\" data-editor=\"5d2b4\" data-offset-key=\"cehkc-0-0\">\n<div class=\"_1mf _1mj\" style=\"padding-left: 30px;\" data-offset-key=\"cehkc-0-0\"><span style=\"color: #000000;\"><span data-offset-key=\"cehkc-0-0\"><span data-text=\"true\">&#8211;<\/span><\/span><span data-offset-key=\"cehkc-4-0\"><span data-text=\"true\">Tambi\u00e9n se recomienda limitar los encuentros sociales fuera del grupo de convivencia estable y a un m\u00e1ximo de 10 personas.<\/span><\/span><\/span><\/div>\n<\/div>\n<div class=\"\" style=\"text-align: justify; padding-left: 30px;\" data-block=\"true\" data-editor=\"5d2b4\" data-offset-key=\"73bkb-0-0\">\n<div class=\"_1mf _1mj\" style=\"padding-left: 30px;\" data-offset-key=\"73bkb-0-0\"><span style=\"color: #000000;\"><span data-offset-key=\"73bkb-0-0\"><span data-text=\"true\">&#8211;<\/span><\/span><span data-offset-key=\"73bkb-2-0\"><span data-text=\"true\">Contin\u00faa vigente la prohibici\u00f3n de consumir bebidas alcoh\u00f3licas en la v\u00eda p\u00fablica.<\/span><\/span><\/span><\/div>\n<div class=\"_1mf _1mj\" style=\"padding-left: 30px;\" data-offset-key=\"73bkb-0-0\"><\/div>\n<div class=\"_1mf _1mj\" style=\"padding-left: 30px;\" data-offset-key=\"73bkb-0-0\"><a href=\"http:\/\/bisbalpenedes.com\/web\/wp-content\/uploads\/2020\/08\/PROHIBIT-BOTELLON.jpg\"><img loading=\"lazy\" class=\"aligncenter size-full wp-image-14343\" src=\"http:\/\/bisbalpenedes.com\/web\/wp-content\/uploads\/2020\/08\/PROHIBIT-BOTELLON.jpg\" alt=\"PROHIBIT BOTELLON\" width=\"680\" height=\"383\" srcset=\"https:\/\/bisbalpenedes.com\/web\/wp-content\/uploads\/2020\/08\/PROHIBIT-BOTELLON.jpg 680w, https:\/\/bisbalpenedes.com\/web\/wp-content\/uploads\/2020\/08\/PROHIBIT-BOTELLON-600x338.jpg 600w, https:\/\/bisbalpenedes.com\/web\/wp-content\/uploads\/2020\/08\/PROHIBIT-BOTELLON-300x169.jpg 300w\" sizes=\"(max-width: 680px) 100vw, 680px\" \/><\/a><\/div>\n<\/div>\n<div class=\"\" style=\"text-align: justify;\" data-block=\"true\" data-editor=\"5d2b4\" data-offset-key=\"fckjf-0-0\">\n<div class=\"_1mf _1mj\" data-offset-key=\"fckjf-0-0\"><span style=\"color: #000000;\" data-offset-key=\"fckjf-1-0\"><span data-text=\"true\">M\u00e1s informaci\u00f3n: <a style=\"color: #000000;\" href=\"https:\/\/dogc.gencat.cat\/ca\/pdogc_canals_interns\/pdogc_resultats_fitxa\/?action=fitxa&amp;documentId=880540&amp;language=ca_ES\" target=\"_blank\">https:\/\/dogc.gencat.cat\/ca\/pdogc_canals_interns\/pdogc_resultats_fitxa\/?action=fitxa&amp;documentId=880540&amp;language=ca_ES<\/a><\/span><\/span><\/div>\n<\/div>\n<div class=\"\" style=\"text-align: justify;\" data-block=\"true\" data-editor=\"5d2b4\" data-offset-key=\"cpuqv-0-0\"><\/div>\n<div class=\"\" style=\"text-align: justify;\" data-block=\"true\" data-editor=\"5d2b4\" data-offset-key=\"65eci-0-0\"><\/div>\n<div class=\"\" style=\"text-align: justify;\" data-block=\"true\" data-editor=\"5d2b4\" data-offset-key=\"e4i5q-0-0\"><span style=\"color: #000000;\">\u00a0<\/span><\/div>\n","protected":false},"excerpt":{"rendered":"<p>A partir d&#8217;avui 18 d&#8217;agost entren en vigor noves mesures extraordin\u00e0ries per contenir els contagis de Covid-19: &#8211;Tancament de bars i restaurants a partir de la 01h. Des de les &hellip; <a href=\"https:\/\/bisbalpenedes.com\/web\/2020\/08\/18\/noves-mesures-extraordinaries-per-contenir-els-contagis-de-covid-19\/\" class=\"more-link\">Read More<\/a><\/p>\n","protected":false},"author":4,"featured_media":6256,"comment_status":"closed","ping_status":"closed","sticky":false,"template":"","format":"standard","meta":[],"categories":[3636,8,14],"tags":[3559,82],"_links":{"self":[{"href":"https:\/\/bisbalpenedes.com\/web\/wp-json\/wp\/v2\/posts\/14342"}],"collection":[{"href":"https:\/\/bisbalpenedes.com\/web\/wp-json\/wp\/v2\/posts"}],"about":[{"href":"https:\/\/bisbalpenedes.com\/web\/wp-json\/wp\/v2\/types\/post"}],"author":[{"embeddable":true,"href":"https:\/\/bisbalpenedes.com\/web\/wp-json\/wp\/v2\/users\/4"}],"replies":[{"embeddable":true,"href":"https:\/\/bisbalpenedes.com\/web\/wp-json\/wp\/v2\/comments?post=14342"}],"version-history":[{"count":1,"href":"https:\/\/bisbalpenedes.com\/web\/wp-json\/wp\/v2\/posts\/14342\/revisions"}],"predecessor-version":[{"id":14344,"href":"https:\/\/bisbalpenedes.com\/web\/wp-json\/wp\/v2\/posts\/14342\/revisions\/14344"}],"wp:featuredmedia":[{"embeddable":true,"href":"https:\/\/bisbalpenedes.com\/web\/wp-json\/wp\/v2\/media\/6256"}],"wp:attachment":[{"href":"https:\/\/bisbalpenedes.com\/web\/wp-json\/wp\/v2\/media?parent=14342"}],"wp:term":[{"taxonomy":"category","embeddable":true,"href":"https:\/\/bisbalpenedes.com\/web\/wp-json\/wp\/v2\/categories?post=14342"},{"taxonomy":"post_tag","embeddable":true,"href":"https:\/\/bisbalpenedes.com\/web\/wp-json\/wp\/v2\/tags?post=14342"}],"curies":[{"name":"wp","href":"https:\/\/api.w.org\/{rel}","templated":true}]}}