{"id":14320,"date":"2020-08-17T17:51:12","date_gmt":"2020-08-17T15:51:12","guid":{"rendered":"http:\/\/bisbalpenedes.com\/web\/?p=14320"},"modified":"2020-08-17T18:10:55","modified_gmt":"2020-08-17T16:10:55","slug":"la-bisbal-del-penedes-ha-celebrat-la-festa-major-emmascarada-del-14-al-16-dagost","status":"publish","type":"post","link":"https:\/\/bisbalpenedes.com\/web\/2020\/08\/17\/la-bisbal-del-penedes-ha-celebrat-la-festa-major-emmascarada-del-14-al-16-dagost\/","title":{"rendered":"La Bisbal del Pened\u00e8s ha celebrat la Festa Major \u2018Emmascarada\u2019 del 14 al 16 d\u2019agost"},"content":{"rendered":"<p style=\"text-align: justify;\"><span style=\"color: #000000;\">El passat divendres 14 d\u2019agost la Bisbal del Pened\u00e8s va engegar una Festa Major diferent, adaptada a les mesures de prevenci\u00f3 per la Covid-19. Una d\u2019elles era l\u2019obligatorietat de portar mascareta i, per aquest motiu, l\u2019Ajuntament va dissenyar unes mascaretes per a l\u2019ocasi\u00f3, perqu\u00e8 els ve\u00efns i les ve\u00efnes tinguessin ganes de lluir les mascaretes de la Festa Major, centrades en els diferents elements de cultura popular del municipi: el Ball de Gitanes, el Ball de Diables i Diablons, La Colla Castellera de la Bisbal del Pened\u00e8s \u2013 Bous i els Geganters i Grallers de la Societat Cultural i Recreativa Bisbalenca. Alhora, els elements de cultura popular del municipi van poder participar en la cercavila amb una mascareta a conjunt del seu vestuari.<\/span><\/p>\n<p style=\"text-align: justify;\"><span style=\"color: #000000;\">Les mascaretes eren gratu\u00eftes i les podien reservar i passar a recollir per l\u2019Ajuntament de la Bisbal del Pened\u00e8s totes les persones que estan empadronades al municipi o hi tenen una segona resid\u00e8ncia.<\/span><\/p>\n<p style=\"text-align: justify;\"><span style=\"color: #000000;\"><strong>EL DISSENY DE LES MASCARETES DE LA FESTA MAJOR<\/strong><\/span><\/p>\n<p style=\"text-align: justify;\"><span style=\"color: #000000;\"><img loading=\"lazy\" class=\"aligncenter wp-image-14321 size-medium\" src=\"http:\/\/bisbalpenedes.com\/web\/wp-content\/uploads\/2020\/08\/COLLAGE-MASCARETES-300x300.jpg\" alt=\"COLLAGE MASCARETES\" width=\"300\" height=\"300\" srcset=\"https:\/\/bisbalpenedes.com\/web\/wp-content\/uploads\/2020\/08\/COLLAGE-MASCARETES-300x300.jpg 300w, https:\/\/bisbalpenedes.com\/web\/wp-content\/uploads\/2020\/08\/COLLAGE-MASCARETES-100x100.jpg 100w, https:\/\/bisbalpenedes.com\/web\/wp-content\/uploads\/2020\/08\/COLLAGE-MASCARETES-600x600.jpg 600w, https:\/\/bisbalpenedes.com\/web\/wp-content\/uploads\/2020\/08\/COLLAGE-MASCARETES-150x150.jpg 150w, https:\/\/bisbalpenedes.com\/web\/wp-content\/uploads\/2020\/08\/COLLAGE-MASCARETES-768x768.jpg 768w, https:\/\/bisbalpenedes.com\/web\/wp-content\/uploads\/2020\/08\/COLLAGE-MASCARETES-1024x1024.jpg 1024w, https:\/\/bisbalpenedes.com\/web\/wp-content\/uploads\/2020\/08\/COLLAGE-MASCARETES.jpg 1600w\" sizes=\"(max-width: 300px) 100vw, 300px\" \/><\/span><\/p>\n<p style=\"text-align: justify;\"><span style=\"color: #000000;\">El disseny de les mascaretes va anar a c\u00e0rrec de Salvador Catal\u00e0 (Kta), treballador de l\u2019Ajuntament, que explicava que dissenyar les mascaretes ha estat tot un repte perqu\u00e8 \u201cem vaig adonar que les mascaretes tenien dos o tres doblecs i tots els dibuixos que posava em quedaven escap\u00e7ats o deformats, era impossible fer que em quadr\u00e9s qualsevol imatge amb tant de doblec\u201d. Aleshores \u201cuna tarda, el Jaume de la Impremta Ramon del Vendrell em va fer veure que no hav\u00edem de dibuixar els elements de la festa, sin\u00f3 aconseguir el color, la textura, el patr\u00f3 de cadascun dels vestits dels grups. Aix\u00ed, per exemple, si veus una tela vermella amb punts blancs, ja saps que \u00e9s un mocador casteller; si afegeixes un trosset de camisa carabassa, ja dius: s\u00f3n els Bous! I aix\u00ed, amb l\u2019ajut de la gent de les entitats, vam cercar l\u2019esperit de cadascun dels elements que vol\u00edem representar\u201d.<\/span><\/p>\n<p style=\"text-align: justify;\"><span style=\"color: #000000;\">Les mascaretes, en funci\u00f3 de l\u2019entitat, inclo\u00efen el text \u201cs\u00f3c un gitano\/s\u00f3c una gitana; s\u00f3c un casteller\/s\u00f3c una castellera; diable s\u00f3c d\u2019aquest ball, diablessa s\u00f3c i ser\u00e9; i s\u00f3c un geganter\/s\u00f3c una gegantera\u201d en un costat i la imatge gr\u00e0fica de la Festa Major Emmascarada a l\u2019altre costat.<\/span><\/p>\n<p style=\"text-align: justify;\"><span style=\"color: #000000;\"><strong>ELS ACTES DE LA FESTA MAJOR \u2018EMMASCARADA\u2019<\/strong><\/span><\/p>\n<p style=\"text-align: justify;\"><span style=\"color: #000000;\"><strong>14 D\u2019AGOST<\/strong><\/span><\/p>\n<p style=\"text-align: justify;\"><span style=\"color: #000000;\"><strong>LA CERCAVILA DEL 14 D\u2019AGOST<\/strong><\/span><\/p>\n<p style=\"text-align: justify;\"><span style=\"color: #000000;\">Els actes de la Festa Major \u2018Emmascarada\u2019 van comen\u00e7ar el divendres amb una cercavila que va comptar amb la participaci\u00f3 dels Geganters i Grallers de la Societat, el Ball de Gitanes de la Bisbal, el Ball de Diables i Diablons de la Bisbal i la Colla Castellera de la Bisbal del Pened\u00e8s \u2013 Bous. Tots els participants portaven mascareta, no es va llen\u00e7ar pirot\u00e8cnia i es va evitar el contacte entre els participants.<\/span><\/p>\n<div id='gallery-1' class='gallery galleryid-14320 gallery-columns-4 gallery-size-thumbnail'><figure class='gallery-item'>\n\t\t\t<div class='gallery-icon landscape'>\n\t\t\t\t<a href='https:\/\/bisbalpenedes.com\/web\/wp-content\/uploads\/2020\/08\/BALL-DE-DIABLES-CERCAVILA-14-08-20-scaled.jpg'><img width=\"150\" height=\"150\" src=\"https:\/\/bisbalpenedes.com\/web\/wp-content\/uploads\/2020\/08\/BALL-DE-DIABLES-CERCAVILA-14-08-20-150x150.jpg\" class=\"attachment-thumbnail size-thumbnail\" alt=\"\" loading=\"lazy\" srcset=\"https:\/\/bisbalpenedes.com\/web\/wp-content\/uploads\/2020\/08\/BALL-DE-DIABLES-CERCAVILA-14-08-20-150x150.jpg 150w, https:\/\/bisbalpenedes.com\/web\/wp-content\/uploads\/2020\/08\/BALL-DE-DIABLES-CERCAVILA-14-08-20-300x300.jpg 300w, https:\/\/bisbalpenedes.com\/web\/wp-content\/uploads\/2020\/08\/BALL-DE-DIABLES-CERCAVILA-14-08-20-100x100.jpg 100w\" sizes=\"(max-width: 150px) 100vw, 150px\" \/><\/a>\n\t\t\t<\/div><\/figure><figure class='gallery-item'>\n\t\t\t<div class='gallery-icon landscape'>\n\t\t\t\t<a href='https:\/\/bisbalpenedes.com\/web\/wp-content\/uploads\/2020\/08\/BALL-DE-GITANES-CERCAVILA-14-08-20-scaled.jpg'><img width=\"150\" height=\"150\" src=\"https:\/\/bisbalpenedes.com\/web\/wp-content\/uploads\/2020\/08\/BALL-DE-GITANES-CERCAVILA-14-08-20-150x150.jpg\" class=\"attachment-thumbnail size-thumbnail\" alt=\"\" loading=\"lazy\" srcset=\"https:\/\/bisbalpenedes.com\/web\/wp-content\/uploads\/2020\/08\/BALL-DE-GITANES-CERCAVILA-14-08-20-150x150.jpg 150w, https:\/\/bisbalpenedes.com\/web\/wp-content\/uploads\/2020\/08\/BALL-DE-GITANES-CERCAVILA-14-08-20-300x300.jpg 300w, https:\/\/bisbalpenedes.com\/web\/wp-content\/uploads\/2020\/08\/BALL-DE-GITANES-CERCAVILA-14-08-20-100x100.jpg 100w\" sizes=\"(max-width: 150px) 100vw, 150px\" \/><\/a>\n\t\t\t<\/div><\/figure><figure class='gallery-item'>\n\t\t\t<div class='gallery-icon landscape'>\n\t\t\t\t<a href='https:\/\/bisbalpenedes.com\/web\/wp-content\/uploads\/2020\/08\/COLLA-CASTELLERA-CERCAVILA-14-08-20-2-scaled.jpg'><img width=\"150\" height=\"150\" src=\"https:\/\/bisbalpenedes.com\/web\/wp-content\/uploads\/2020\/08\/COLLA-CASTELLERA-CERCAVILA-14-08-20-2-150x150.jpg\" class=\"attachment-thumbnail size-thumbnail\" alt=\"\" loading=\"lazy\" srcset=\"https:\/\/bisbalpenedes.com\/web\/wp-content\/uploads\/2020\/08\/COLLA-CASTELLERA-CERCAVILA-14-08-20-2-150x150.jpg 150w, https:\/\/bisbalpenedes.com\/web\/wp-content\/uploads\/2020\/08\/COLLA-CASTELLERA-CERCAVILA-14-08-20-2-300x300.jpg 300w, https:\/\/bisbalpenedes.com\/web\/wp-content\/uploads\/2020\/08\/COLLA-CASTELLERA-CERCAVILA-14-08-20-2-100x100.jpg 100w\" sizes=\"(max-width: 150px) 100vw, 150px\" \/><\/a>\n\t\t\t<\/div><\/figure><figure class='gallery-item'>\n\t\t\t<div class='gallery-icon landscape'>\n\t\t\t\t<a href='https:\/\/bisbalpenedes.com\/web\/wp-content\/uploads\/2020\/08\/GRALLERS-DE-LA-COLLA-DE-GEGANTERS-CERCAVILA-14-08-20-2-scaled.jpg'><img width=\"150\" height=\"150\" src=\"https:\/\/bisbalpenedes.com\/web\/wp-content\/uploads\/2020\/08\/GRALLERS-DE-LA-COLLA-DE-GEGANTERS-CERCAVILA-14-08-20-2-150x150.jpg\" class=\"attachment-thumbnail size-thumbnail\" alt=\"\" loading=\"lazy\" srcset=\"https:\/\/bisbalpenedes.com\/web\/wp-content\/uploads\/2020\/08\/GRALLERS-DE-LA-COLLA-DE-GEGANTERS-CERCAVILA-14-08-20-2-150x150.jpg 150w, https:\/\/bisbalpenedes.com\/web\/wp-content\/uploads\/2020\/08\/GRALLERS-DE-LA-COLLA-DE-GEGANTERS-CERCAVILA-14-08-20-2-300x300.jpg 300w, https:\/\/bisbalpenedes.com\/web\/wp-content\/uploads\/2020\/08\/GRALLERS-DE-LA-COLLA-DE-GEGANTERS-CERCAVILA-14-08-20-2-100x100.jpg 100w\" sizes=\"(max-width: 150px) 100vw, 150px\" \/><\/a>\n\t\t\t<\/div><\/figure>\n\t\t<\/div>\n\n<p style=\"text-align: justify;\"><span style=\"color: #000000;\"><strong>EL PREG\u00d3 DE LA FESTA MAJOR \u2018EMMASCARADA\u2019<\/strong><\/span><\/p>\n<p style=\"text-align: justify;\"><span style=\"color: #000000;\">M\u00e9s tard va tenir lloc el preg\u00f3 de la Festa Major a l\u2019Auditori Salb\u00e0 del CMC. Va anar a c\u00e0rrec dels alumnes de 6\u00e8 de prim\u00e0ria de l\u2019Escola Ull de Vent que han vist com el seu darrer curs a l\u2019escola ha estat marcat per la crisi sanit\u00e0ria i no han pogut \u2018acomiadar\u2019 el curs amb normalitat. Per aquest motiu, des de l\u2019Ajuntament se\u2019ls va oferir l\u2019opci\u00f3 de protagonitzar el preg\u00f3 de la Festa Major. El van dur a terme l\u2019Arnau, el Xavi, la Laia, la Flor, l\u2019Iv\u00e1n, el Samuel, la Sara, el Guillem i el Mag\u00ed i va estar carregat de viv\u00e8ncies i records de l\u2019escola. Es va poder veure <a style=\"color: #000000; text-decoration: underline;\" href=\"https:\/\/youtu.be\/nTL1QSNHyO4\">en directe a Youtube<\/a>. A l\u2019auditori hi van poder accedir els familiars directes dels pregoners, els membres de l\u2019equip docent de l\u2019escola i els membres de la corporaci\u00f3 municipal. Paral\u00b7lelament, a la sala gran del CMC s\u2019hi va instal\u00b7lar una pantalla perqu\u00e8 la resta dels alumnes de 6\u00e8 i els familiars d\u2019aquests alumnes, aix\u00ed com un membre de cada entitat del poble, poguessin veure el preg\u00f3 tamb\u00e9 des del Centre Municipal de Cultura. La resta de la poblaci\u00f3, com hem apuntat, va poder seguir el preg\u00f3 a Youtube.<\/span><\/p>\n<p style=\"text-align: center;\"><iframe loading=\"lazy\" src=\"https:\/\/www.youtube.com\/embed\/nTL1QSNHyO4\" width=\"560\" height=\"315\" frameborder=\"0\" allowfullscreen=\"allowfullscreen\"><\/iframe><\/p>\n<p style=\"text-align: justify;\"><span style=\"color: #000000;\"><strong>SOPAR A LA FRESCA AMB CERCAVILA I CASTELL DE FOCS ARTIFICIALS<\/strong><\/span><\/p>\n<p style=\"text-align: justify;\"><span style=\"color: #000000;\">A continuaci\u00f3 va tenir lloc un sopar a la fresca. Les fam\u00edlies o cercles de confian\u00e7a que aix\u00ed ho van demanar van poder sopar, plegats, al davant de casa, amb l\u2019acompanyament de la cercavila de la banda Verge de Miseric\u00f2rdia de Reus, que va rec\u00f3rrer els carrers del municipi. A la mitjanit el castell de focs va il\u00b7luminar el cel i l\u2019ADF Clot del Bou va ser-hi present per dur a terme els treballs de prevenci\u00f3 i, en cas d\u2019incident, extinci\u00f3 d\u2019incendis.+<img loading=\"lazy\" class=\"aligncenter wp-image-14335 size-full\" src=\"http:\/\/bisbalpenedes.com\/web\/wp-content\/uploads\/2020\/08\/CASTELL-DE-FOCS-CAMPANAR.png\" alt=\"CASTELL DE FOCS CAMPANAR\" width=\"741\" height=\"307\" srcset=\"https:\/\/bisbalpenedes.com\/web\/wp-content\/uploads\/2020\/08\/CASTELL-DE-FOCS-CAMPANAR.png 741w, https:\/\/bisbalpenedes.com\/web\/wp-content\/uploads\/2020\/08\/CASTELL-DE-FOCS-CAMPANAR-600x249.png 600w, https:\/\/bisbalpenedes.com\/web\/wp-content\/uploads\/2020\/08\/CASTELL-DE-FOCS-CAMPANAR-300x124.png 300w\" sizes=\"(max-width: 741px) 100vw, 741px\" \/><\/span><\/p>\n<p style=\"text-align: justify;\"><span style=\"color: #000000;\"><strong>15 D\u2019AGOST<\/strong><\/span><\/p>\n<p style=\"text-align: justify;\"><span style=\"color: #000000;\">L\u2019endem\u00e0 dissabte 15 d\u2019agost -el dia de la Mare de D\u00e9u d\u2019Agost- Festa Major de la Bisbal, va estar marcat pel fet que enguany no s\u2019hagi pogut dur a terme la Diada Castellera.<\/span><\/p>\n<p style=\"text-align: justify;\"><span style=\"color: #000000;\"><strong>MATINADES, MISSA SOLEMNE I CERCAVILA<\/strong><\/span><\/p>\n<p style=\"text-align: justify;\"><span style=\"color: #000000;\">La jornada va comen\u00e7ar amb les matinades amb els grallers i tabalers de la Societat Cultural i Recreativa Bisbalenca i va seguir amb\u00a0 la missa solemne cantada per les Corals Antistiana i Santa Maria. En acabar, va tenir lloc una petita cercavila amb el grup de geganters i grallers de la Societat i el Ball de Gitanes al davant de l\u2019esgl\u00e9sia.<\/span><\/p>\n<div id='gallery-2' class='gallery galleryid-14320 gallery-columns-3 gallery-size-thumbnail'><figure class='gallery-item'>\n\t\t\t<div class='gallery-icon landscape'>\n\t\t\t\t<a href='https:\/\/bisbalpenedes.com\/web\/2020\/08\/17\/la-bisbal-del-penedes-ha-celebrat-la-festa-major-emmascarada-del-14-al-16-dagost\/matinades-1\/'><img width=\"150\" height=\"150\" src=\"https:\/\/bisbalpenedes.com\/web\/wp-content\/uploads\/2020\/08\/MATINADES-1-150x150.jpg\" class=\"attachment-thumbnail size-thumbnail\" alt=\"\" loading=\"lazy\" srcset=\"https:\/\/bisbalpenedes.com\/web\/wp-content\/uploads\/2020\/08\/MATINADES-1-150x150.jpg 150w, https:\/\/bisbalpenedes.com\/web\/wp-content\/uploads\/2020\/08\/MATINADES-1-300x300.jpg 300w, https:\/\/bisbalpenedes.com\/web\/wp-content\/uploads\/2020\/08\/MATINADES-1-100x100.jpg 100w\" sizes=\"(max-width: 150px) 100vw, 150px\" \/><\/a>\n\t\t\t<\/div><\/figure><figure class='gallery-item'>\n\t\t\t<div class='gallery-icon landscape'>\n\t\t\t\t<a href='https:\/\/bisbalpenedes.com\/web\/2020\/08\/17\/la-bisbal-del-penedes-ha-celebrat-la-festa-major-emmascarada-del-14-al-16-dagost\/cercavila-15-dagost-2\/'><img width=\"150\" height=\"150\" src=\"https:\/\/bisbalpenedes.com\/web\/wp-content\/uploads\/2020\/08\/CERCAVILA-15-DAGOST-2-150x150.jpg\" class=\"attachment-thumbnail size-thumbnail\" alt=\"\" loading=\"lazy\" srcset=\"https:\/\/bisbalpenedes.com\/web\/wp-content\/uploads\/2020\/08\/CERCAVILA-15-DAGOST-2-150x150.jpg 150w, https:\/\/bisbalpenedes.com\/web\/wp-content\/uploads\/2020\/08\/CERCAVILA-15-DAGOST-2-300x300.jpg 300w, https:\/\/bisbalpenedes.com\/web\/wp-content\/uploads\/2020\/08\/CERCAVILA-15-DAGOST-2-100x100.jpg 100w\" sizes=\"(max-width: 150px) 100vw, 150px\" \/><\/a>\n\t\t\t<\/div><\/figure><figure class='gallery-item'>\n\t\t\t<div class='gallery-icon landscape'>\n\t\t\t\t<a href='https:\/\/bisbalpenedes.com\/web\/2020\/08\/17\/la-bisbal-del-penedes-ha-celebrat-la-festa-major-emmascarada-del-14-al-16-dagost\/cercavila-15-dagost\/'><img width=\"150\" height=\"150\" src=\"https:\/\/bisbalpenedes.com\/web\/wp-content\/uploads\/2020\/08\/CERCAVILA-15-DAGOST-150x150.jpg\" class=\"attachment-thumbnail size-thumbnail\" alt=\"\" loading=\"lazy\" srcset=\"https:\/\/bisbalpenedes.com\/web\/wp-content\/uploads\/2020\/08\/CERCAVILA-15-DAGOST-150x150.jpg 150w, https:\/\/bisbalpenedes.com\/web\/wp-content\/uploads\/2020\/08\/CERCAVILA-15-DAGOST-300x300.jpg 300w, https:\/\/bisbalpenedes.com\/web\/wp-content\/uploads\/2020\/08\/CERCAVILA-15-DAGOST-100x100.jpg 100w\" sizes=\"(max-width: 150px) 100vw, 150px\" \/><\/a>\n\t\t\t<\/div><\/figure>\n\t\t<\/div>\n\n<p style=\"text-align: justify;\"><span style=\"color: #000000;\"><strong>LA DIADA CASTELLERA \u2018CONFINADA\u2019<\/strong><\/span><\/p>\n<p style=\"text-align: justify;\"><span style=\"color: #000000;\">Com que la Diada Castellera amb la Colla Castellera de la Bisbal del Pened\u00e8s \u2013 Bous, els Castellers de Vilafranca, la Colla Vella dels Xiquets de Valls i la Colla Joves Xiquets de Valls no es va poder tirar endavant, l\u2019Ajuntament de la Bisbal del Pened\u00e8s, juntament amb les colles, va preparar un <a style=\"color: #000000; text-decoration: underline;\" href=\"https:\/\/youtu.be\/u18l3NX-hDE\">audiovisual<\/a> sobre la diada de la Bisbal que es va estrenar a les 13h a Youtube.<\/span><\/p>\n<p style=\"text-align: center;\"><iframe loading=\"lazy\" src=\"https:\/\/www.youtube.com\/embed\/u18l3NX-hDE\" width=\"560\" height=\"315\" frameborder=\"0\" allowfullscreen=\"allowfullscreen\"><\/iframe><\/p>\n<p style=\"text-align: justify;\"><span style=\"color: #000000;\"><strong>FUTBOL DE FESTA MAJOR I ESCACS A LA FRESCA<\/strong><\/span><\/p>\n<p style=\"text-align: justify;\"><span style=\"color: #000000;\">A partir de les 18:30h es va dur a terme el tradicional partit de futbol de la Festa Major \u201837\u00e8 Trofeu Josep Rovira Andreu\u2019. En aquesta ocasi\u00f3 van jugar la Joventut Bisbalenca i el C.F. Cubelles i el partit es va desenvolupar a porta tancada. En paral\u00b7lel es van dur a terme les partides simult\u00e0nies d\u2019escacs a la pla\u00e7a Sant Jordi, organitzades des del Club d\u2019escacs de la Societat.<\/span><\/p>\n<p style=\"text-align: justify;\"><span style=\"color: #000000;\"><img loading=\"lazy\" class=\"aligncenter size-medium wp-image-14326\" src=\"http:\/\/bisbalpenedes.com\/web\/wp-content\/uploads\/2020\/08\/MOMENT-DEL-PARTIT-300x200.jpg\" alt=\"MOMENT DEL PARTIT\" width=\"300\" height=\"200\" srcset=\"https:\/\/bisbalpenedes.com\/web\/wp-content\/uploads\/2020\/08\/MOMENT-DEL-PARTIT-300x200.jpg 300w, https:\/\/bisbalpenedes.com\/web\/wp-content\/uploads\/2020\/08\/MOMENT-DEL-PARTIT-600x400.jpg 600w, https:\/\/bisbalpenedes.com\/web\/wp-content\/uploads\/2020\/08\/MOMENT-DEL-PARTIT-768x512.jpg 768w, https:\/\/bisbalpenedes.com\/web\/wp-content\/uploads\/2020\/08\/MOMENT-DEL-PARTIT-1024x683.jpg 1024w\" sizes=\"(max-width: 300px) 100vw, 300px\" \/><\/span><\/p>\n<p style=\"text-align: justify;\"><span style=\"color: #000000;\"><img loading=\"lazy\" class=\"aligncenter size-medium wp-image-14327\" src=\"http:\/\/bisbalpenedes.com\/web\/wp-content\/uploads\/2020\/08\/ESCACS-A-LA-FRESCA-2-300x200.jpg\" alt=\"ESCACS A LA FRESCA 2\" width=\"300\" height=\"200\" srcset=\"https:\/\/bisbalpenedes.com\/web\/wp-content\/uploads\/2020\/08\/ESCACS-A-LA-FRESCA-2-300x200.jpg 300w, https:\/\/bisbalpenedes.com\/web\/wp-content\/uploads\/2020\/08\/ESCACS-A-LA-FRESCA-2-600x400.jpg 600w, https:\/\/bisbalpenedes.com\/web\/wp-content\/uploads\/2020\/08\/ESCACS-A-LA-FRESCA-2-768x512.jpg 768w, https:\/\/bisbalpenedes.com\/web\/wp-content\/uploads\/2020\/08\/ESCACS-A-LA-FRESCA-2-1024x683.jpg 1024w\" sizes=\"(max-width: 300px) 100vw, 300px\" \/><\/span><\/p>\n<p style=\"text-align: justify;\"><span style=\"color: #000000;\"><strong>CONCERT DE FESTA MAJOR AMB L\u2019ORQUESTRA SELVATANA<\/strong><\/span><\/p>\n<p style=\"text-align: justify;\"><span style=\"color: #000000;\"><img loading=\"lazy\" class=\"aligncenter size-medium wp-image-14322\" src=\"http:\/\/bisbalpenedes.com\/web\/wp-content\/uploads\/2020\/08\/PERSONA-ACCEDINT-AL-CONCERT-DE-LORQUESTRA-SELVATANA-300x225.jpg\" alt=\"PERSONA ACCEDINT AL CONCERT DE L'ORQUESTRA SELVATANA\" width=\"300\" height=\"225\" srcset=\"https:\/\/bisbalpenedes.com\/web\/wp-content\/uploads\/2020\/08\/PERSONA-ACCEDINT-AL-CONCERT-DE-LORQUESTRA-SELVATANA-300x225.jpg 300w, https:\/\/bisbalpenedes.com\/web\/wp-content\/uploads\/2020\/08\/PERSONA-ACCEDINT-AL-CONCERT-DE-LORQUESTRA-SELVATANA-600x450.jpg 600w, https:\/\/bisbalpenedes.com\/web\/wp-content\/uploads\/2020\/08\/PERSONA-ACCEDINT-AL-CONCERT-DE-LORQUESTRA-SELVATANA-768x576.jpg 768w, https:\/\/bisbalpenedes.com\/web\/wp-content\/uploads\/2020\/08\/PERSONA-ACCEDINT-AL-CONCERT-DE-LORQUESTRA-SELVATANA-1024x768.jpg 1024w\" sizes=\"(max-width: 300px) 100vw, 300px\" \/><\/span><\/p>\n<p style=\"text-align: justify;\"><span style=\"color: #000000;\">La jornada finalitzava amb el concert de Festa Major amb l\u2019Orquestra Selvatana, a l\u2019envelat. Per assistir-hi calia estar empadronat o tenir resid\u00e8ncia al municipi i fer la reserva pr\u00e8via de la cadira, ja que l\u2019aforament era limitat i les localitats es van disposar de forma individual i amb la dist\u00e0ncia que marca la normativa entre unes i altres. Es van fer dos concerts, un a les 20h i un altre a les 23h.<\/span><\/p>\n<p style=\"text-align: justify;\"><span style=\"color: #000000;\"><img loading=\"lazy\" class=\"aligncenter size-medium wp-image-14323\" src=\"http:\/\/bisbalpenedes.com\/web\/wp-content\/uploads\/2020\/08\/ORQUESTRA-SELVATANA-1-300x225.jpg\" alt=\"ORQUESTRA SELVATANA 1\" width=\"300\" height=\"225\" srcset=\"https:\/\/bisbalpenedes.com\/web\/wp-content\/uploads\/2020\/08\/ORQUESTRA-SELVATANA-1-300x225.jpg 300w, https:\/\/bisbalpenedes.com\/web\/wp-content\/uploads\/2020\/08\/ORQUESTRA-SELVATANA-1-600x450.jpg 600w, https:\/\/bisbalpenedes.com\/web\/wp-content\/uploads\/2020\/08\/ORQUESTRA-SELVATANA-1-768x576.jpg 768w, https:\/\/bisbalpenedes.com\/web\/wp-content\/uploads\/2020\/08\/ORQUESTRA-SELVATANA-1-1024x768.jpg 1024w\" sizes=\"(max-width: 300px) 100vw, 300px\" \/><\/span><\/p>\n<p style=\"text-align: justify;\"><span style=\"color: #000000;\"><strong>DIUMENGE 16 D\u2019AGOST<\/strong><\/span><\/p>\n<p style=\"text-align: justify;\"><span style=\"color: #000000;\"><strong>ESPECTACLE INFANTIL ITINERANT<\/strong><\/span><\/p>\n<p style=\"text-align: justify;\"><span style=\"color: #000000;\">El diumenge 16 d\u2019agost, a les 18:00h, va tenir lloc l\u2019espectacle itinerant infantil \u201cResist\u00e8ncia Tour\u201d, amb Pep Callau i els Pepsicolen. La seva camioneta va rec\u00f3rrer els carrers del municipi portant l\u2019alegria, l\u2019humor i la m\u00fasica a petits i a grans.<\/span><\/p>\n<p style=\"text-align: justify;\"><span style=\"color: #000000;\"><img loading=\"lazy\" class=\"aligncenter size-medium wp-image-14324\" src=\"http:\/\/bisbalpenedes.com\/web\/wp-content\/uploads\/2020\/08\/ESPECTACLE-PEP-CALLAU-1-300x200.jpg\" alt=\"ESPECTACLE PEP CALLAU 1\" width=\"300\" height=\"200\" srcset=\"https:\/\/bisbalpenedes.com\/web\/wp-content\/uploads\/2020\/08\/ESPECTACLE-PEP-CALLAU-1-300x200.jpg 300w, https:\/\/bisbalpenedes.com\/web\/wp-content\/uploads\/2020\/08\/ESPECTACLE-PEP-CALLAU-1-600x400.jpg 600w, https:\/\/bisbalpenedes.com\/web\/wp-content\/uploads\/2020\/08\/ESPECTACLE-PEP-CALLAU-1-768x512.jpg 768w, https:\/\/bisbalpenedes.com\/web\/wp-content\/uploads\/2020\/08\/ESPECTACLE-PEP-CALLAU-1-1024x683.jpg 1024w\" sizes=\"(max-width: 300px) 100vw, 300px\" \/><\/span><\/p>\n<p style=\"text-align: justify;\"><span style=\"color: #000000;\"><strong>CONCERT AMB EL GRUP ENSEMBLEB\u00c9<\/strong><\/span><\/p>\n<p style=\"text-align: justify;\"><span style=\"color: #000000;\">Tot seguit va tenir lloc el concert amb el grup EnsembleB\u00e9, organitzat pels Cors Antistiana i Santa Maria. Per assistir-hi tamb\u00e9 calia fer la reserva pr\u00e8via de la cadira.<\/span><\/p>\n<p style=\"text-align: justify;\"><span style=\"color: #000000;\"><img loading=\"lazy\" class=\"aligncenter size-medium wp-image-14325\" src=\"http:\/\/bisbalpenedes.com\/web\/wp-content\/uploads\/2020\/08\/CONCERT-ENSEMBLEBE-1-300x200.jpg\" alt=\"CONCERT ENSEMBLEBE 1\" width=\"300\" height=\"200\" srcset=\"https:\/\/bisbalpenedes.com\/web\/wp-content\/uploads\/2020\/08\/CONCERT-ENSEMBLEBE-1-300x200.jpg 300w, https:\/\/bisbalpenedes.com\/web\/wp-content\/uploads\/2020\/08\/CONCERT-ENSEMBLEBE-1-600x400.jpg 600w, https:\/\/bisbalpenedes.com\/web\/wp-content\/uploads\/2020\/08\/CONCERT-ENSEMBLEBE-1-768x512.jpg 768w, https:\/\/bisbalpenedes.com\/web\/wp-content\/uploads\/2020\/08\/CONCERT-ENSEMBLEBE-1-1024x683.jpg 1024w\" sizes=\"(max-width: 300px) 100vw, 300px\" \/><\/span><\/p>\n<p style=\"text-align: justify;\"><span style=\"color: #000000;\">L\u2019alcaldessa de la Bisbal del Pened\u00e8s, Agn\u00e8s Ferr\u00e9, ha explicat que \u201cdes de l\u2019Ajuntament estem molt agra\u00efts amb els ve\u00efns perqu\u00e8 han complert i respectat totes les mesures per la Covid-19\u201d. Ferr\u00e9 ha afegit que \u201ctenim la gran sort de comptar amb un gran teixit associatiu al poble que ha demostrat, un cop m\u00e9s, la seva empenta i les seves ganes de fer coses. Enguany ens hem hagut de reinventar per\u00f2, tot i aix\u00f2, els Geganters i grallers de la Societat -aix\u00ed com els grallers i tabalers-, el Ball de Diables i Diablons de la Bisbal, el Ball de Gitanes de la Bisbal, la Colla Castellera de la Bisbal del Pened\u00e8s \u2013 Bous, l\u2019ADF Clot de Bou, el Club d\u2019escacs de la Societat, la Joventut Bisbalenca CF i les Corals Antistiana i Santa Maria han demostrat que, amb ganes i empenta, podem fer grans coses tot i les limitacions\u201d. Ferr\u00e9 tamb\u00e9 ha afegit que \u201cenguany tamb\u00e9 fem un agra\u00efment molt especial als nois i noies que han acabat 6\u00e8 de prim\u00e0ria i han estat els protagonistes del preg\u00f3, aix\u00ed com a l\u2019equip docent d l\u2019Escola Ull de Vent per haver acollit la idea amb entusiasme. El preg\u00f3 va ser molt emotiu i entranyable\u201d.<\/span><\/p>\n<p style=\"text-align: justify;\"><span style=\"color: #000000;\">L\u2019alcaldessa ha recordat que els dies 10, 11 i 12 d\u2019agost l\u2019Ajuntament de la Bisbal del Pened\u00e8s va obrir inscripcions per als actes per als quals hi havia un aforament limitat o que s\u2019havia de controlar especialment i ha explicat que \u201cal sopar a la fresca s\u2019hi van apuntar un total de 400 persones, distribu\u00efdes en taules per tot el municipi. La nostra recomanaci\u00f3 era que els grups fossin de familiars o persones del cercle de confian\u00e7a i que els grups no fossin de m\u00e9s de 20 persones\u201d. Quant a la resta d\u2019actes, \u201cels escacs van comptar amb 17 participants, el concert de l\u2019Orquestra Selvatana amb 243 assistents entre les dues sessions i al concert amb el grup Ensembleb\u00e9 s\u2019hi van inscriure 172 persones\u201d. Ferr\u00e9 ha fet un balan\u00e7 positiu de la Festa Major i ha reiterat que \u201caquesta festa ha estat possible gr\u00e0cies a la col\u00b7laboraci\u00f3 de tothom: ve\u00efns, entitats participants, treballadors de l&#8217;Ajuntament, artistes, etc. i al fet que hagin respectat les mesures de prevenci\u00f3 que estan marcant el moment actual\u201d.<\/span><\/p>\n<hr \/>\n<p style=\"text-align: justify;\"><span style=\"color: #000000;\"><strong>CASTELLANO |\u00a0<\/strong>El pasado viernes 14 de agosto la Bisbal del Pened\u00e8s arranc\u00f3 una Fiesta Mayor distinta, adaptada a las medidas de prevenci\u00f3n por la Covid-19. Una de ellas era la obligatoriedad de llevar la mascarilla y, por este motivo, el Ayuntamiento dise\u00f1\u00f3 unas mascarillas para la ocasi\u00f3n, para que los vecinos y las vecinas tuviesen ganas de lucir las mascarillas de la Fiesta Mayor, centradas en los distintos elementos de cultura popular del municipio: \u00a0el Ball de Gitanes, el Ball de Diables i Diablons, La Colla Castellera de la Bisbal del Pened\u00e8s \u2013 Bous y los Geganters i Grallers de la Societat Cultural i Recreativa Bisbalenca. Adem\u00e1s, los elementos de cultura popular del municipio pudieron participar en el pasacalle con una mascarilla a conjunto con su vestuario.<\/span><\/p>\n<p style=\"text-align: justify;\"><span style=\"color: #000000;\">Las mascarillas eran gratuitas y las pod\u00edan reservar y pasar a recoger por el Ayuntamiento de la Bisbal del Pened\u00e8s todas las personas que est\u00e1n empadronadas en el municipio o que tienen una segunda residencia aqu\u00ed.<\/span><\/p>\n<p style=\"text-align: justify;\"><span style=\"color: #000000;\"><strong>EL DISE\u00d1O DE LAS MASCARILLAS DE LA FIESTA MAYOR<\/strong><\/span><\/p>\n<p style=\"text-align: justify;\"><span style=\"color: #000000;\"><img loading=\"lazy\" class=\"aligncenter wp-image-14321 size-medium\" src=\"http:\/\/bisbalpenedes.com\/web\/wp-content\/uploads\/2020\/08\/COLLAGE-MASCARETES-300x300.jpg\" alt=\"COLLAGE MASCARETES\" width=\"300\" height=\"300\" srcset=\"https:\/\/bisbalpenedes.com\/web\/wp-content\/uploads\/2020\/08\/COLLAGE-MASCARETES-300x300.jpg 300w, https:\/\/bisbalpenedes.com\/web\/wp-content\/uploads\/2020\/08\/COLLAGE-MASCARETES-100x100.jpg 100w, https:\/\/bisbalpenedes.com\/web\/wp-content\/uploads\/2020\/08\/COLLAGE-MASCARETES-600x600.jpg 600w, https:\/\/bisbalpenedes.com\/web\/wp-content\/uploads\/2020\/08\/COLLAGE-MASCARETES-150x150.jpg 150w, https:\/\/bisbalpenedes.com\/web\/wp-content\/uploads\/2020\/08\/COLLAGE-MASCARETES-768x768.jpg 768w, https:\/\/bisbalpenedes.com\/web\/wp-content\/uploads\/2020\/08\/COLLAGE-MASCARETES-1024x1024.jpg 1024w, https:\/\/bisbalpenedes.com\/web\/wp-content\/uploads\/2020\/08\/COLLAGE-MASCARETES.jpg 1600w\" sizes=\"(max-width: 300px) 100vw, 300px\" \/><\/span><\/p>\n<p style=\"text-align: justify;\"><span style=\"color: #000000;\">El dise\u00f1o de las mascarillas fue a cargo de Salvador Catal\u00e0 (Kta), trabajador del Ayuntamiento, que explicaba que dise\u00f1ar las mascarillas ha sido todo un reto porqu\u00e9 \u201cme di cuenta de que las mascarillas ten\u00edan dos o tres pliegues y todos los dibujos que pon\u00eda me quedaban cortados o deformados, era imposible hacer que me cuadrase cualquier imagen con tanto pliegue\u201d. Entonces, \u201cuna tarde, Jaume de la Imprenta Ramon del Vendrell me hizo ver que no ten\u00edamos que dibujar los elementos de la fiesta, sino que ten\u00edamos que conseguir el color, la textura, el patr\u00f3n de cada uno de los vestidos de los grupos. As\u00ed, por ejemplo, si ves una tela roja con puntos blancos, ya sabes que es un pa\u00f1uelo de los castellers; si a\u00f1ades un trocito de camisa color calabaza, ya dices: \u00a1son los Bous! Y as\u00ed, con la ayuda de la gente de las entidades, buscamos este esp\u00edritu de cada uno de los elementos que quer\u00edamos representar\u201d.<\/span><\/p>\n<p style=\"text-align: justify;\"><span style=\"color: #000000;\">Las mascarillas, en funci\u00f3n de la entidad, inclu\u00edan el texto \u201cs\u00f3c un gitano\/s\u00f3c una gitana; s\u00f3c un casteller\/s\u00f3c una castellera; diable s\u00f3c d\u2019aquest ball, diablessa s\u00f3c i ser\u00e9; y s\u00f3c un geganter\/s\u00f3c una gegantera\u201d en un lado y la imagen gr\u00e1fica de la Fiesta Mayor Enmascarada en el otro lado.<\/span><\/p>\n<p style=\"text-align: justify;\"><span style=\"color: #000000;\"><strong>LOS ACTOS DE LA FIESTA MAYOR \u2018ENMASCARADA\u2019<\/strong><\/span><\/p>\n<p style=\"text-align: justify;\"><span style=\"color: #000000;\"><strong>14 DE AGOSTO<\/strong><\/span><\/p>\n<p style=\"text-align: justify;\"><span style=\"color: #000000;\"><strong>EL PASACALLE DEL 14 DE AGOSTO<\/strong><\/span><\/p>\n<p style=\"text-align: justify;\"><span style=\"color: #000000;\">Los actos de la Fiesta Mayor \u2018Enmascarada\u2019 empezaron el viernes con un pasacalle que cont\u00f3 con la participaci\u00f3n de los Genganters i Grallers de la Societat, el Ball de Gitanes de la Bisbal, el Ball de Diables i Diablons de la Bisbal y la Colla Castellera de la Bisbal del Pened\u00e8s \u2013 Bous. Todos los participantes llevaban mascarilla, no se lanz\u00f3 pirotecnia y se evit\u00f3 el contacto entre los participantes.<\/span><\/p>\n<div id='gallery-3' class='gallery galleryid-14320 gallery-columns-4 gallery-size-thumbnail'><figure class='gallery-item'>\n\t\t\t<div class='gallery-icon landscape'>\n\t\t\t\t<a href='https:\/\/bisbalpenedes.com\/web\/wp-content\/uploads\/2020\/08\/BALL-DE-DIABLES-CERCAVILA-14-08-20-scaled.jpg'><img width=\"150\" height=\"150\" src=\"https:\/\/bisbalpenedes.com\/web\/wp-content\/uploads\/2020\/08\/BALL-DE-DIABLES-CERCAVILA-14-08-20-150x150.jpg\" class=\"attachment-thumbnail size-thumbnail\" alt=\"\" loading=\"lazy\" srcset=\"https:\/\/bisbalpenedes.com\/web\/wp-content\/uploads\/2020\/08\/BALL-DE-DIABLES-CERCAVILA-14-08-20-150x150.jpg 150w, https:\/\/bisbalpenedes.com\/web\/wp-content\/uploads\/2020\/08\/BALL-DE-DIABLES-CERCAVILA-14-08-20-300x300.jpg 300w, https:\/\/bisbalpenedes.com\/web\/wp-content\/uploads\/2020\/08\/BALL-DE-DIABLES-CERCAVILA-14-08-20-100x100.jpg 100w\" sizes=\"(max-width: 150px) 100vw, 150px\" \/><\/a>\n\t\t\t<\/div><\/figure><figure class='gallery-item'>\n\t\t\t<div class='gallery-icon landscape'>\n\t\t\t\t<a href='https:\/\/bisbalpenedes.com\/web\/wp-content\/uploads\/2020\/08\/BALL-DE-GITANES-CERCAVILA-14-08-20-scaled.jpg'><img width=\"150\" height=\"150\" src=\"https:\/\/bisbalpenedes.com\/web\/wp-content\/uploads\/2020\/08\/BALL-DE-GITANES-CERCAVILA-14-08-20-150x150.jpg\" class=\"attachment-thumbnail size-thumbnail\" alt=\"\" loading=\"lazy\" srcset=\"https:\/\/bisbalpenedes.com\/web\/wp-content\/uploads\/2020\/08\/BALL-DE-GITANES-CERCAVILA-14-08-20-150x150.jpg 150w, https:\/\/bisbalpenedes.com\/web\/wp-content\/uploads\/2020\/08\/BALL-DE-GITANES-CERCAVILA-14-08-20-300x300.jpg 300w, https:\/\/bisbalpenedes.com\/web\/wp-content\/uploads\/2020\/08\/BALL-DE-GITANES-CERCAVILA-14-08-20-100x100.jpg 100w\" sizes=\"(max-width: 150px) 100vw, 150px\" \/><\/a>\n\t\t\t<\/div><\/figure><figure class='gallery-item'>\n\t\t\t<div class='gallery-icon landscape'>\n\t\t\t\t<a href='https:\/\/bisbalpenedes.com\/web\/wp-content\/uploads\/2020\/08\/COLLA-CASTELLERA-CERCAVILA-14-08-20-2-scaled.jpg'><img width=\"150\" height=\"150\" src=\"https:\/\/bisbalpenedes.com\/web\/wp-content\/uploads\/2020\/08\/COLLA-CASTELLERA-CERCAVILA-14-08-20-2-150x150.jpg\" class=\"attachment-thumbnail size-thumbnail\" alt=\"\" loading=\"lazy\" srcset=\"https:\/\/bisbalpenedes.com\/web\/wp-content\/uploads\/2020\/08\/COLLA-CASTELLERA-CERCAVILA-14-08-20-2-150x150.jpg 150w, https:\/\/bisbalpenedes.com\/web\/wp-content\/uploads\/2020\/08\/COLLA-CASTELLERA-CERCAVILA-14-08-20-2-300x300.jpg 300w, https:\/\/bisbalpenedes.com\/web\/wp-content\/uploads\/2020\/08\/COLLA-CASTELLERA-CERCAVILA-14-08-20-2-100x100.jpg 100w\" sizes=\"(max-width: 150px) 100vw, 150px\" \/><\/a>\n\t\t\t<\/div><\/figure><figure class='gallery-item'>\n\t\t\t<div class='gallery-icon landscape'>\n\t\t\t\t<a href='https:\/\/bisbalpenedes.com\/web\/wp-content\/uploads\/2020\/08\/GRALLERS-DE-LA-COLLA-DE-GEGANTERS-CERCAVILA-14-08-20-2-scaled.jpg'><img width=\"150\" height=\"150\" src=\"https:\/\/bisbalpenedes.com\/web\/wp-content\/uploads\/2020\/08\/GRALLERS-DE-LA-COLLA-DE-GEGANTERS-CERCAVILA-14-08-20-2-150x150.jpg\" class=\"attachment-thumbnail size-thumbnail\" alt=\"\" loading=\"lazy\" srcset=\"https:\/\/bisbalpenedes.com\/web\/wp-content\/uploads\/2020\/08\/GRALLERS-DE-LA-COLLA-DE-GEGANTERS-CERCAVILA-14-08-20-2-150x150.jpg 150w, https:\/\/bisbalpenedes.com\/web\/wp-content\/uploads\/2020\/08\/GRALLERS-DE-LA-COLLA-DE-GEGANTERS-CERCAVILA-14-08-20-2-300x300.jpg 300w, https:\/\/bisbalpenedes.com\/web\/wp-content\/uploads\/2020\/08\/GRALLERS-DE-LA-COLLA-DE-GEGANTERS-CERCAVILA-14-08-20-2-100x100.jpg 100w\" sizes=\"(max-width: 150px) 100vw, 150px\" \/><\/a>\n\t\t\t<\/div><\/figure>\n\t\t<\/div>\n\n<p style=\"text-align: justify;\"><span style=\"color: #000000;\"><strong>EL PREG\u00d3N DE LA FIESTA MAYOR \u2018ENMASCARADA\u2019<\/strong><\/span><\/p>\n<p style=\"text-align: justify;\"><span style=\"color: #000000;\">M\u00e1s tarde tuvo lugar el preg\u00f3n de la Fiesta Mayor en el Auditorio Salb\u00e0 del CMC. Este fue a cargo de los alumnos de 6\u00ba de primaria de la Escuela Ull de Vent que han visto como su \u00faltimo curso en la escuela ha estado marcado por la crisis sanitaria y no han podido \u2018despedir\u2019 el curso con normalidad. Por este motivo, desde el Ayuntamiento se les ofreci\u00f3 la opci\u00f3n de protagonizar el preg\u00f3n de la Fiesta Mayor. Lo llevaron a cabo Arnau, Xavi, Laia, Flor, Iv\u00e1n, Samuel, Sara, Guilllem y Mag\u00ed y estuvo cargado de vivencias y recuerdos de la escuela. Se pudo ver <a style=\"color: #000000; text-decoration: underline;\" href=\"https:\/\/youtu.be\/nTL1QSNHyO4\">en directo en Youtube<\/a>. Pudieron acceder al auditorio los familiares directos de los pregoneros, los miembros del equipo docente de la escuela y los miembros de la corporaci\u00f3n municipal. Paralelamente, en la sala grande del CMC se instal\u00f3 una pantalla para que el resto de los alumnos de 6\u00ba y los familiares de estos alumnos, as\u00ed como un miembro de cada entidad del pueblo, pudiesen ver el preg\u00f3n tambi\u00e9n desde el Centre Municipal de Cultura. El resto de la poblaci\u00f3n, como hemos podido apuntar, pudo seguir el preg\u00f3n en Youtube.<\/span><\/p>\n<p style=\"text-align: center;\"><iframe loading=\"lazy\" src=\"https:\/\/www.youtube.com\/embed\/nTL1QSNHyO4\" width=\"560\" height=\"315\" frameborder=\"0\" allowfullscreen=\"allowfullscreen\"><\/iframe><\/p>\n<p style=\"text-align: justify;\"><span style=\"color: #000000;\"><strong>CENA AL AIRE LIBRE CON PASACALLE Y CASTILLO DE FUEGOS ARTIFICIALES<\/strong><\/span><\/p>\n<p style=\"text-align: justify;\"><span style=\"color: #000000;\">A continuaci\u00f3n tuvo lugar una cena al aire libre. Las familias o c\u00edrculos de confianza que as\u00ed lo solicitaron pudieron cenar, juntos, delante de casa, con el acompa\u00f1amiento del pasacalle de la banda Verge de Miseric\u00f2rdia de Reus, que recorri\u00f3 las calles del municipio. A la medianoche el castillo de fuegos ilumin\u00f3 el cielo y la ADF Clot de Bou estuvo presente para llevar a cabo los trabajos de prevenci\u00f3n y, en caso de incidente, extinci\u00f3n de incendios.<\/span><\/p>\n<p style=\"text-align: justify;\"><span style=\"color: #000000;\"><img loading=\"lazy\" class=\"aligncenter wp-image-14335 size-full\" src=\"http:\/\/bisbalpenedes.com\/web\/wp-content\/uploads\/2020\/08\/CASTELL-DE-FOCS-CAMPANAR.png\" alt=\"CASTELL DE FOCS CAMPANAR\" width=\"741\" height=\"307\" srcset=\"https:\/\/bisbalpenedes.com\/web\/wp-content\/uploads\/2020\/08\/CASTELL-DE-FOCS-CAMPANAR.png 741w, https:\/\/bisbalpenedes.com\/web\/wp-content\/uploads\/2020\/08\/CASTELL-DE-FOCS-CAMPANAR-600x249.png 600w, https:\/\/bisbalpenedes.com\/web\/wp-content\/uploads\/2020\/08\/CASTELL-DE-FOCS-CAMPANAR-300x124.png 300w\" sizes=\"(max-width: 741px) 100vw, 741px\" \/><\/span><\/p>\n<p style=\"text-align: justify;\"><span style=\"color: #000000;\"><strong>15 DE AGOSTO<\/strong><\/span><\/p>\n<p style=\"text-align: justify;\"><span style=\"color: #000000;\">El d\u00eda siguiente, 15 de agosto -el d\u00eda de la Madre de Dios de Agosto- Fiesta Mayor de la Bisbal, estuvo marcado por el hecho que este a\u00f1o no se haya podido llevar a cabo la Diada Castellera.<\/span><\/p>\n<p style=\"text-align: justify;\"><span style=\"color: #000000;\"><strong><em>MATINADES<\/em>, MISA SOLEMNE Y PASACALLE<\/strong><\/span><\/p>\n<p style=\"text-align: justify;\"><span style=\"color: #000000;\">La jornada empez\u00f3 con las <em>matinades<\/em> con los grallers i tabalers de la Societat Cultural i Recreativa Bisbalenca y sigui\u00f3 con la misa solemne cantada por las Corals Antistiana y Santa Mar\u00eda. Al finalizar, tuvo lugar un peque\u00f1o pasacalle con el grupo de geganters i grallers de la Societat y el Ball de Gitanes delante de la iglesia.<\/span><\/p>\n<div id='gallery-4' class='gallery galleryid-14320 gallery-columns-3 gallery-size-thumbnail'><figure class='gallery-item'>\n\t\t\t<div class='gallery-icon landscape'>\n\t\t\t\t<a href='https:\/\/bisbalpenedes.com\/web\/wp-content\/uploads\/2020\/08\/MATINADES-1.jpg'><img width=\"150\" height=\"150\" src=\"https:\/\/bisbalpenedes.com\/web\/wp-content\/uploads\/2020\/08\/MATINADES-1-150x150.jpg\" class=\"attachment-thumbnail size-thumbnail\" alt=\"\" loading=\"lazy\" srcset=\"https:\/\/bisbalpenedes.com\/web\/wp-content\/uploads\/2020\/08\/MATINADES-1-150x150.jpg 150w, https:\/\/bisbalpenedes.com\/web\/wp-content\/uploads\/2020\/08\/MATINADES-1-300x300.jpg 300w, https:\/\/bisbalpenedes.com\/web\/wp-content\/uploads\/2020\/08\/MATINADES-1-100x100.jpg 100w\" sizes=\"(max-width: 150px) 100vw, 150px\" \/><\/a>\n\t\t\t<\/div><\/figure><figure class='gallery-item'>\n\t\t\t<div class='gallery-icon landscape'>\n\t\t\t\t<a href='https:\/\/bisbalpenedes.com\/web\/wp-content\/uploads\/2020\/08\/CERCAVILA-15-DAGOST-2.jpg'><img width=\"150\" height=\"150\" src=\"https:\/\/bisbalpenedes.com\/web\/wp-content\/uploads\/2020\/08\/CERCAVILA-15-DAGOST-2-150x150.jpg\" class=\"attachment-thumbnail size-thumbnail\" alt=\"\" loading=\"lazy\" srcset=\"https:\/\/bisbalpenedes.com\/web\/wp-content\/uploads\/2020\/08\/CERCAVILA-15-DAGOST-2-150x150.jpg 150w, https:\/\/bisbalpenedes.com\/web\/wp-content\/uploads\/2020\/08\/CERCAVILA-15-DAGOST-2-300x300.jpg 300w, https:\/\/bisbalpenedes.com\/web\/wp-content\/uploads\/2020\/08\/CERCAVILA-15-DAGOST-2-100x100.jpg 100w\" sizes=\"(max-width: 150px) 100vw, 150px\" \/><\/a>\n\t\t\t<\/div><\/figure><figure class='gallery-item'>\n\t\t\t<div class='gallery-icon landscape'>\n\t\t\t\t<a href='https:\/\/bisbalpenedes.com\/web\/wp-content\/uploads\/2020\/08\/CERCAVILA-15-DAGOST.jpg'><img width=\"150\" height=\"150\" src=\"https:\/\/bisbalpenedes.com\/web\/wp-content\/uploads\/2020\/08\/CERCAVILA-15-DAGOST-150x150.jpg\" class=\"attachment-thumbnail size-thumbnail\" alt=\"\" loading=\"lazy\" srcset=\"https:\/\/bisbalpenedes.com\/web\/wp-content\/uploads\/2020\/08\/CERCAVILA-15-DAGOST-150x150.jpg 150w, https:\/\/bisbalpenedes.com\/web\/wp-content\/uploads\/2020\/08\/CERCAVILA-15-DAGOST-300x300.jpg 300w, https:\/\/bisbalpenedes.com\/web\/wp-content\/uploads\/2020\/08\/CERCAVILA-15-DAGOST-100x100.jpg 100w\" sizes=\"(max-width: 150px) 100vw, 150px\" \/><\/a>\n\t\t\t<\/div><\/figure>\n\t\t<\/div>\n\n<p style=\"text-align: justify;\"><span style=\"color: #000000;\"><strong>LA DIADA CASTELLERA \u2018CONFINADA\u2019<\/strong><\/span><\/p>\n<p style=\"text-align: justify;\"><span style=\"color: #000000;\">Como la Diada Castellera con la Colla Castellera de la Bisbal del Pened\u00e8s \u2013 Bous, els Castellers de Vilafranca, la Colla Vella dels Xiquets de Valls y la Colla Joves Xiquets de Valls no se pudo llevar a cabo, el Ayuntamiento de la Bisbal del Pened\u00e8s, junto con las collas, prepar\u00f3 un <a style=\"color: #000000; text-decoration: underline;\" href=\"https:\/\/youtu.be\/u18l3NX-hDE\">audiovisual<\/a> sobre la diada de la Bisbal que se estren\u00f3 a las 13h en Youtube.<\/span><\/p>\n<p style=\"text-align: center;\"><iframe loading=\"lazy\" src=\"https:\/\/www.youtube.com\/embed\/u18l3NX-hDE\" width=\"560\" height=\"315\" frameborder=\"0\" allowfullscreen=\"allowfullscreen\"><\/iframe><\/p>\n<p style=\"text-align: justify;\"><span style=\"color: #000000;\"><strong>F\u00daTBOL DE FIESTA MAYOR Y AJEDREZ AL AIRE LIBRE<\/strong><\/span><\/p>\n<p style=\"text-align: justify;\"><span style=\"color: #000000;\">A partir de las 18:30h se llev\u00f3 a cabo el tradicional partido de f\u00fatbol de la Fiesta Mayor \u201837\u00ba Trofeo Josep Rovira Andreu\u2019. En esta ocasi\u00f3n jugaron la Joventut Bisbalenca y el C.F. Cubelles y el partido se desarroll\u00f3 a puerta cerrada. En paralelo se llevaron a cabo las partidas simult\u00e1neas de ajedrez en la plaza Sant Jordi, organizadas desde el Club de ajedrez de la Societat.<\/span><\/p>\n<p style=\"text-align: justify;\"><span style=\"color: #000000;\"><img loading=\"lazy\" class=\"aligncenter size-medium wp-image-14326\" src=\"http:\/\/bisbalpenedes.com\/web\/wp-content\/uploads\/2020\/08\/MOMENT-DEL-PARTIT-300x200.jpg\" alt=\"MOMENT DEL PARTIT\" width=\"300\" height=\"200\" srcset=\"https:\/\/bisbalpenedes.com\/web\/wp-content\/uploads\/2020\/08\/MOMENT-DEL-PARTIT-300x200.jpg 300w, https:\/\/bisbalpenedes.com\/web\/wp-content\/uploads\/2020\/08\/MOMENT-DEL-PARTIT-600x400.jpg 600w, https:\/\/bisbalpenedes.com\/web\/wp-content\/uploads\/2020\/08\/MOMENT-DEL-PARTIT-768x512.jpg 768w, https:\/\/bisbalpenedes.com\/web\/wp-content\/uploads\/2020\/08\/MOMENT-DEL-PARTIT-1024x683.jpg 1024w\" sizes=\"(max-width: 300px) 100vw, 300px\" \/><img loading=\"lazy\" class=\"aligncenter size-medium wp-image-14327\" src=\"http:\/\/bisbalpenedes.com\/web\/wp-content\/uploads\/2020\/08\/ESCACS-A-LA-FRESCA-2-300x200.jpg\" alt=\"ESCACS A LA FRESCA 2\" width=\"300\" height=\"200\" srcset=\"https:\/\/bisbalpenedes.com\/web\/wp-content\/uploads\/2020\/08\/ESCACS-A-LA-FRESCA-2-300x200.jpg 300w, https:\/\/bisbalpenedes.com\/web\/wp-content\/uploads\/2020\/08\/ESCACS-A-LA-FRESCA-2-600x400.jpg 600w, https:\/\/bisbalpenedes.com\/web\/wp-content\/uploads\/2020\/08\/ESCACS-A-LA-FRESCA-2-768x512.jpg 768w, https:\/\/bisbalpenedes.com\/web\/wp-content\/uploads\/2020\/08\/ESCACS-A-LA-FRESCA-2-1024x683.jpg 1024w\" sizes=\"(max-width: 300px) 100vw, 300px\" \/><\/span><\/p>\n<p style=\"text-align: justify;\"><span style=\"color: #000000;\"><strong>CONCIERTO DE FIESTA MAYOR CON LA ORQUESTRA SELVATANA<\/strong><\/span><\/p>\n<p style=\"text-align: justify;\"><span style=\"color: #000000;\"><img loading=\"lazy\" class=\"aligncenter size-medium wp-image-14322\" src=\"http:\/\/bisbalpenedes.com\/web\/wp-content\/uploads\/2020\/08\/PERSONA-ACCEDINT-AL-CONCERT-DE-LORQUESTRA-SELVATANA-300x225.jpg\" alt=\"PERSONA ACCEDINT AL CONCERT DE L'ORQUESTRA SELVATANA\" width=\"300\" height=\"225\" srcset=\"https:\/\/bisbalpenedes.com\/web\/wp-content\/uploads\/2020\/08\/PERSONA-ACCEDINT-AL-CONCERT-DE-LORQUESTRA-SELVATANA-300x225.jpg 300w, https:\/\/bisbalpenedes.com\/web\/wp-content\/uploads\/2020\/08\/PERSONA-ACCEDINT-AL-CONCERT-DE-LORQUESTRA-SELVATANA-600x450.jpg 600w, https:\/\/bisbalpenedes.com\/web\/wp-content\/uploads\/2020\/08\/PERSONA-ACCEDINT-AL-CONCERT-DE-LORQUESTRA-SELVATANA-768x576.jpg 768w, https:\/\/bisbalpenedes.com\/web\/wp-content\/uploads\/2020\/08\/PERSONA-ACCEDINT-AL-CONCERT-DE-LORQUESTRA-SELVATANA-1024x768.jpg 1024w\" sizes=\"(max-width: 300px) 100vw, 300px\" \/><\/span><\/p>\n<p style=\"text-align: justify;\"><span style=\"color: #000000;\">La jornada finalizaba con el concierto de Fiesta Mayor con la Orquestra Selvatana, en el entoldado. Para asistir al mismo hab\u00eda que estar empadronado o tener residencia en el municipio y hacer la reserva previa de la silla, ya que el aforo era limitado y las localidades se dispusieron de forma individual y con la distancia que marca la normativa entre unas y otros. Se hicieron dos conciertos, uno a las 20h y otro a las 23h.<\/span><\/p>\n<p style=\"text-align: justify;\"><span style=\"color: #000000;\"><img loading=\"lazy\" class=\"aligncenter size-medium wp-image-14323\" src=\"http:\/\/bisbalpenedes.com\/web\/wp-content\/uploads\/2020\/08\/ORQUESTRA-SELVATANA-1-300x225.jpg\" alt=\"ORQUESTRA SELVATANA 1\" width=\"300\" height=\"225\" srcset=\"https:\/\/bisbalpenedes.com\/web\/wp-content\/uploads\/2020\/08\/ORQUESTRA-SELVATANA-1-300x225.jpg 300w, https:\/\/bisbalpenedes.com\/web\/wp-content\/uploads\/2020\/08\/ORQUESTRA-SELVATANA-1-600x450.jpg 600w, https:\/\/bisbalpenedes.com\/web\/wp-content\/uploads\/2020\/08\/ORQUESTRA-SELVATANA-1-768x576.jpg 768w, https:\/\/bisbalpenedes.com\/web\/wp-content\/uploads\/2020\/08\/ORQUESTRA-SELVATANA-1-1024x768.jpg 1024w\" sizes=\"(max-width: 300px) 100vw, 300px\" \/><\/span><\/p>\n<p style=\"text-align: justify;\"><span style=\"color: #000000;\"><strong>DOMINGO 16 DE AGOSTO<\/strong><\/span><\/p>\n<p style=\"text-align: justify;\"><span style=\"color: #000000;\"><strong>ESPECT\u00c1CULO INFANTIL ITINERANTE<\/strong><\/span><\/p>\n<p style=\"text-align: justify;\"><span style=\"color: #000000;\">El domingo 16 de agosto, a las 18:00h, tuvo lugar el espect\u00e1culo itinerante infantil \u201cResist\u00e8ncia Tour\u201d, con Pep Callau y los Pepsicolen. Su camioneta recorri\u00f3 las calles del municipio llevando la alegr\u00eda, el humor y la m\u00fasica a peque\u00f1os y mayores.<\/span><\/p>\n<p style=\"text-align: justify;\"><span style=\"color: #000000;\"><img loading=\"lazy\" class=\"aligncenter size-medium wp-image-14324\" src=\"http:\/\/bisbalpenedes.com\/web\/wp-content\/uploads\/2020\/08\/ESPECTACLE-PEP-CALLAU-1-300x200.jpg\" alt=\"ESPECTACLE PEP CALLAU 1\" width=\"300\" height=\"200\" srcset=\"https:\/\/bisbalpenedes.com\/web\/wp-content\/uploads\/2020\/08\/ESPECTACLE-PEP-CALLAU-1-300x200.jpg 300w, https:\/\/bisbalpenedes.com\/web\/wp-content\/uploads\/2020\/08\/ESPECTACLE-PEP-CALLAU-1-600x400.jpg 600w, https:\/\/bisbalpenedes.com\/web\/wp-content\/uploads\/2020\/08\/ESPECTACLE-PEP-CALLAU-1-768x512.jpg 768w, https:\/\/bisbalpenedes.com\/web\/wp-content\/uploads\/2020\/08\/ESPECTACLE-PEP-CALLAU-1-1024x683.jpg 1024w\" sizes=\"(max-width: 300px) 100vw, 300px\" \/><\/span><\/p>\n<p style=\"text-align: justify;\"><span style=\"color: #000000;\"><strong>CONCIERTO CON EL GRUPO ENSEMBLEB\u00c9<\/strong><\/span><\/p>\n<p style=\"text-align: justify;\"><span style=\"color: #000000;\">A continuaci\u00f3n tuvo lugar el concierto con el grupo EnsembleB\u00e9, organizado por los Coros Antistiana y Santa Mar\u00eda. Para asistir al concierto tambi\u00e9n hac\u00eda que hacer la reserva previa de la silla.<\/span><\/p>\n<p style=\"text-align: justify;\"><span style=\"color: #000000;\"><img loading=\"lazy\" class=\"aligncenter size-medium wp-image-14325\" src=\"http:\/\/bisbalpenedes.com\/web\/wp-content\/uploads\/2020\/08\/CONCERT-ENSEMBLEBE-1-300x200.jpg\" alt=\"CONCERT ENSEMBLEBE 1\" width=\"300\" height=\"200\" srcset=\"https:\/\/bisbalpenedes.com\/web\/wp-content\/uploads\/2020\/08\/CONCERT-ENSEMBLEBE-1-300x200.jpg 300w, https:\/\/bisbalpenedes.com\/web\/wp-content\/uploads\/2020\/08\/CONCERT-ENSEMBLEBE-1-600x400.jpg 600w, https:\/\/bisbalpenedes.com\/web\/wp-content\/uploads\/2020\/08\/CONCERT-ENSEMBLEBE-1-768x512.jpg 768w, https:\/\/bisbalpenedes.com\/web\/wp-content\/uploads\/2020\/08\/CONCERT-ENSEMBLEBE-1-1024x683.jpg 1024w\" sizes=\"(max-width: 300px) 100vw, 300px\" \/><\/span><\/p>\n<p style=\"text-align: justify;\"><span style=\"color: #000000;\">La alcaldesa de la Bisbal del Pened\u00e8s, Agn\u00e8s Ferr\u00e9, ha explicado que \u201cdesde el Ayuntamiento estamos muy agradecidos con los vecinos porqu\u00e9 han cumplido y respetado todas las medidas por la Covid-19\u201d. Ferr\u00e9 ha a\u00f1adido que \u201ctenemos la gran suerte de contar con un gran tejido asociativo en el pueblo que ha demostrado, una vez m\u00e1s, su empuje y sus ganas de hacer cosas. Este a\u00f1o nos hemos tenido que reinventar pero, aun as\u00ed, los Geganters i grallers de la Societat -as\u00ed como los grallers i tabalers-, el Ball de Diables i Diablons de la Bisbal, el Ball de Gitanes de la Bisbal, la Colla Castellera la Bisbal del Pened\u00e8s \u2013 Bous, la ADF Clot de Bou, el Club de ajedrez de la Societat, la Joventut Bisbalenca CF y las Corals Antistiana y Santa Mar\u00eda han demostrado que, con ganas y empuje, podemos hacer grandes cosas aun con las limitaciones\u201d. Ferr\u00e9 tambi\u00e9n ha a\u00f1adido que \u201ceste a\u00f1o tambi\u00e9n hacemos un agradecimiento muy especial a los chicos y chicas que han finalizado 6\u00ba de primaria y han sido los protagonistas del preg\u00f3n, as\u00ed como al equipo docente de la Escuela Ull de Vent por haber acogido la idea con entusiasmo. El preg\u00f3n fue muy emotivo y entra\u00f1able\u201d.<\/span><\/p>\n<p style=\"text-align: justify;\"><span style=\"color: #000000;\">La alcaldesa ha recordado que los d\u00edas 10, 11 y 12 de agosto el Ayuntamiento de la Bisbal del Pened\u00e8s abri\u00f3 las inscripciones para los actos para los que hab\u00eda un aforo limitado que se ten\u00eda que controlar especialmente y ha explicado que \u201ca la cena al aire libre se apuntaron un total de 400 personas, distribuidas en mesas por todo el municipio. Nuestra recomendaci\u00f3n era que los grupos fuesen de familiares o personas del c\u00edrculo de confianza y que los grupos no fuesen de m\u00e1s de 20 personas\u201d. En cuanto al resto de actos, \u201cel ajedrez cont\u00f3 con 17 participantes, el concierto de la Orquestra Selvatana con 243 asistentes entre ambas sesiones y al concierto con el grupo Ensembleb\u00e9 se inscribieron 172 personas\u201d. Ferr\u00e9 ha hecho un balance positivo de la Fiesta Mayor y ha reiterado que \u201cesta fiesta ha sido posible gracias a la colaboraci\u00f3n de todo el mundo: vecinos, entidades participantes, trabajadores del Ayuntamiento, artistas, etc. y al hecho que hayan respetado las medidas de prevenci\u00f3n que est\u00e1n marcando el momento actual\u201d.<\/span><\/p>\n<p>&nbsp;<\/p>\n<p>&nbsp;<\/p>\n<p>&nbsp;<\/p>\n","protected":false},"excerpt":{"rendered":"<p>El passat divendres 14 d\u2019agost la Bisbal del Pened\u00e8s va engegar una Festa Major diferent, adaptada a les mesures de prevenci\u00f3 per la Covid-19. Una d\u2019elles era l\u2019obligatorietat de portar &hellip; <a href=\"https:\/\/bisbalpenedes.com\/web\/2020\/08\/17\/la-bisbal-del-penedes-ha-celebrat-la-festa-major-emmascarada-del-14-al-16-dagost\/\" class=\"more-link\">Read More<\/a><\/p>\n","protected":false},"author":4,"featured_media":14321,"comment_status":"closed","ping_status":"closed","sticky":false,"template":"","format":"standard","meta":[],"categories":[2161,1042,8],"tags":[3981,3972],"_links":{"self":[{"href":"https:\/\/bisbalpenedes.com\/web\/wp-json\/wp\/v2\/posts\/14320"}],"collection":[{"href":"https:\/\/bisbalpenedes.com\/web\/wp-json\/wp\/v2\/posts"}],"about":[{"href":"https:\/\/bisbalpenedes.com\/web\/wp-json\/wp\/v2\/types\/post"}],"author":[{"embeddable":true,"href":"https:\/\/bisbalpenedes.com\/web\/wp-json\/wp\/v2\/users\/4"}],"replies":[{"embeddable":true,"href":"https:\/\/bisbalpenedes.com\/web\/wp-json\/wp\/v2\/comments?post=14320"}],"version-history":[{"count":4,"href":"https:\/\/bisbalpenedes.com\/web\/wp-json\/wp\/v2\/posts\/14320\/revisions"}],"predecessor-version":[{"id":14339,"href":"https:\/\/bisbalpenedes.com\/web\/wp-json\/wp\/v2\/posts\/14320\/revisions\/14339"}],"wp:featuredmedia":[{"embeddable":true,"href":"https:\/\/bisbalpenedes.com\/web\/wp-json\/wp\/v2\/media\/14321"}],"wp:attachment":[{"href":"https:\/\/bisbalpenedes.com\/web\/wp-json\/wp\/v2\/media?parent=14320"}],"wp:term":[{"taxonomy":"category","embeddable":true,"href":"https:\/\/bisbalpenedes.com\/web\/wp-json\/wp\/v2\/categories?post=14320"},{"taxonomy":"post_tag","embeddable":true,"href":"https:\/\/bisbalpenedes.com\/web\/wp-json\/wp\/v2\/tags?post=14320"}],"curies":[{"name":"wp","href":"https:\/\/api.w.org\/{rel}","templated":true}]}}