{"id":14311,"date":"2020-08-14T14:21:19","date_gmt":"2020-08-14T12:21:19","guid":{"rendered":"http:\/\/bisbalpenedes.com\/web\/?p=14311"},"modified":"2020-08-14T14:21:19","modified_gmt":"2020-08-14T12:21:19","slug":"enllac-per-veure-el-video-especial-diada-castellera-confinada-estrena-dissabte-15-dagost-a-les-13h","status":"publish","type":"post","link":"https:\/\/bisbalpenedes.com\/web\/2020\/08\/14\/enllac-per-veure-el-video-especial-diada-castellera-confinada-estrena-dissabte-15-dagost-a-les-13h\/","title":{"rendered":"Enlla\u00e7 per veure el v\u00eddeo especial Diada castellera confinada &#8211; Estrena dissabte 15 d&#8217;agost a les 13h"},"content":{"rendered":"<p style=\"text-align: justify;\"><span style=\"color: #000000;\">Aqu\u00ed teniu l&#8217;enlla\u00e7 per veure el v\u00eddeo especial de la Diada castellera confinada amb els Castellers de Vilafranca, la Colla Joves Xiquets de Valls, la Colla Vella dels Xiquets de Valls i la Colla Castellera La Bisbal del Pened\u00e8s.<\/span><\/p>\n<p style=\"text-align: justify;\"><span style=\"color: #000000;\">S&#8217;estrenar\u00e0 el dissabte 15 d&#8217;agost a les 13h.<\/span><\/p>\n<p style=\"text-align: justify;\"><span style=\"color: #000000;\">Enlla\u00e7:<\/span>\u00a0<a href=\"https:\/\/youtu.be\/u18l3NX-hDE?fbclid=IwAR2agY840cPlwkgPaYKqQ8tEamEeCqUZ458Zu3UDwxVE0OVTSH8lpupZRPI\" target=\"_blank\" rel=\"noopener nofollow\" data-ft=\"{&quot;tn&quot;:&quot;-U&quot;}\" data-lynx-mode=\"async\" data-lynx-uri=\"https:\/\/l.facebook.com\/l.php?u=https%3A%2F%2Fyoutu.be%2Fu18l3NX-hDE%3Ffbclid%3DIwAR2agY840cPlwkgPaYKqQ8tEamEeCqUZ458Zu3UDwxVE0OVTSH8lpupZRPI&amp;h=AT0v8ZaGYiY52Jtm9s26blo2K7ME6UsXM2wNG5bB53pM4XXS3cq2nFq0RDlLVkxnbRzt5ETHNlMHnaw1SUdrG3UHQTWq7PPetMUZA0OsKzmDXNQIOpAAMuH4B5IzqpQkO1tzgukY8OqgQwBCS8O6NQF-HvrTr4Tyiqo4FlCAOZp1qpgWxSQdorHgWvYJvTIpONd9jUlHZzvEtEzIIkr01yVYMB66z9CC9uv200O-QvJ-qoi4HtpuYJw4X38U5GoSCyWS_CqTTHaIIHfHqCMGx7mt_UaBYNuJ-uHbISfdkOBc1HMpTc_vLpizwKZwBBe1hUa6YbQB-49lmsP43CXg6UVjYFia4Wjb_F-CqEs0vyEAtld__bQgj60xFKoNoKRBSAnq2iZaJao6SGrmPA0v8jt3_mWRhEXscRt_iJwLgfG332OTnlSz2TaHMNElch2N1H47OWZmtNAoLvqtVS8GPfXn1x8gzhfoO3MTAcFCiXBoPdm2H92Ze2GhKxeUq_xgFYA-uR7Vvh_5P9-3v5HmPzCHpGuiw3BHNqVd-iSQVEm0mubQ2cB6TweHcqtO-7yID_baiC2FNcGiud-x5esOSNjLO7EoemwJ68B_ZY-yZIJHwJ8JjeD16HO_ArT7VrQ44yKJgbM\">https:\/\/youtu.be\/u18l3NX-hDE<\/a><\/p>\n<hr \/>\n<div class=\"text_exposed_show\">\n<p style=\"text-align: justify;\"><span style=\"color: #000000;\">Aqu\u00ed ten\u00e9is el enlace para ver el v\u00eddeo especial de la Diada castellera confinada con los Castellers de Vilafranca, la Colla Joves Xiquets de Valls, la Colla Vella dels Xiquets de Valls y la Colla Castellera La Bisbal del Pened\u00e8s.<\/span><br \/>\n<span style=\"color: #000000;\">Se estrenar\u00e1\u00a0el s\u00e1bado 15 de agosto a las 13h.<\/span><br \/>\n<span style=\"color: #000000;\">Enlace:<\/span>\u00a0<a href=\"https:\/\/youtu.be\/u18l3NX-hDE?fbclid=IwAR1wKiALlmYHW1JWiYJSNwE5E2wnYKvir563fIN1CCNnqhoWbh6BdwhQZ7c\" target=\"_blank\" rel=\"noopener nofollow\" data-ft=\"{&quot;tn&quot;:&quot;-U&quot;}\" data-lynx-mode=\"async\" data-lynx-uri=\"https:\/\/l.facebook.com\/l.php?u=https%3A%2F%2Fyoutu.be%2Fu18l3NX-hDE%3Ffbclid%3DIwAR1wKiALlmYHW1JWiYJSNwE5E2wnYKvir563fIN1CCNnqhoWbh6BdwhQZ7c&amp;h=AT3CnKk7H3ozqDl3c1UKcsN3CG5TsIlDp18-V-DCQfBw7pq7ihmj3LNZ2OzcrIj_Ub64BakeEzJ4Ulpf-JABHAL2khVJilDmEZFTPpAaZV7havj0JO0cnXv9tiyGkMh4JBe6hD9YCdTrDxW6DXnQsig6qTVWduaEeDszW_29Zc-ZlohKdsj3_9dZZhaMPaknE-7g0iMiB9dN3jHf4SVnDlNy9hPBoS_AGmGAEZa1FMc6KWJ-MdV653ichlLtrwCN_pA4okMd9Su5tdZFM8MW_ccmRvhiDQ7lbgHGfEi-8dENJW0Dja5kEkOJaO1PewSpUGl-ilI6aBmcfWjiffuat9ksr26XV7J5OlzltKArpdnry7PItmf9D8LI0IdmUdB9U4ybmef-cJqCTM42nXrLqlg3SZhGedQG9nZLsSqEgN51JO5vAGG2266zRCMY8bsxsn5_Fs2AlqFSnOQS4Dbkwc8vnZokjIov5c-Er1r0TDMhGcXbSK0ZzK2TwYhkriKVo5Z2hh0CIWas1uKKogFZwYNxbzi_pB-rKH_neZxMCMe5waTj9Mb2evuP4f4nOManVxW0iCIyVIHHD_Cot1c4jnouNLu-jA9HEAuOpVBKy1JyPrcgMQSZGcBtscnZuo2LaRz78Ks\">https:\/\/youtu.be\/u18l3NX-hDE<\/a><\/p>\n<\/div>\n","protected":false},"excerpt":{"rendered":"<p>Aqu\u00ed teniu l&#8217;enlla\u00e7 per veure el v\u00eddeo especial de la Diada castellera confinada amb els Castellers de Vilafranca, la Colla Joves Xiquets de Valls, la Colla Vella dels Xiquets de &hellip; <a href=\"https:\/\/bisbalpenedes.com\/web\/2020\/08\/14\/enllac-per-veure-el-video-especial-diada-castellera-confinada-estrena-dissabte-15-dagost-a-les-13h\/\" class=\"more-link\">Read More<\/a><\/p>\n","protected":false},"author":4,"featured_media":14247,"comment_status":"closed","ping_status":"closed","sticky":false,"template":"","format":"standard","meta":[],"categories":[2161,1042,8],"tags":[377,379,3977,1720,1220,3975,3972,3976],"_links":{"self":[{"href":"https:\/\/bisbalpenedes.com\/web\/wp-json\/wp\/v2\/posts\/14311"}],"collection":[{"href":"https:\/\/bisbalpenedes.com\/web\/wp-json\/wp\/v2\/posts"}],"about":[{"href":"https:\/\/bisbalpenedes.com\/web\/wp-json\/wp\/v2\/types\/post"}],"author":[{"embeddable":true,"href":"https:\/\/bisbalpenedes.com\/web\/wp-json\/wp\/v2\/users\/4"}],"replies":[{"embeddable":true,"href":"https:\/\/bisbalpenedes.com\/web\/wp-json\/wp\/v2\/comments?post=14311"}],"version-history":[{"count":1,"href":"https:\/\/bisbalpenedes.com\/web\/wp-json\/wp\/v2\/posts\/14311\/revisions"}],"predecessor-version":[{"id":14312,"href":"https:\/\/bisbalpenedes.com\/web\/wp-json\/wp\/v2\/posts\/14311\/revisions\/14312"}],"wp:featuredmedia":[{"embeddable":true,"href":"https:\/\/bisbalpenedes.com\/web\/wp-json\/wp\/v2\/media\/14247"}],"wp:attachment":[{"href":"https:\/\/bisbalpenedes.com\/web\/wp-json\/wp\/v2\/media?parent=14311"}],"wp:term":[{"taxonomy":"category","embeddable":true,"href":"https:\/\/bisbalpenedes.com\/web\/wp-json\/wp\/v2\/categories?post=14311"},{"taxonomy":"post_tag","embeddable":true,"href":"https:\/\/bisbalpenedes.com\/web\/wp-json\/wp\/v2\/tags?post=14311"}],"curies":[{"name":"wp","href":"https:\/\/api.w.org\/{rel}","templated":true}]}}