{"id":14306,"date":"2020-08-14T14:00:04","date_gmt":"2020-08-14T12:00:04","guid":{"rendered":"http:\/\/bisbalpenedes.com\/web\/?p=14306"},"modified":"2020-08-14T14:00:04","modified_gmt":"2020-08-14T12:00:04","slug":"enllac-per-seguir-el-prego-de-la-festa-major-en-directe-a-youtube","status":"publish","type":"post","link":"https:\/\/bisbalpenedes.com\/web\/2020\/08\/14\/enllac-per-seguir-el-prego-de-la-festa-major-en-directe-a-youtube\/","title":{"rendered":"Enlla\u00e7 per seguir el preg\u00f3 de la Festa Major en directe, a Youtube"},"content":{"rendered":"<div class=\"\" data-block=\"true\" data-editor=\"5se3e\" data-offset-key=\"8n5ql-0-0\">\n<div class=\"_1mf _1mj\" data-offset-key=\"8n5ql-0-0\"><span data-offset-key=\"8n5ql-4-0\"><span style=\"color: #000000;\">Avui divendres, partir de les 20:30h podreu seguir, en directe, el preg\u00f3 de Festa Major. Anir\u00e0 a c\u00e0rrec dels alumnes de 6\u00e8 de prim\u00e0ria de l&#8217;Escola P\u00fablica Ull de Vent, a trav\u00e9s d&#8217;aquest enlla\u00e7:<\/span> <a href=\"https:\/\/youtu.be\/nTL1QSNHyO4\" target=\"_blank\">https:\/\/youtu.be\/nTL1QSNHyO4<\/a><\/span><\/div>\n<\/div>\n<div class=\"\" data-block=\"true\" data-editor=\"5se3e\" data-offset-key=\"757qg-0-0\">\n<div class=\"_1mf _1mj\" data-offset-key=\"757qg-0-0\">\n<hr \/>\n<\/div>\n<\/div>\n<div class=\"\" data-block=\"true\" data-editor=\"5se3e\" data-offset-key=\"a02f8-0-0\">\n<div class=\"_1mf _1mj\" data-offset-key=\"a02f8-0-0\"><span data-offset-key=\"a02f8-1-0\"><span style=\"color: #000000;\">A partir de las 20:30h podr\u00e9is seguir, en directo, el preg\u00f3n de la Fiesta Mayor. Ir\u00e1 a cargo de los alumnos de 6\u00ba de primaria de la Escuela Ull de Vent, a trav\u00e9s de este enlace:<\/span> <a href=\"https:\/\/youtu.be\/nTL1QSNHyO4\" target=\"_blank\">https:\/\/youtu.be\/nTL1QSNHyO4<\/a><\/span><\/div>\n<\/div>\n","protected":false},"excerpt":{"rendered":"<p>Avui divendres, partir de les 20:30h podreu seguir, en directe, el preg\u00f3 de Festa Major. Anir\u00e0 a c\u00e0rrec dels alumnes de 6\u00e8 de prim\u00e0ria de l&#8217;Escola P\u00fablica Ull de Vent, &hellip; <a href=\"https:\/\/bisbalpenedes.com\/web\/2020\/08\/14\/enllac-per-seguir-el-prego-de-la-festa-major-en-directe-a-youtube\/\" class=\"more-link\">Read More<\/a><\/p>\n","protected":false},"author":4,"featured_media":14247,"comment_status":"closed","ping_status":"closed","sticky":false,"template":"","format":"standard","meta":[],"categories":[2161,1042,8],"tags":[2079,337,690],"_links":{"self":[{"href":"https:\/\/bisbalpenedes.com\/web\/wp-json\/wp\/v2\/posts\/14306"}],"collection":[{"href":"https:\/\/bisbalpenedes.com\/web\/wp-json\/wp\/v2\/posts"}],"about":[{"href":"https:\/\/bisbalpenedes.com\/web\/wp-json\/wp\/v2\/types\/post"}],"author":[{"embeddable":true,"href":"https:\/\/bisbalpenedes.com\/web\/wp-json\/wp\/v2\/users\/4"}],"replies":[{"embeddable":true,"href":"https:\/\/bisbalpenedes.com\/web\/wp-json\/wp\/v2\/comments?post=14306"}],"version-history":[{"count":1,"href":"https:\/\/bisbalpenedes.com\/web\/wp-json\/wp\/v2\/posts\/14306\/revisions"}],"predecessor-version":[{"id":14307,"href":"https:\/\/bisbalpenedes.com\/web\/wp-json\/wp\/v2\/posts\/14306\/revisions\/14307"}],"wp:featuredmedia":[{"embeddable":true,"href":"https:\/\/bisbalpenedes.com\/web\/wp-json\/wp\/v2\/media\/14247"}],"wp:attachment":[{"href":"https:\/\/bisbalpenedes.com\/web\/wp-json\/wp\/v2\/media?parent=14306"}],"wp:term":[{"taxonomy":"category","embeddable":true,"href":"https:\/\/bisbalpenedes.com\/web\/wp-json\/wp\/v2\/categories?post=14306"},{"taxonomy":"post_tag","embeddable":true,"href":"https:\/\/bisbalpenedes.com\/web\/wp-json\/wp\/v2\/tags?post=14306"}],"curies":[{"name":"wp","href":"https:\/\/api.w.org\/{rel}","templated":true}]}}