{"id":14301,"date":"2020-08-14T12:03:27","date_gmt":"2020-08-14T10:03:27","guid":{"rendered":"http:\/\/bisbalpenedes.com\/web\/?p=14301"},"modified":"2020-08-14T12:04:20","modified_gmt":"2020-08-14T10:04:20","slug":"jove-vols-guanyar-una-camera-polaroid-o-un-altaveu-portatil-doncs-participa-en-el-videobox-emmascarat","status":"publish","type":"post","link":"https:\/\/bisbalpenedes.com\/web\/2020\/08\/14\/jove-vols-guanyar-una-camera-polaroid-o-un-altaveu-portatil-doncs-participa-en-el-videobox-emmascarat\/","title":{"rendered":"Jove! Vols guanyar una c\u00e0mera Polaroid o un altaveu port\u00e0til? Doncs participa en el Videobox Emmascarat!"},"content":{"rendered":"<p><img loading=\"lazy\" class=\"aligncenter size-large wp-image-14302\" src=\"http:\/\/bisbalpenedes.com\/web\/wp-content\/uploads\/2020\/08\/VIDEOBOX-CARTELL-1024x918.jpg\" alt=\"VIDEOBOX-CARTELL\" width=\"630\" height=\"565\" srcset=\"https:\/\/bisbalpenedes.com\/web\/wp-content\/uploads\/2020\/08\/VIDEOBOX-CARTELL-1024x918.jpg 1024w, https:\/\/bisbalpenedes.com\/web\/wp-content\/uploads\/2020\/08\/VIDEOBOX-CARTELL-600x538.jpg 600w, https:\/\/bisbalpenedes.com\/web\/wp-content\/uploads\/2020\/08\/VIDEOBOX-CARTELL-300x269.jpg 300w, https:\/\/bisbalpenedes.com\/web\/wp-content\/uploads\/2020\/08\/VIDEOBOX-CARTELL-768x688.jpg 768w, https:\/\/bisbalpenedes.com\/web\/wp-content\/uploads\/2020\/08\/VIDEOBOX-CARTELL.jpg 1458w\" sizes=\"(max-width: 630px) 100vw, 630px\" \/><\/p>\n<p><span style=\"color: #000000;\">Jove! Vols guanyar una c\u00e0mera Polaroid o un altaveu port\u00e0til? Doncs participa en el Videobox Emmascarat!<\/span><\/p>\n<p><span style=\"color: #000000;\"><strong>Si tens entre 14 i 35 anys<\/strong> i un perfil d\u2019Instagram, pots participar-hi penjant un v\u00eddeo que aporti una idea creativa i original d\u2019alguna activitat que estigui adre\u00e7ada als joves i que es pugui dur a terme a la Bisbal del Pened\u00e8s.<\/span><\/p>\n<p><span style=\"color: #000000;\"><strong>REQUISITS DE PARTICIPACI\u00d3<\/strong><\/span><\/p>\n<p style=\"padding-left: 30px;\"><span style=\"color: #000000;\"><strong>-Heu de tenir entre 14 i 35 anys.<\/strong><\/span><\/p>\n<p style=\"padding-left: 30px;\"><span style=\"color: #000000;\"><strong>-Penjar un v\u00eddeo (m\u00e0xim d\u20191 minut) entre els dies 14, 15 i\/o 16 d\u2019agost de 2020<\/strong>. Al v\u00eddeo haureu de proposar una <strong>idea creativa i original d\u2019alguna activitat adre\u00e7ada als joves del municipi<\/strong> i haureu de portar mascareta.<\/span><\/p>\n<p style=\"padding-left: 30px;\"><span style=\"color: #000000;\">-Perqu\u00e8 puguem veure els <strong>v\u00eddeos caldr\u00e0 que participeu en el Videobox des d\u2019un perfil que sigui \u2018p\u00fablic\u2019.<\/strong> Si ho feu des d\u2019un perfil privat, no podrem accedir-hi per veure els vostres v\u00eddeos i, per tant, no hi podreu participar.<\/span><\/p>\n<p style=\"padding-left: 30px;\"><span style=\"color: #000000;\">-\u00c9s imprescindible que les publicacions continguin l\u2019etiqueta\/hashtag: <strong>#VideoBoxEmmascarat<\/strong><\/span><\/p>\n<p style=\"padding-left: 30px;\"><span style=\"color: #000000;\">-Al v\u00eddeo hi poden sortir un <strong>m\u00e0xim de 3 persones<\/strong>, totes amb les mascaretes de la Festa Major<\/span><\/p>\n<p style=\"padding-left: 30px;\"><span style=\"color: #000000;\">-Podeu utilitzar <strong>tots els filtres que vulgueu.<\/strong><\/span><\/p>\n<p style=\"padding-left: 30px;\"><span style=\"color: #000000;\">&#8211;<strong>Les gravacions no poden contenir cap classe de contingut ni material obsc\u00e8, sexualment expl\u00edcit, violent, ofensiu o difamatori.<\/strong> L\u2019Ajuntament de la Bisbal del Pened\u00e8s es reserva el dret de rebutjar o retirar la participaci\u00f3 de totes aquelles publicacions que no tinguin en compte aquestes indicacions. L\u2019Ajuntament de la Bisbal del Pened\u00e8s no ser\u00e0 responsable, en cap cas, de les publicacions que facin tercers als seus perfils de xarxes socials.<\/span><\/p>\n<p><span style=\"color: #000000;\"><strong>DRETS D\u2019IMATGE I DADES PERSONALS<\/strong><\/span><\/p>\n<p><span style=\"color: #000000;\">Els drets de les imatges seran propietat de l\u2019autor\/a del v\u00eddeo, compartides amb el r\u00e8gim de copropietat que marca la normativa d\u2019Instagram. L\u2019Ajuntament de la Bisbal del Pened\u00e8s podr\u00e0 fer \u00fas de les gravacions al web municipal, eBando, Instagram, Facebook, la revista municipal i al programa de la Festa Major de l\u2019any seg\u00fcent, mencionant sempre el nom de l\u2019autor\/a o usuari\/a.<\/span><\/p>\n<p><span style=\"color: #000000;\">Les dades facilitades pels guanyadors es tractaran de forma confidencial i nom\u00e9s seran emprades per a la coordinaci\u00f3 de l\u2019entrega del premi.<\/span><\/p>\n<p><span style=\"color: #000000;\"><strong>JURAT<\/strong><\/span><\/p>\n<p><span style=\"color: #000000;\">El jurat estar\u00e0 format per l\u2019alcaldessa de la Bisbal del Pened\u00e8s, Agn\u00e8s Ferr\u00e9; el regidor de Festes, Feliu Gil; i el regidor de Joventut, F\u00e8lix Villaz\u00e1n.<\/span><\/p>\n<p><span style=\"color: #000000;\">El veredicte es far\u00e0 p\u00fablic durant la segona quinzena d\u2019agost.<\/span><\/p>\n<p><span style=\"color: #000000;\"><strong>PREMIS<\/strong><\/span><\/p>\n<p><span style=\"color: #000000;\">Hi haur\u00e0 dos premis que s\u2019entregaran a les gravacions que expressin idees originals i innovadores que es puguin dur a terme a la Bisbal del Pened\u00e8s de forma factible.<\/span><\/p>\n<p style=\"padding-left: 30px;\"><span style=\"color: #000000;\"><strong><u>Primer premi:<\/u><\/strong> una c\u00e0mera Polaroid<\/span><\/p>\n<p style=\"padding-left: 30px;\"><span style=\"color: #000000;\"><strong><u>Segon premi:<\/u><\/strong> un altaveu port\u00e0til<\/span><\/p>\n<p><span style=\"color: #000000;\"><strong>DESVINCULACI\u00d3 D\u2019INSTAGRAM<\/strong><\/span><\/p>\n<p><span style=\"color: #000000;\">Instagram no patrocina, avala ni administra de cap manera el Videobox Emmascarat, ni est\u00e0 associat a aquesta iniciativa. L\u2019usuari es desvincula totalment d\u2019Instagram i \u00e9s conscient que est\u00e0 proporcionant la seva informaci\u00f3 a l\u2019Ajuntament de la Bisbal del Pened\u00e8s i no a Instagram. La informaci\u00f3 que proporcioni nom\u00e9s s\u2019utilitzar\u00e0 per tramitar la participaci\u00f3 del participant i per comunicar-li el premi en cas que la seva idea resulti seleccionada com a guanyadora.<\/span><\/p>\n<p><span style=\"color: #000000;\"><strong>ACCEPTACI\u00d3 DE LA NORMATIVA DEL VIDEOBOX EMMASCARAT<\/strong><\/span><\/p>\n<p><span style=\"color: #000000;\">La simple participaci\u00f3 en el Videobox Emmascarat implica l\u2019acceptaci\u00f3 de les condicions de participaci\u00f3 que s\u2019exposen en aquest text en la seva totalitat. En cas que l\u2019usuari no estigui d\u2019acord amb elles (en cas de ser menor d\u2019edat, en cas que els seus tutors legals no hi estiguin d\u2019acord), l\u2019usuari no haur\u00e0 de continuar amb les passes per participar en el Videobox Emmascarat.<\/span><\/p>\n<hr \/>\n<p><span style=\"color: #000000;\"><strong>CASTELLANO<\/strong><\/span><\/p>\n<p><span style=\"color: #000000;\">\u00a1Joven! \u00bfQuieres ganar una c\u00e1mara Polaroid o un altavoz port\u00e1til? \u00a1Pues participa en el Videobox Enmascarado!<\/span><\/p>\n<p><span style=\"color: #000000;\"><strong>Si tienes entre 14 y 35 a\u00f1os<\/strong> y un perfil de Instagram, puedes participar colgando un v\u00eddeo que aporte una idea creativa y original de alguna actividad que est\u00e9 dirigida a los j\u00f3venes y que se pueda llevar a cabo en la Bisbal del Pened\u00e8s.<\/span><\/p>\n<p><span style=\"color: #000000;\"><strong>REQUISITOS DE PARTICIPACI\u00d3N<\/strong><\/span><\/p>\n<p style=\"padding-left: 30px;\"><span style=\"color: #000000;\"><strong>-Ten\u00e9is que tener entre 14 y 35 a\u00f1os.<\/strong><\/span><\/p>\n<p style=\"padding-left: 30px;\"><span style=\"color: #000000;\"><strong>-Colgar un v\u00eddeo (m\u00e1ximo de 1 minuto) entre los d\u00edas 14, 15 y\/o 16 de agosto de 2020. En el v\u00eddeo deber\u00e9is proponer una idea creativa y original de alguna actividad dirigida a los j\u00f3venes del municipio<\/strong> y tendr\u00e9is que llevar la mascarilla.<\/span><\/p>\n<p style=\"padding-left: 30px;\"><span style=\"color: #000000;\">-Para que podamos ver los v\u00eddeos <strong>ser\u00e1 necesario que particip\u00e9is en el Videobox desde un perfil que sea \u2018p\u00fablico\u2019.<\/strong> Si lo hac\u00e9is desde un perfil privado, no podremos acceder para ver vuestros v\u00eddeos y, por tanto, no podr\u00e9is participar.<\/span><\/p>\n<p style=\"padding-left: 30px;\"><span style=\"color: #000000;\">-Es imprescindible que las publicaciones contengan la etiqueta\/hashtag: #<strong>VideoBoxEmmascarat<\/strong><\/span><\/p>\n<p style=\"padding-left: 30px;\"><span style=\"color: #000000;\">-En el v\u00eddeo <strong>pueden salir un m\u00e1ximo de 3 personas<\/strong>, todas con las mascarillas de la Fiesta Mayor.<\/span><\/p>\n<p style=\"padding-left: 30px;\"><span style=\"color: #000000;\"><strong>-Pod\u00e9is utilizar todos los filtros que quer\u00e1is.<\/strong><\/span><\/p>\n<p style=\"padding-left: 30px;\"><span style=\"color: #000000;\">&#8211;<strong>Las grabaciones no pueden contener ning\u00fan tipo de contenido ni material obsceno, sexualmente expl\u00edcito, violento, ofensivo o difamatorio<\/strong>. El Ayuntamiento de la Bisbal del Pened\u00e8s ser reserva el derecho de rechazar o retirar la participaci\u00f3n de todas aquellas publicaciones que no tengan en cuenta estas indicaciones. El Ayuntamiento de la Bisbal del Pened\u00e8s no ser\u00e1 responsable, en ning\u00fan caso, de las publicaciones que hagan terceros en sus perfiles de redes sociales.<\/span><\/p>\n<p><span style=\"color: #000000;\"><strong>DERECHOS DE IMAGEN Y DATOS PERSONALES<\/strong><\/span><\/p>\n<p><span style=\"color: #000000;\">Los derechos de las im\u00e1genes ser\u00e1n propiedad del autor\/a del v\u00eddeo, compartidas con el r\u00e9gimen de copropiedad que marca la normativa de Instagram. El Ayuntamiento de la Bisbal del Pened\u00e8s podr\u00e1 hacer uso de las grabaciones en la web municipal, eBando, Instagram, Facebook, la revista municipal y el programa de la Fiesta Mayor del a\u00f1o siguiente, mencionando siempre el nombre del\/la autor\/a o usuario\/a.<\/span><\/p>\n<p><span style=\"color: #000000;\">Los datos facilitados por los ganadores se tratar\u00e1n de forma confidencial y solamente ser\u00e1n utilizados para la coordinaci\u00f3n de la entrega del premio.<\/span><\/p>\n<p><span style=\"color: #000000;\"><strong>JURADO<\/strong><\/span><\/p>\n<p><span style=\"color: #000000;\">El jurado estar\u00e1 formado por la alcaldesa de la Bisbal del Pened\u00e8s, Agn\u00e8s Ferr\u00e9; el concejal de Fiestas, Feliu Gil; y el concejal de Juventud, F\u00e9lix Villaz\u00e1n.<\/span><\/p>\n<p><span style=\"color: #000000;\">El veredicto ser har\u00e1 p\u00fablico durante la segunda quincena de agosto.<\/span><\/p>\n<p><span style=\"color: #000000;\"><strong>PREMIOS<\/strong><\/span><\/p>\n<p><span style=\"color: #000000;\">Habr\u00e1 dos premios que se entregar\u00e1n a las grabaciones que expresen ideas originales e innovadoras que se puedan llevar a cabo en la Bisbal del Pened\u00e8s de forma factible.<\/span><\/p>\n<p style=\"padding-left: 30px;\"><span style=\"color: #000000;\">Primer premio: una c\u00e1mara Polaroid<\/span><\/p>\n<p style=\"padding-left: 30px;\"><span style=\"color: #000000;\">Segundo premio: un altavoz port\u00e1til<\/span><\/p>\n<p><span style=\"color: #000000;\"><strong>DESVINCULACI\u00d3N DE INSTAGRAM<\/strong><\/span><\/p>\n<p><span style=\"color: #000000;\">Instagram no patrocina, avala ni administra de ninguna manera el Videobox Enmascarado, ni est\u00e1 asociado a esta iniciativa. El usuario se desvincula totalmente de Instagram y es consciente de que est\u00e1 proporcionando su informaci\u00f3n al Ayuntamiento de la Bisbal del Pened\u00e8s y no a Instagram. La informaci\u00f3n que proporcione solo se utilizar\u00e1 para tramitar la participaci\u00f3n del usuario y para comunicarle el premio en el caso que su idea resulte seleccionada como ganadora.<\/span><\/p>\n<p><span style=\"color: #000000;\"><strong>ACEPTACI\u00d3N DE LA NORMATIVA DEL VIDEOBOX ENMASCARADO<\/strong><\/span><\/p>\n<p><span style=\"color: #000000;\">La simple participaci\u00f3n en el Videobox Enmascarado implica la aceptaci\u00f3n de las condiciones de participaci\u00f3n que se exponen en este texto en su totalidad. En caso que el usuario no est\u00e9 de acuerdo con ellas (en caso de ser menor de edad, en caso que sus tutores legales no est\u00e9n de acuerdo), el usuario no deber\u00e1 continuar con los pasos para participar en el Videobox Enmascarado.<\/span><\/p>\n<p>&nbsp;<\/p>\n<p>&nbsp;<\/p>\n","protected":false},"excerpt":{"rendered":"<p>Jove! Vols guanyar una c\u00e0mera Polaroid o un altaveu port\u00e0til? Doncs participa en el Videobox Emmascarat! Si tens entre 14 i 35 anys i un perfil d\u2019Instagram, pots participar-hi penjant &hellip; <a href=\"https:\/\/bisbalpenedes.com\/web\/2020\/08\/14\/jove-vols-guanyar-una-camera-polaroid-o-un-altaveu-portatil-doncs-participa-en-el-videobox-emmascarat\/\" class=\"more-link\">Read More<\/a><\/p>\n","protected":false},"author":4,"featured_media":14302,"comment_status":"closed","ping_status":"closed","sticky":false,"template":"","format":"standard","meta":[],"categories":[1486,8],"tags":[141,3974,706],"_links":{"self":[{"href":"https:\/\/bisbalpenedes.com\/web\/wp-json\/wp\/v2\/posts\/14301"}],"collection":[{"href":"https:\/\/bisbalpenedes.com\/web\/wp-json\/wp\/v2\/posts"}],"about":[{"href":"https:\/\/bisbalpenedes.com\/web\/wp-json\/wp\/v2\/types\/post"}],"author":[{"embeddable":true,"href":"https:\/\/bisbalpenedes.com\/web\/wp-json\/wp\/v2\/users\/4"}],"replies":[{"embeddable":true,"href":"https:\/\/bisbalpenedes.com\/web\/wp-json\/wp\/v2\/comments?post=14301"}],"version-history":[{"count":2,"href":"https:\/\/bisbalpenedes.com\/web\/wp-json\/wp\/v2\/posts\/14301\/revisions"}],"predecessor-version":[{"id":14304,"href":"https:\/\/bisbalpenedes.com\/web\/wp-json\/wp\/v2\/posts\/14301\/revisions\/14304"}],"wp:featuredmedia":[{"embeddable":true,"href":"https:\/\/bisbalpenedes.com\/web\/wp-json\/wp\/v2\/media\/14302"}],"wp:attachment":[{"href":"https:\/\/bisbalpenedes.com\/web\/wp-json\/wp\/v2\/media?parent=14301"}],"wp:term":[{"taxonomy":"category","embeddable":true,"href":"https:\/\/bisbalpenedes.com\/web\/wp-json\/wp\/v2\/categories?post=14301"},{"taxonomy":"post_tag","embeddable":true,"href":"https:\/\/bisbalpenedes.com\/web\/wp-json\/wp\/v2\/tags?post=14301"}],"curies":[{"name":"wp","href":"https:\/\/api.w.org\/{rel}","templated":true}]}}