{"id":14298,"date":"2020-08-14T11:32:43","date_gmt":"2020-08-14T09:32:43","guid":{"rendered":"http:\/\/bisbalpenedes.com\/web\/?p=14298"},"modified":"2020-08-14T12:30:51","modified_gmt":"2020-08-14T10:30:51","slug":"comunicat-de-lequip-de-govern-amb-motiu-de-linici-de-la-festa-major-2020","status":"publish","type":"post","link":"https:\/\/bisbalpenedes.com\/web\/2020\/08\/14\/comunicat-de-lequip-de-govern-amb-motiu-de-linici-de-la-festa-major-2020\/","title":{"rendered":"Comunicat de l&#8217;equip de govern amb motiu de l&#8217;inici de la Festa Major 2020"},"content":{"rendered":"<p><img loading=\"lazy\" class=\"aligncenter size-large wp-image-14247\" src=\"http:\/\/bisbalpenedes.com\/web\/wp-content\/uploads\/2020\/08\/8FE70F81-0C02-4A99-A6CC-372428252E67-1024x918.jpeg\" alt=\"8FE70F81-0C02-4A99-A6CC-372428252E67\" width=\"630\" height=\"565\" srcset=\"https:\/\/bisbalpenedes.com\/web\/wp-content\/uploads\/2020\/08\/8FE70F81-0C02-4A99-A6CC-372428252E67-1024x918.jpeg 1024w, https:\/\/bisbalpenedes.com\/web\/wp-content\/uploads\/2020\/08\/8FE70F81-0C02-4A99-A6CC-372428252E67-600x538.jpeg 600w, https:\/\/bisbalpenedes.com\/web\/wp-content\/uploads\/2020\/08\/8FE70F81-0C02-4A99-A6CC-372428252E67-300x269.jpeg 300w, https:\/\/bisbalpenedes.com\/web\/wp-content\/uploads\/2020\/08\/8FE70F81-0C02-4A99-A6CC-372428252E67-768x688.jpeg 768w, https:\/\/bisbalpenedes.com\/web\/wp-content\/uploads\/2020\/08\/8FE70F81-0C02-4A99-A6CC-372428252E67.jpeg 1458w\" sizes=\"(max-width: 630px) 100vw, 630px\" \/><\/p>\n<p style=\"text-align: justify;\"><span style=\"color: #000000;\">Vivim temps diferents i tots ens hem hagut d\u2019habituar a aquesta nova realitat. Hi ha dies que es fa dif\u00edcil aquesta nova situaci\u00f3 per\u00f2 hem d\u2019anar endavant, amb voluntat i esperan\u00e7a. Avui comen\u00e7a la Festa Major 2020. Ser\u00e0 una festa diferent, \u2018Emmascarada\u2019. El programa tamb\u00e9 \u00e9s molt diferent del d\u2019altres anys, amb for\u00e7a canvis i molts actes que no es poden dur a terme a causa de la situaci\u00f3 actual, per\u00f2 hem d\u2019adaptar-nos a la situaci\u00f3 i reinventar-nos, sense deixar de caminar endavant. I, precisament, amb aquesta voluntat d\u2019anar endavant, des de l\u2019equip de govern no hem volgut deixar de celebrar la nostra festa, encara que enguany sigui molt diferent de la d\u2019altres anys. I ho hem fet amb responsabilitat i amb optimisme perqu\u00e8 creiem fermament que la cultura \u00e9s segura. A m\u00e9s, ens hem assegurat que el programa en qu\u00e8 hem treballat fos adient per a la situaci\u00f3: una vegada hem tingut confeccionat el programa de Festa Major, l\u2019hem fet arribar a la Generalitat de Catalunya perqu\u00e8 des del CECAT (Centre de Coordinaci\u00f3 Operativa de Catalunya del Departament d\u2019Interior) i el Comit\u00e8 del T\u00e8cnic del PROCICAT (Pla Territorial de Protecci\u00f3 Civil de Catalunya) avaluessin la seva idone\u00eftat.<\/span><\/p>\n<p style=\"padding-left: 30px; text-align: justify;\"><span style=\"color: #000000;\"><strong>Des del CECAT ens han informat que no \u00e9s necess\u00e0ria cap autoritzaci\u00f3 del CECAT ni del Comit\u00e8 T\u00e8cnic del PROCICAT per dur a terme la nostra festa major. Ens han informat que en el moment actual es poden realitzar tota mena d\u2019activitats (a excepci\u00f3 d\u2019activitats com discoteques, sales de festes i activitats amb pista de ball) sempre que compleixin les condicions que estableix la normativa general de prevenci\u00f3 de la Covid-19 (Resoluci\u00f3 SLT 1429\/2020 i obligatorietat de mascareta en espais p\u00fablics) aix\u00ed com les condicions espec\u00edfiques que tenen alguns municipis (i aquest no \u00e9s el cas de la Bisbal del Pened\u00e8s). <\/strong><\/span><\/p>\n<p style=\"text-align: justify;\"><span style=\"color: #000000;\">Des de l\u2019Ajuntament de la Bisbal del Pened\u00e8s hem apostat per tirar endavant la Festa Major \u2018Emmascarada\u2019. Ser\u00e0 una festa diferent per\u00f2 esperem que la gaudiu. Us recordem que en tots els actes ser\u00e0 obligatori dur la mascareta. Per aix\u00f2 hem confeccionat unes mascaretes amb motius dels elements de cultura popular bisbalencs perqu\u00e8 les pugueu lluir durant aquests dies de festa. Durant els dies 10, 11 i 12 d\u2019agost les heu pogut demanar a l\u2019Ajuntament, tal com s\u2019indicava al programa. Recordeu tamb\u00e9 que s\u2019hauran de preservar les mesures de distanciament amb les altres persones. En els actes que es duran a terme a l\u2019envelat els assistents hauran de seure de forma individual i, entre les cadires, hi haur\u00e0 la dist\u00e0ncia que marca la normativa. En el cas dels actes que es duran a terme al carrer, apel\u00b7lem a la responsabilitat de la ciutadania. Recordeu, la Covid-19 no ha marxat, segueix entre nosaltres. Per aix\u00f2 \u00e9s important ser-ne conscients i mirar d\u2019afrontar l\u2019etapa de represa o nova normalitat amb optimisme per\u00f2 amb precauci\u00f3. Tingueu-ho present durant la festa major i recordeu que cal portar la mascareta, preservar les dist\u00e0ncies i rentar-se les mans de forma freq\u00fcent.<\/span><\/p>\n<p style=\"text-align: justify;\"><span style=\"color: #000000;\">Abans d\u2019acabar aquest escrit volem agrair la predisposici\u00f3 i la feina de totes aquelles persones i entitats que fan possible la Festa Major \u2018emmascarada\u2019. Esperem que l\u2019any vinent puguem tirar endavant les propostes i actes que enguany no s\u2019han pogut dur a terme.<\/span><\/p>\n<p style=\"text-align: justify;\"><span style=\"color: #000000;\">Avui divendres 14 d\u2019agost, dia festiu a la Bisbal del Pened\u00e8s, donem inici a la nostra Festa Major. Gaudim-la amb optimisme i responsabilitat! Visca la Bisbal del Pened\u00e8s i la nostra Festa Major!<\/span><\/p>\n<hr \/>\n<p style=\"text-align: justify;\"><span style=\"color: #000000;\"><strong>COMUNICADO DEL EQUIPO DE GOBIERNO CON MOTIVO DEL INICIO DE LA FIESTA MAYOR 2020<\/strong><\/span><\/p>\n<p style=\"text-align: justify;\"><span style=\"color: #000000;\">Vivimos tiempos distintos y todos nos hemos tenido que habituar a esta nueva realidad. Hay d\u00edas en los que se hace dif\u00edcil esta nueva situaci\u00f3n pero debemos seguir adelante, con voluntad y esperanza. Hoy empieza la Fiesta Mayor 2020. Ser\u00e1 una fiesta distinta, \u2018Enmascarada\u2019. El programa tambi\u00e9n es muy distinto del de otros a\u00f1os, con muchos cambios y muchos actos que no se pueden llevar a cabo a causa de la situaci\u00f3n actual, pero debemos adaptarnos a la situaci\u00f3n y reinventarnos, sin dejar de ir hacia delante. Y precisamente, con esta voluntad de seguir adelante, desde el equipo de gobierno no hemos querido dejar de celebrar nuestra fiesta, aunque este a\u00f1o sea muy distinta a la de otros a\u00f1os. Y lo hemos hecho con responsabilidad y optimismo porqu\u00e9 creemos firmemente que la cultura es segura. Adem\u00e1s, nos hemos asegurado de que el programa en el que hemos trabajado fuese adecuado a la situaci\u00f3n: una vez hemos tenido confeccionado el programa de Fiesta Mayor, lo hemos hecho llegar a la Generalitat de Catalunya para que desde el CECAT (Centre de Coordinaci\u00f3 Operativa de Catalunya del Departament d\u2019Interior) y el Comit\u00e8 T\u00e9cnico del PROCICAT (Pla Territorial de Protecci\u00f3 Civil de Catalunya) evaluasen su idoneidad.<\/span><\/p>\n<p style=\"padding-left: 30px; text-align: justify;\"><span style=\"color: #000000;\"><strong>Desde el CECAT nos han informado que no es necesaria ninguna autorizaci\u00f3n del CECAT ni del Comit\u00e9 T\u00e9cnico del PROCICAT para llevar a cabo nuestra fiesta mayor. Nos han informado que en el momento actual se pueden llevar a cabo todo tipo de actividades (a excepci\u00f3n de actividades como discotecas, salas de fiestas y actividades como pista de baile) siempre que cumplan las condiciones que establece la normativa general de prevenci\u00f3n de la Covid-19 (Resoluci\u00f3n SLT 1429\/2020 y obligatoriedad de mascarilla en espacios p\u00fablicos) as\u00ed como las condiciones espec\u00edficas que tienen algunos municipios (y este no es el caso de la Bisbal del Pened\u00e8s).<\/strong><\/span><\/p>\n<p style=\"text-align: justify;\"><span style=\"color: #000000;\">Desde el Ayuntamiento de la Bisbal del Pened\u00e8s hemos apostado por llevar a cabo la Fiesta Mayor \u2018Enmascarada\u2019. Ser\u00e1 una fiesta distinta pero esperamos que la disfrut\u00e9is. Os recordamos que en todos los actos ser\u00e1 obligatorio llevar mascarilla. Por eso hemos confeccionado unas mascarillas con motivos de los elementos de la cultura popular de la Bisbal para que las pod\u00e1is lucir durante estos d\u00edas de fiesta. Durante los d\u00edas 10, 11 y 12 de agosto las hab\u00e9is podido solicitar en el Ayuntamiento, tal como se indicaba en el programa. Recordad tambi\u00e9n que se tendr\u00e1n que preservar las medidas de distanciamiento con las otras personas. En los actos que se llevar\u00e1n a cabo en el entoldado los asistentes deber\u00e1n sentarse de forma individual y, entre las sillas, habr\u00e1 la distancia que marca la normativa. En el caso de los actos que se llevar\u00e1n a cabo en la calle, apelamos a la responsabilidad ciudadana. Recordad, la Covid-19 no se ha ido, sigue entre nosotros. Por eso es importante que seamos conscientes de ello y que intentemos afrontar la etapa de la nueva normalidad \u00a0con optimismo pero con precauci\u00f3n. Tenedlo presente durante la fiesta mayor y recordad que hay que llevar la mascarilla, preservar las distancias y lavarse las manos de forma frecuente.<\/span><\/p>\n<p style=\"text-align: justify;\"><span style=\"color: #000000;\">Antes de acabar este escrito queremos agradecer la predisposici\u00f3n y el trabajo de todas aquellas personas y entidades que hacen posible la Fiesta Mayor \u2018enmascarada\u2019. Esperamos que el a\u00f1o que viene podamos llevar a cabo las propuestas y los actos que este a\u00f1o no se han podido realizar.<\/span><\/p>\n<p style=\"text-align: justify;\"><span style=\"color: #000000;\">Hoy viernes 14 de agosto, d\u00eda festivo en la Bisbal del Pened\u00e8s, damos inicio a nuestra Fiesta Mayor. \u00a1Disfrut\u00e9mosla con optimismo y responsabilidad! \u00a1Viva la Bisbal del Pened\u00e8s y nuestra Fiesta Mayor!<\/span><\/p>\n","protected":false},"excerpt":{"rendered":"<p>Vivim temps diferents i tots ens hem hagut d\u2019habituar a aquesta nova realitat. Hi ha dies que es fa dif\u00edcil aquesta nova situaci\u00f3 per\u00f2 hem d\u2019anar endavant, amb voluntat i &hellip; <a href=\"https:\/\/bisbalpenedes.com\/web\/2020\/08\/14\/comunicat-de-lequip-de-govern-amb-motiu-de-linici-de-la-festa-major-2020\/\" class=\"more-link\">Read More<\/a><\/p>\n","protected":false},"author":4,"featured_media":14247,"comment_status":"closed","ping_status":"closed","sticky":false,"template":"","format":"standard","meta":[],"categories":[2161],"tags":[280,3972,3973],"_links":{"self":[{"href":"https:\/\/bisbalpenedes.com\/web\/wp-json\/wp\/v2\/posts\/14298"}],"collection":[{"href":"https:\/\/bisbalpenedes.com\/web\/wp-json\/wp\/v2\/posts"}],"about":[{"href":"https:\/\/bisbalpenedes.com\/web\/wp-json\/wp\/v2\/types\/post"}],"author":[{"embeddable":true,"href":"https:\/\/bisbalpenedes.com\/web\/wp-json\/wp\/v2\/users\/4"}],"replies":[{"embeddable":true,"href":"https:\/\/bisbalpenedes.com\/web\/wp-json\/wp\/v2\/comments?post=14298"}],"version-history":[{"count":3,"href":"https:\/\/bisbalpenedes.com\/web\/wp-json\/wp\/v2\/posts\/14298\/revisions"}],"predecessor-version":[{"id":14305,"href":"https:\/\/bisbalpenedes.com\/web\/wp-json\/wp\/v2\/posts\/14298\/revisions\/14305"}],"wp:featuredmedia":[{"embeddable":true,"href":"https:\/\/bisbalpenedes.com\/web\/wp-json\/wp\/v2\/media\/14247"}],"wp:attachment":[{"href":"https:\/\/bisbalpenedes.com\/web\/wp-json\/wp\/v2\/media?parent=14298"}],"wp:term":[{"taxonomy":"category","embeddable":true,"href":"https:\/\/bisbalpenedes.com\/web\/wp-json\/wp\/v2\/categories?post=14298"},{"taxonomy":"post_tag","embeddable":true,"href":"https:\/\/bisbalpenedes.com\/web\/wp-json\/wp\/v2\/tags?post=14298"}],"curies":[{"name":"wp","href":"https:\/\/api.w.org\/{rel}","templated":true}]}}