{"id":14284,"date":"2020-08-11T18:18:54","date_gmt":"2020-08-11T16:18:54","guid":{"rendered":"http:\/\/bisbalpenedes.com\/web\/?p=14284"},"modified":"2020-08-13T11:19:54","modified_gmt":"2020-08-13T09:19:54","slug":"sobre-el-proces-selectiu-per-constituir-una-borsa-de-treball-deducadora-de-la-llar-dinfants-municipal","status":"publish","type":"post","link":"https:\/\/bisbalpenedes.com\/web\/2020\/08\/11\/sobre-el-proces-selectiu-per-constituir-una-borsa-de-treball-deducadora-de-la-llar-dinfants-municipal\/","title":{"rendered":"S\u2019obre el proc\u00e9s selectiu per constituir una borsa de treball d\u2019educador\/a de la llar d\u2019infants municipal"},"content":{"rendered":"<p style=\"text-align: justify;\"><span style=\"color: #000000;\">Aquest dimecres 12 d\u2019agost s\u2019inicia el termini per presentar sol\u00b7licituds per entrar a formar part de la borsa de treball de la Llar d\u2019infants municipal l\u2019Oreneta. Aquesta borsa de treball servir\u00e0 per poder comptar amb t\u00e8cnics\/ques d\u2019educaci\u00f3 infantil per fer possibles refor\u00e7os o per cobrir baixes o vacances. Com que la borsa existent ja ha ven\u00e7ut, la Junta de Govern local d\u2019aquest dimarts 11 d\u2019agost ha aprovat les bases que regeixen el proc\u00e9s de selecci\u00f3 de constituci\u00f3 de la borsa de treball i la convocat\u00f2ria del proc\u00e9s selectiu.<\/span><\/p>\n<p style=\"text-align: justify;\"><span style=\"color: #000000;\"><strong>El termini per presentar inst\u00e0ncies estar\u00e0 obert del 12 al 26 d\u2019agost de 2020, ambd\u00f3s inclosos.<\/strong> Les inst\u00e0ncies s\u2019hauran de presentar, mitjan\u00e7ant registre d\u2019entrada, a l\u2019Ajuntament o via registre electr\u00f2nic, amb el model d\u2019<a style=\"color: #000000;\" href=\"https:\/\/bisbalpenedes.eadministracio.cat\/?x=k0XtziexTq4P4EjN1Mx*E3DcxQLJJmpgTMFO9s5rnUwkSa5AlCODieqLAsOLKTvNpPenB-HunUPWLN2JkFLxkMyTWeGE7cQeL7Atw4Ib*JtYW9EqBEu*Mx-U*jGdcr6ddD4rYk97s4RgWSX9HeetCXydgQufjZr9yLmZ11ogmFacCK5stHpnwJzs10wxEj3kM6M2wmyUeC3nKkCMcBVddw\">inst\u00e0ncia<\/a> que trobareu al web.<\/span><\/p>\n<p style=\"text-align: justify;\"><span style=\"color: #000000;\">Podeu consultar l&#8217;<a style=\"color: #000000;\" href=\"https:\/\/bisbalpenedes.eadministracio.cat\/board\">anunci<\/a> i les <a style=\"color: #000000;\" href=\"https:\/\/bisbalpenedes.eadministracio.cat\/board\">bases<\/a> de la convocat\u00f2ria al <a style=\"color: #000000;\" href=\"https:\/\/bisbalpenedes.eadministracio.cat\/board\" target=\"_blank\">tauler d&#8217;anuncis<\/a> de la seu electr\u00f2nica. Tamb\u00e9 hi trobareu la <a style=\"color: #000000;\" href=\"https:\/\/bisbalpenedes.eadministracio.cat\/board\">sol\u00b7licitud<\/a> per a la convocat\u00f2ria de la borsa de treball per a t\u00e8cnic\/a d\u2019educaci\u00f3 infantil mitjan\u00e7ant procediment de selecci\u00f3 concurs.<\/span><\/p>\n<p style=\"text-align: justify;\"><span style=\"color: #000000;\">L\u2019Ajuntament de la Bisbal del Pened\u00e8s gestiona de forma directa la Llar d\u2019Infants municipal l\u2019Oreneta a trav\u00e9s de la Regidoria d\u2019Ensenyament. Actualment, la llar compta amb tres aules obertes i t\u00e9 contractades quatre educadores: una per classe i una quarta de refor\u00e7. En el context actual, tenint en compte el <a style=\"color: #000000;\" href=\"https:\/\/govern.cat\/govern\/docs\/2020\/07\/03\/15\/51\/965e6446-517c-48af-9cbf-6de670ab3c7a.pdf\">Pla d\u2019actuaci\u00f3 i la guia per elaborar el pla d\u2019organitzaci\u00f3 per al curs 2020\/2021 per a centres educatius en el marc de la pand\u00e8mia de Covid-19<\/a> que ha publicat el Departament d\u2019Educaci\u00f3 de la Generalitat de Catalunya, es fa necessari organitzar els centres en grups estables de conviv\u00e8ncia que no poden unir-se entre ells. Aix\u00ed, la borsa de treball permetr\u00e0 complir amb el pla d\u2019actuaci\u00f3, ja que en cas d\u2019abs\u00e8ncia -pel motiu que sigui- d\u2019una de les t\u00e8cniques o necessitat de refor\u00e7, es procedir\u00e0 a avisar les persones que formen part de la borsa de treball.<\/span><\/p>\n<hr \/>\n<p style=\"text-align: justify;\"><span style=\"color: #000000;\"><strong>CASTELLANO |<\/strong> Este mi\u00e9rcoles 12 de agosto empieza el plazo para presentar solicitudes para entrar a formar parte de la bolsa de trabajo de la Llar d\u2019infants municipal l\u2019Oreneta.\u00a0<\/span><span style=\"color: #000000;\">Esta bolsa de trabajo servir\u00e1 para poder contar con t\u00e9cnicos\/cas de educaci\u00f3n infantil para posibles refuerzos o para cubrir bajas o vacaciones. Como la bolsa existente ya ha vencido, la Junta de Gobierno local de este martes 11 de agosto ha aprobado las bases que rigen el proceso de selecci\u00f3n de constituci\u00f3n de la bolsa de trabajo y la convocatoria del proceso selectivo.<\/span><\/p>\n<p style=\"text-align: justify;\"><span style=\"color: #000000;\"><strong>El plazo para presentar instancias estar\u00e1 abierto del 12 al 26 de agosto de 2020, ambos incluidos.<\/strong> Las instancias se tendr\u00e1n que presentar, mediante el registro de entrada, en el Ayuntamiento o v\u00eda registro electr\u00f3nico, con el modelo de<a style=\"color: #000000;\" href=\"https:\/\/bisbalpenedes.eadministracio.cat\/?x=k0XtziexTq4P4EjN1Mx*E3DcxQLJJmpgTMFO9s5rnUwkSa5AlCODieqLAsOLKTvNpPenB-HunUPWLN2JkFLxkMyTWeGE7cQeL7Atw4Ib*JtYW9EqBEu*Mx-U*jGdcr6ddD4rYk97s4RgWSX9HeetCXydgQufjZr9yLmZ11ogmFacCK5stHpnwJzs10wxEj3kM6M2wmyUeC3nKkCMcBVddw\"> instancia<\/a> que encontrar\u00e9is en la web.<\/span><\/p>\n<p style=\"text-align: justify;\"><span style=\"color: #000000;\">Pod\u00e9is consultar el <a style=\"color: #000000;\" href=\"https:\/\/bisbalpenedes.eadministracio.cat\/board\">anuncio<\/a> y las <a style=\"color: #000000;\" href=\"https:\/\/bisbalpenedes.eadministracio.cat\/board\">bases<\/a> de la convocatoria en el <a style=\"color: #000000;\" href=\"https:\/\/bisbalpenedes.eadministracio.cat\/board\">tabl\u00f3n de anuncios<\/a> de la sede electr\u00f3nica. All\u00ed tambi\u00e9n encontrar\u00e9is la <a style=\"color: #000000;\" href=\"https:\/\/bisbalpenedes.eadministracio.cat\/board\">solicitud<\/a> para la convocatoria de la bolsa de trabajo para t\u00e9cnico\/a de educaci\u00f3n mediante procedimiento de selecci\u00f3n concurso.<\/span><\/p>\n<p style=\"text-align: justify;\"><span style=\"color: #000000;\">El Ayuntamiento de la Bisbal del Pened\u00e8s gestiona de forma directa la Llar d\u2019Infants municipal l\u2019Oreneta a trav\u00e9s de la Concejal\u00eda de Educaci\u00f3n. Actualmente, la llar cuenta con tres aulas abiertas y tiene contratadas a cuatro educadoras: una por clase y una cuarta de refuerzo. En el contexto actual, teniendo en cuenta el <a style=\"color: #000000;\" href=\"https:\/\/govern.cat\/govern\/docs\/2020\/07\/03\/15\/51\/965e6446-517c-48af-9cbf-6de670ab3c7a.pdf\">Plan de actuaci\u00f3n y la gu\u00eda para elaborar el plan de organizaci\u00f3n para el curso 2020\/2021 para centros educativos en el marco de la pandemia de Covid-19<\/a> que ha publicado el Departamento de Educaci\u00f3n de la Generalitat de Catalunya, se hace necesario organizar los centros en grupos estables de convivencia que no pueden unirse entre ellos. As\u00ed, la bolsa de trabajo permitir\u00e1 cumplir con el plan de actuaci\u00f3n, ya que en caso de ausencia -por el motivo que sea- de una de las t\u00e9cnicas o necesidad de refuerzo, se proceder\u00e1 a avisar a las personas que formen parte de la bolsa de trabajo.<\/span><\/p>\n<p>&nbsp;<\/p>\n","protected":false},"excerpt":{"rendered":"<p>Aquest dimecres 12 d\u2019agost s\u2019inicia el termini per presentar sol\u00b7licituds per entrar a formar part de la borsa de treball de la Llar d\u2019infants municipal l\u2019Oreneta. Aquesta borsa de treball &hellip; <a href=\"https:\/\/bisbalpenedes.com\/web\/2020\/08\/11\/sobre-el-proces-selectiu-per-constituir-una-borsa-de-treball-deducadora-de-la-llar-dinfants-municipal\/\" class=\"more-link\">Read More<\/a><\/p>\n","protected":false},"author":4,"featured_media":7199,"comment_status":"closed","ping_status":"closed","sticky":false,"template":"","format":"standard","meta":[],"categories":[3456,8,9],"tags":[1090,272,3971],"_links":{"self":[{"href":"https:\/\/bisbalpenedes.com\/web\/wp-json\/wp\/v2\/posts\/14284"}],"collection":[{"href":"https:\/\/bisbalpenedes.com\/web\/wp-json\/wp\/v2\/posts"}],"about":[{"href":"https:\/\/bisbalpenedes.com\/web\/wp-json\/wp\/v2\/types\/post"}],"author":[{"embeddable":true,"href":"https:\/\/bisbalpenedes.com\/web\/wp-json\/wp\/v2\/users\/4"}],"replies":[{"embeddable":true,"href":"https:\/\/bisbalpenedes.com\/web\/wp-json\/wp\/v2\/comments?post=14284"}],"version-history":[{"count":4,"href":"https:\/\/bisbalpenedes.com\/web\/wp-json\/wp\/v2\/posts\/14284\/revisions"}],"predecessor-version":[{"id":14296,"href":"https:\/\/bisbalpenedes.com\/web\/wp-json\/wp\/v2\/posts\/14284\/revisions\/14296"}],"wp:featuredmedia":[{"embeddable":true,"href":"https:\/\/bisbalpenedes.com\/web\/wp-json\/wp\/v2\/media\/7199"}],"wp:attachment":[{"href":"https:\/\/bisbalpenedes.com\/web\/wp-json\/wp\/v2\/media?parent=14284"}],"wp:term":[{"taxonomy":"category","embeddable":true,"href":"https:\/\/bisbalpenedes.com\/web\/wp-json\/wp\/v2\/categories?post=14284"},{"taxonomy":"post_tag","embeddable":true,"href":"https:\/\/bisbalpenedes.com\/web\/wp-json\/wp\/v2\/tags?post=14284"}],"curies":[{"name":"wp","href":"https:\/\/api.w.org\/{rel}","templated":true}]}}