{"id":14276,"date":"2020-08-10T12:39:00","date_gmt":"2020-08-10T10:39:00","guid":{"rendered":"http:\/\/bisbalpenedes.com\/web\/?p=14276"},"modified":"2020-08-10T12:39:00","modified_gmt":"2020-08-10T10:39:00","slug":"aquest-divendres-14-dagost-es-festa-local-a-la-bisbal","status":"publish","type":"post","link":"https:\/\/bisbalpenedes.com\/web\/2020\/08\/10\/aquest-divendres-14-dagost-es-festa-local-a-la-bisbal\/","title":{"rendered":"Aquest divendres 14 d&#8217;agost \u00e9s festa local a la Bisbal"},"content":{"rendered":"<p style=\"text-align: justify;\"><span style=\"color: #000000;\">La festa local de la Bisbal del Pened\u00e8s \u00e9s aquest divendres 14 d&#8217;agost.<\/span><br \/>\n<span style=\"color: #000000;\">Al calendari de l&#8217;any 2020, editat per l&#8217;Ajuntament de la Bisbal del Pened\u00e8s, hi diu que \u00e9s el dia 17 d&#8217;agost, per\u00f2 no \u00e9s correcte.<\/span><br \/>\n<span style=\"color: #000000;\">Disculpeu les mol\u00e8sties.<\/span><\/p>\n<hr \/>\n<div class=\"text_exposed_show\">\n<p style=\"text-align: justify;\"><span style=\"color: #000000;\">La fiesta local de la Bisbal del Pened\u00e8s es este viernes 14 de agosto.<\/span><br \/>\n<span style=\"color: #000000;\">En el calendario del a\u00f1o 2020, editado por el Ayuntamiento de la Bisbal del Pened\u00e8s, pone que es el d\u00eda 17 de agosto, pero no es correcto.<\/span><br \/>\n<span style=\"color: #000000;\">Disculpad las molestias.<\/span><\/p>\n<\/div>\n","protected":false},"excerpt":{"rendered":"<p>La festa local de la Bisbal del Pened\u00e8s \u00e9s aquest divendres 14 d&#8217;agost. Al calendari de l&#8217;any 2020, editat per l&#8217;Ajuntament de la Bisbal del Pened\u00e8s, hi diu que \u00e9s &hellip; <a href=\"https:\/\/bisbalpenedes.com\/web\/2020\/08\/10\/aquest-divendres-14-dagost-es-festa-local-a-la-bisbal\/\" class=\"more-link\">Read More<\/a><\/p>\n","protected":false},"author":4,"featured_media":14277,"comment_status":"closed","ping_status":"closed","sticky":false,"template":"","format":"standard","meta":[],"categories":[1628],"tags":[3968,3969],"_links":{"self":[{"href":"https:\/\/bisbalpenedes.com\/web\/wp-json\/wp\/v2\/posts\/14276"}],"collection":[{"href":"https:\/\/bisbalpenedes.com\/web\/wp-json\/wp\/v2\/posts"}],"about":[{"href":"https:\/\/bisbalpenedes.com\/web\/wp-json\/wp\/v2\/types\/post"}],"author":[{"embeddable":true,"href":"https:\/\/bisbalpenedes.com\/web\/wp-json\/wp\/v2\/users\/4"}],"replies":[{"embeddable":true,"href":"https:\/\/bisbalpenedes.com\/web\/wp-json\/wp\/v2\/comments?post=14276"}],"version-history":[{"count":1,"href":"https:\/\/bisbalpenedes.com\/web\/wp-json\/wp\/v2\/posts\/14276\/revisions"}],"predecessor-version":[{"id":14278,"href":"https:\/\/bisbalpenedes.com\/web\/wp-json\/wp\/v2\/posts\/14276\/revisions\/14278"}],"wp:featuredmedia":[{"embeddable":true,"href":"https:\/\/bisbalpenedes.com\/web\/wp-json\/wp\/v2\/media\/14277"}],"wp:attachment":[{"href":"https:\/\/bisbalpenedes.com\/web\/wp-json\/wp\/v2\/media?parent=14276"}],"wp:term":[{"taxonomy":"category","embeddable":true,"href":"https:\/\/bisbalpenedes.com\/web\/wp-json\/wp\/v2\/categories?post=14276"},{"taxonomy":"post_tag","embeddable":true,"href":"https:\/\/bisbalpenedes.com\/web\/wp-json\/wp\/v2\/tags?post=14276"}],"curies":[{"name":"wp","href":"https:\/\/api.w.org\/{rel}","templated":true}]}}