{"id":14272,"date":"2020-08-10T12:07:21","date_gmt":"2020-08-10T10:07:21","guid":{"rendered":"http:\/\/bisbalpenedes.com\/web\/?p=14272"},"modified":"2020-08-10T12:07:21","modified_gmt":"2020-08-10T10:07:21","slug":"del-10-al-12-dagost-de-17h-a-20h-es-podran-fer-les-inscripcions-als-actes-de-la-festa-major","status":"publish","type":"post","link":"https:\/\/bisbalpenedes.com\/web\/2020\/08\/10\/del-10-al-12-dagost-de-17h-a-20h-es-podran-fer-les-inscripcions-als-actes-de-la-festa-major\/","title":{"rendered":"Del 10 al 12 d&#8217;agost -de 17h a 20h- es podran fer les inscripcions als actes de la Festa Major"},"content":{"rendered":"<p style=\"text-align: justify;\"><span style=\"color: #000000;\">Avui dilluns, dem\u00e0 dimarts i el proper dimecres, de 17h a 20h, us podreu inscriure als actes per als quals cal reserva pr\u00e8via a les oficines municipals. Trobareu tota la informaci\u00f3 al programa de Festa Major que s\u2019est\u00e0 repartint per les cases i que tamb\u00e9 hem publicat a eBando. Juntament amb el programa hem repartit el full d\u2019inscripci\u00f3 que tamb\u00e9 adjuntem aqu\u00ed. Tamb\u00e9 n\u2019hi haur\u00e0 a disposici\u00f3 dels ve\u00efns a les oficines municipals.<\/span><\/p>\n<p style=\"text-align: justify;\"><img loading=\"lazy\" class=\"aligncenter size-large wp-image-14273\" src=\"http:\/\/bisbalpenedes.com\/web\/wp-content\/uploads\/2020\/08\/INSCRIPCIO_FM20B-724x1024.jpg\" alt=\"INSCRIPCIO_FM20B\" width=\"630\" height=\"891\" srcset=\"https:\/\/bisbalpenedes.com\/web\/wp-content\/uploads\/2020\/08\/INSCRIPCIO_FM20B-724x1024.jpg 724w, https:\/\/bisbalpenedes.com\/web\/wp-content\/uploads\/2020\/08\/INSCRIPCIO_FM20B-600x849.jpg 600w, https:\/\/bisbalpenedes.com\/web\/wp-content\/uploads\/2020\/08\/INSCRIPCIO_FM20B-212x300.jpg 212w, https:\/\/bisbalpenedes.com\/web\/wp-content\/uploads\/2020\/08\/INSCRIPCIO_FM20B-768x1086.jpg 768w, https:\/\/bisbalpenedes.com\/web\/wp-content\/uploads\/2020\/08\/INSCRIPCIO_FM20B.jpg 1240w\" sizes=\"(max-width: 630px) 100vw, 630px\" \/><\/p>\n<p style=\"text-align: justify;\"><span style=\"color: #000000;\">Actes amb reserva\/inscripci\u00f3 pr\u00e8via:<\/span><\/p>\n<ul style=\"text-align: justify;\">\n<li><span style=\"color: #000000;\">Sopar a la fresca: sopar al davant de cada casa amb familiars i amics. Es recomana un m\u00e0xim de 20 persones, preservant les dist\u00e0ncies i mesures de prevenci\u00f3 per la Covid-19.<\/span><\/li>\n<li><span style=\"color: #000000;\">Escacs a la fresca: inscripcions per participar en les partides simult\u00e0nies d\u2019escacs.<\/span><\/li>\n<li><span style=\"color: #000000;\">Concert de Festa Major amb l\u2019Orquestra Selvatana, a l\u2019envelat. Es faran dos torns i el concert ser\u00e0 sense mitja part. L\u2019aforament \u00e9s limitat.<\/span><\/li>\n<li><span style=\"color: #000000;\">Concert amb el grup EmsembleB\u00e9: concert de m\u00fasica cl\u00e0ssica amb versions de m\u00fasica contempor\u00e0nia, de pel\u00b7l\u00edcules i de sarsuela. S\u2019interpretaran peces de Bizet, Toldr\u00e0, Bach, Gershwin, Morricone i Puccini, entre d\u2019altres.<\/span><\/li>\n<\/ul>\n<p style=\"text-align: justify;\"><span style=\"color: #000000;\">Recordeu que cal seguir totes les mesures de prevenci\u00f3 per la Covid-19. Porteu la mascareta, mantingueu una constant higiene de mans i respecteu les dist\u00e0ncies. No mengeu ni beveu del mateix recipient que mengin o beguin altres persones.<\/span><\/p>\n<hr \/>\n<p style=\"text-align: justify;\"><span style=\"color: #000000;\"><strong>CASTELLANO |<\/strong> Hoy lunes, ma\u00f1ana martes y el pr\u00f3ximo mi\u00e9rcoles, de 17h a 20h, os podr\u00e9is inscribir en los actos para los que es necesaria la reserva previa en las oficinas municipales. Encontrar\u00e9is toda la informaci\u00f3n en el programa de Fiesta Mayor que se est\u00e1 repartiendo por las casas y que tambi\u00e9n hemos publicado en eBando. Junto con el programa hemos repartido la hoja de inscripci\u00f3n que tambi\u00e9n adjuntamos aqu\u00ed. Tambi\u00e9n habr\u00e1 folios de inscripci\u00f3n a disposici\u00f3n de los vecinos en las oficinas municipales.<\/span><\/p>\n<p style=\"text-align: justify;\"><img loading=\"lazy\" class=\"aligncenter size-large wp-image-14273\" src=\"http:\/\/bisbalpenedes.com\/web\/wp-content\/uploads\/2020\/08\/INSCRIPCIO_FM20B-724x1024.jpg\" alt=\"INSCRIPCIO_FM20B\" width=\"630\" height=\"891\" srcset=\"https:\/\/bisbalpenedes.com\/web\/wp-content\/uploads\/2020\/08\/INSCRIPCIO_FM20B-724x1024.jpg 724w, https:\/\/bisbalpenedes.com\/web\/wp-content\/uploads\/2020\/08\/INSCRIPCIO_FM20B-600x849.jpg 600w, https:\/\/bisbalpenedes.com\/web\/wp-content\/uploads\/2020\/08\/INSCRIPCIO_FM20B-212x300.jpg 212w, https:\/\/bisbalpenedes.com\/web\/wp-content\/uploads\/2020\/08\/INSCRIPCIO_FM20B-768x1086.jpg 768w, https:\/\/bisbalpenedes.com\/web\/wp-content\/uploads\/2020\/08\/INSCRIPCIO_FM20B.jpg 1240w\" sizes=\"(max-width: 630px) 100vw, 630px\" \/><\/p>\n<p style=\"text-align: justify;\"><span style=\"color: #000000;\">Actos con reserva\/inscripci\u00f3n previa:<\/span><\/p>\n<ul style=\"text-align: justify;\">\n<li><span style=\"color: #000000;\">Cena al aire libre: cena delante de cada casa con familiares y amigos. Se recomienda un m\u00e1ximo de 20 personas, preservando las distancias y medidas de prevenci\u00f3n por la Covid-19.<\/span><\/li>\n<li><span style=\"color: #000000;\">Ajedrez al aire libre: inscripciones para participar en las partidas simult\u00e1neas de ajedrez.<\/span><\/li>\n<li><span style=\"color: #000000;\">Concierto de Fiesta Mayor con la Orquestra Selvatana, en el entoldado. Se har\u00e1n dos turnos y el concierto ser\u00e1 sin media parte. El aforo es limitado.<\/span><\/li>\n<li><span style=\"color: #000000;\">Concierto con el grupo EmsembleB\u00e9: concierto de m\u00fasica cl\u00e1sica con versiones de m\u00fasica contempor\u00e1nea, de pel\u00edculas y de zarzuela. Se interpretar\u00e1n piezas de Bizet, Toldr\u00e0, Bach, Geshwin, Morricone y Puccini, entre otras.<\/span><\/li>\n<\/ul>\n<p style=\"text-align: justify;\"><span style=\"color: #000000;\">Recordad que hay que seguir todas las medidas de prevenci\u00f3n por la Covid-19. Llevad la mascarilla, mantened una constante higiene de manos y respetad las distancias. No com\u00e1is ni beb\u00e1is del mismo recipiente del que coman o beban otras personas.<\/span><\/p>\n<p style=\"text-align: justify;\">\n<p>&nbsp;<\/p>\n<p>&nbsp;<\/p>\n","protected":false},"excerpt":{"rendered":"<p>Avui dilluns, dem\u00e0 dimarts i el proper dimecres, de 17h a 20h, us podreu inscriure als actes per als quals cal reserva pr\u00e8via a les oficines municipals. Trobareu tota la &hellip; <a href=\"https:\/\/bisbalpenedes.com\/web\/2020\/08\/10\/del-10-al-12-dagost-de-17h-a-20h-es-podran-fer-les-inscripcions-als-actes-de-la-festa-major\/\" class=\"more-link\">Read More<\/a><\/p>\n","protected":false},"author":4,"featured_media":14273,"comment_status":"closed","ping_status":"closed","sticky":false,"template":"","format":"standard","meta":[],"categories":[2161,1042,8],"tags":[110,280,273],"_links":{"self":[{"href":"https:\/\/bisbalpenedes.com\/web\/wp-json\/wp\/v2\/posts\/14272"}],"collection":[{"href":"https:\/\/bisbalpenedes.com\/web\/wp-json\/wp\/v2\/posts"}],"about":[{"href":"https:\/\/bisbalpenedes.com\/web\/wp-json\/wp\/v2\/types\/post"}],"author":[{"embeddable":true,"href":"https:\/\/bisbalpenedes.com\/web\/wp-json\/wp\/v2\/users\/4"}],"replies":[{"embeddable":true,"href":"https:\/\/bisbalpenedes.com\/web\/wp-json\/wp\/v2\/comments?post=14272"}],"version-history":[{"count":2,"href":"https:\/\/bisbalpenedes.com\/web\/wp-json\/wp\/v2\/posts\/14272\/revisions"}],"predecessor-version":[{"id":14275,"href":"https:\/\/bisbalpenedes.com\/web\/wp-json\/wp\/v2\/posts\/14272\/revisions\/14275"}],"wp:featuredmedia":[{"embeddable":true,"href":"https:\/\/bisbalpenedes.com\/web\/wp-json\/wp\/v2\/media\/14273"}],"wp:attachment":[{"href":"https:\/\/bisbalpenedes.com\/web\/wp-json\/wp\/v2\/media?parent=14272"}],"wp:term":[{"taxonomy":"category","embeddable":true,"href":"https:\/\/bisbalpenedes.com\/web\/wp-json\/wp\/v2\/categories?post=14272"},{"taxonomy":"post_tag","embeddable":true,"href":"https:\/\/bisbalpenedes.com\/web\/wp-json\/wp\/v2\/tags?post=14272"}],"curies":[{"name":"wp","href":"https:\/\/api.w.org\/{rel}","templated":true}]}}