{"id":14264,"date":"2020-08-06T13:00:34","date_gmt":"2020-08-06T11:00:34","guid":{"rendered":"http:\/\/bisbalpenedes.com\/web\/?p=14264"},"modified":"2020-08-06T13:00:51","modified_gmt":"2020-08-06T11:00:51","slug":"14264","status":"publish","type":"post","link":"https:\/\/bisbalpenedes.com\/web\/2020\/08\/06\/14264\/","title":{"rendered":"Per evitar contagis, recordeu: dist\u00e0ncia + mans + mascareta"},"content":{"rendered":"<div class=\"\" data-block=\"true\" data-editor=\"co4r8\" data-offset-key=\"acm3f-0-0\">\n<div class=\"_1mf _1mj\" data-offset-key=\"acm3f-0-0\"><span style=\"color: #000000;\" data-offset-key=\"acm3f-0-0\">Recordeu que cal seguir les mesures de prevenci\u00f3 de la Covid-19 per evitar contagis i rebrots.<\/span><\/div>\n<\/div>\n<ul>\n<li><span style=\"color: #000000;\" data-offset-key=\"22jli-1-0\">Poseu-vos la mascareta<\/span><\/li>\n<li><span style=\"color: #000000;\" data-offset-key=\"3mnfc-1-0\">Renteu-vos les mans sovint<\/span><\/li>\n<li><span style=\"color: #000000;\" data-offset-key=\"aip09-1-0\">Mantingueu la dist\u00e0ncia f\u00edsica d&#8217;1,5 m<\/span><\/li>\n<li><span style=\"color: #000000;\" data-offset-key=\"bp2e3-1-0\">Eviteu aglomeracions de gent<\/span><\/li>\n<\/ul>\n<div class=\"\" data-block=\"true\" data-editor=\"co4r8\" data-offset-key=\"64vuu-0-0\">\n<div class=\"_1mf _1mj\" data-offset-key=\"64vuu-0-0\">\n<hr \/>\n<\/div>\n<\/div>\n<div class=\"\" data-block=\"true\" data-editor=\"co4r8\" data-offset-key=\"7g5up-0-0\">\n<div class=\"_1mf _1mj\" data-offset-key=\"7g5up-0-0\"><span style=\"color: #000000;\" data-offset-key=\"7g5up-0-0\">\u00a0<\/span><\/div>\n<\/div>\n<div class=\"\" data-block=\"true\" data-editor=\"co4r8\" data-offset-key=\"c526l-0-0\">\n<div class=\"_1mf _1mj\" data-offset-key=\"c526l-0-0\"><span style=\"color: #000000;\" data-offset-key=\"c526l-0-0\">Recordad que hay que seguir las medidas de prevenci\u00f3n de la Covid-19 para evitar contagios y rebrotes.<\/span><\/div>\n<\/div>\n<ul>\n<li><span style=\"color: #000000;\" data-offset-key=\"erir2-1-0\">Poneos la mascarilla<\/span><\/li>\n<li><span style=\"color: #000000;\">Lavaos las manos a menudo<\/span><\/li>\n<li><span style=\"color: #000000;\" data-offset-key=\"5j379-1-0\">Mantened la distancia f\u00edsica de 1,5 m<\/span><\/li>\n<li><span style=\"color: #000000;\" data-offset-key=\"2n7q0-1-0\">Evitad aglomeraciones de gente<\/span><\/li>\n<\/ul>\n<p><img loading=\"lazy\" class=\"aligncenter size-large wp-image-14265\" src=\"http:\/\/bisbalpenedes.com\/web\/wp-content\/uploads\/2020\/08\/INFOGRAFIA-DISTANCIA-MANS-MASCARETA-1024x576.jpg\" alt=\"INFOGRAFIA DISTANCIA MANS MASCARETA\" width=\"630\" height=\"354\" srcset=\"https:\/\/bisbalpenedes.com\/web\/wp-content\/uploads\/2020\/08\/INFOGRAFIA-DISTANCIA-MANS-MASCARETA-1024x576.jpg 1024w, https:\/\/bisbalpenedes.com\/web\/wp-content\/uploads\/2020\/08\/INFOGRAFIA-DISTANCIA-MANS-MASCARETA-600x338.jpg 600w, https:\/\/bisbalpenedes.com\/web\/wp-content\/uploads\/2020\/08\/INFOGRAFIA-DISTANCIA-MANS-MASCARETA-300x169.jpg 300w, https:\/\/bisbalpenedes.com\/web\/wp-content\/uploads\/2020\/08\/INFOGRAFIA-DISTANCIA-MANS-MASCARETA-768x432.jpg 768w, https:\/\/bisbalpenedes.com\/web\/wp-content\/uploads\/2020\/08\/INFOGRAFIA-DISTANCIA-MANS-MASCARETA.jpg 1600w\" sizes=\"(max-width: 630px) 100vw, 630px\" \/> <img loading=\"lazy\" class=\"aligncenter size-large wp-image-14266\" src=\"http:\/\/bisbalpenedes.com\/web\/wp-content\/uploads\/2020\/08\/INFOGRAFIA-PLATA-1-BIS.png\" alt=\"INFOGRAFIA PLATA 1 BIS\" width=\"630\" height=\"353\" srcset=\"https:\/\/bisbalpenedes.com\/web\/wp-content\/uploads\/2020\/08\/INFOGRAFIA-PLATA-1-BIS.png 750w, https:\/\/bisbalpenedes.com\/web\/wp-content\/uploads\/2020\/08\/INFOGRAFIA-PLATA-1-BIS-600x336.png 600w, https:\/\/bisbalpenedes.com\/web\/wp-content\/uploads\/2020\/08\/INFOGRAFIA-PLATA-1-BIS-300x168.png 300w\" sizes=\"(max-width: 630px) 100vw, 630px\" \/> <img loading=\"lazy\" class=\"aligncenter size-large wp-image-14267\" src=\"http:\/\/bisbalpenedes.com\/web\/wp-content\/uploads\/2020\/08\/INFOGRAFIA-PLATJA-2-1024x573.jpg\" alt=\"INFOGRAFIA PLATJA 2\" width=\"630\" height=\"353\" srcset=\"https:\/\/bisbalpenedes.com\/web\/wp-content\/uploads\/2020\/08\/INFOGRAFIA-PLATJA-2-1024x573.jpg 1024w, https:\/\/bisbalpenedes.com\/web\/wp-content\/uploads\/2020\/08\/INFOGRAFIA-PLATJA-2-600x336.jpg 600w, https:\/\/bisbalpenedes.com\/web\/wp-content\/uploads\/2020\/08\/INFOGRAFIA-PLATJA-2-300x168.jpg 300w, https:\/\/bisbalpenedes.com\/web\/wp-content\/uploads\/2020\/08\/INFOGRAFIA-PLATJA-2-768x430.jpg 768w, https:\/\/bisbalpenedes.com\/web\/wp-content\/uploads\/2020\/08\/INFOGRAFIA-PLATJA-2.jpg 1600w\" sizes=\"(max-width: 630px) 100vw, 630px\" \/> <img loading=\"lazy\" class=\"aligncenter size-large wp-image-14268\" src=\"http:\/\/bisbalpenedes.com\/web\/wp-content\/uploads\/2020\/08\/on-portar-la-mascareta.jpg\" alt=\"on portar la mascareta\" width=\"630\" height=\"446\" srcset=\"https:\/\/bisbalpenedes.com\/web\/wp-content\/uploads\/2020\/08\/on-portar-la-mascareta.jpg 680w, https:\/\/bisbalpenedes.com\/web\/wp-content\/uploads\/2020\/08\/on-portar-la-mascareta-600x424.jpg 600w, https:\/\/bisbalpenedes.com\/web\/wp-content\/uploads\/2020\/08\/on-portar-la-mascareta-300x212.jpg 300w\" sizes=\"(max-width: 630px) 100vw, 630px\" \/><\/p>\n<div class=\"\" data-block=\"true\" data-editor=\"co4r8\" data-offset-key=\"9r25n-0-0\"><\/div>\n","protected":false},"excerpt":{"rendered":"<p>Recordeu que cal seguir les mesures de prevenci\u00f3 de la Covid-19 per evitar contagis i rebrots. Poseu-vos la mascareta Renteu-vos les mans sovint Mantingueu la dist\u00e0ncia f\u00edsica d&#8217;1,5 m Eviteu &hellip; <a href=\"https:\/\/bisbalpenedes.com\/web\/2020\/08\/06\/14264\/\" class=\"more-link\">Read More<\/a><\/p>\n","protected":false},"author":4,"featured_media":14266,"comment_status":"closed","ping_status":"closed","sticky":false,"template":"","format":"standard","meta":[],"categories":[3636,8,14],"tags":[3550,3559,3735,3773,3724,886,145],"_links":{"self":[{"href":"https:\/\/bisbalpenedes.com\/web\/wp-json\/wp\/v2\/posts\/14264"}],"collection":[{"href":"https:\/\/bisbalpenedes.com\/web\/wp-json\/wp\/v2\/posts"}],"about":[{"href":"https:\/\/bisbalpenedes.com\/web\/wp-json\/wp\/v2\/types\/post"}],"author":[{"embeddable":true,"href":"https:\/\/bisbalpenedes.com\/web\/wp-json\/wp\/v2\/users\/4"}],"replies":[{"embeddable":true,"href":"https:\/\/bisbalpenedes.com\/web\/wp-json\/wp\/v2\/comments?post=14264"}],"version-history":[{"count":2,"href":"https:\/\/bisbalpenedes.com\/web\/wp-json\/wp\/v2\/posts\/14264\/revisions"}],"predecessor-version":[{"id":14270,"href":"https:\/\/bisbalpenedes.com\/web\/wp-json\/wp\/v2\/posts\/14264\/revisions\/14270"}],"wp:featuredmedia":[{"embeddable":true,"href":"https:\/\/bisbalpenedes.com\/web\/wp-json\/wp\/v2\/media\/14266"}],"wp:attachment":[{"href":"https:\/\/bisbalpenedes.com\/web\/wp-json\/wp\/v2\/media?parent=14264"}],"wp:term":[{"taxonomy":"category","embeddable":true,"href":"https:\/\/bisbalpenedes.com\/web\/wp-json\/wp\/v2\/categories?post=14264"},{"taxonomy":"post_tag","embeddable":true,"href":"https:\/\/bisbalpenedes.com\/web\/wp-json\/wp\/v2\/tags?post=14264"}],"curies":[{"name":"wp","href":"https:\/\/api.w.org\/{rel}","templated":true}]}}