{"id":14259,"date":"2020-08-05T19:50:53","date_gmt":"2020-08-05T17:50:53","guid":{"rendered":"http:\/\/bisbalpenedes.com\/web\/?p=14259"},"modified":"2020-08-05T20:01:27","modified_gmt":"2020-08-05T18:01:27","slug":"el-2021-la-majoria-de-nuclis-de-poblacio-de-la-bisbal-del-penedes-funcionaran-mitjancant-el-porta-a-porta","status":"publish","type":"post","link":"https:\/\/bisbalpenedes.com\/web\/2020\/08\/05\/el-2021-la-majoria-de-nuclis-de-poblacio-de-la-bisbal-del-penedes-funcionaran-mitjancant-el-porta-a-porta\/","title":{"rendered":"El 2021 la majoria de nuclis de poblaci\u00f3 de la Bisbal del Pened\u00e8s funcionaran mitjan\u00e7ant el porta a porta"},"content":{"rendered":"<p style=\"text-align: justify;\"><span style=\"color: #000000;\">L\u2019Ajuntament de la Bisbal del Pened\u00e8s implantar\u00e0 la recollida porta a porta a Can Gordei, l\u2019Esplai, el Priorat de la Bisbal, la Miralba, l\u2019Ortig\u00f3s i el Papagai l\u2019any 2021. L\u2019actual contracte de \u201cgesti\u00f3 del servei p\u00fablic de recollida de residus mitjan\u00e7ant modalitat de concessi\u00f3, per procediment obert\u201d, signat el 2011 amb CESPA, SA. finalitza l\u2019any vinent i, abans de preparar la nova licitaci\u00f3, l\u2019equip de govern ha considerat replantejar el servei de recollida de residus per poder optar a l\u2019opci\u00f3 m\u00e9s adient per al municipi. Per aquest motiu, el gener de 2020 va aprovar per Junta de govern local un contracte menor per al servei de redacci\u00f3 del projecte de gesti\u00f3 de residus per tal d\u2019avaluar quina \u00e9s l\u2019opci\u00f3 m\u00e9s adequada per a la Bisbal del Pened\u00e8s. L\u2019objectiu de l\u2019equip de govern \u00e9s tirar endavant un projecte que tingui en compte els requeriments legals de l\u2019Ag\u00e8ncia de Residus de Catalunya, els governs catal\u00e0 i espanyol i la Uni\u00f3 Europea i que, alhora, permeti millorar la gesti\u00f3 de residus municipal.<\/span><\/p>\n<p style=\"text-align: justify;\"><span style=\"color: #000000;\">L\u2019estudi redactat preveu ampliar la recollida porta a porta, que actualment es du a terme al nucli, a tots els nuclis de poblaci\u00f3 del municipi a excepci\u00f3 de la Masieta -on s\u2019han d\u2019acabar d\u2019avaluar, amb els ve\u00efns, les diferents opcions per resoldre la recollida selectiva de deixalles- i la Pineda de Santa Cristina, on el servei es gestiona des de l\u2019Ajuntament de Rodony\u00e0. Segons ha explicat l\u2019alcaldessa de la Bisbal del Pened\u00e8s, Agn\u00e8s Ferr\u00e9, \u201cpensem que amb la recollida porta a porta millorarem la gesti\u00f3 dels residus als diferents barris del municipi. Cadasc\u00fa separar\u00e0 els residus a casa seva i els haur\u00e0 de deixar a la porta, la qual cosa exigir\u00e0 el comprom\u00eds de la ciutadania. Des de l\u2019Ajuntament tirarem endavant una campanya informativa que contribuir\u00e0 al fet que els ve\u00efns puguin adquirir el nou h\u00e0bit de gesti\u00f3 dom\u00e8stica dels residus\u201d. Ferr\u00e9 ha explicat que, despr\u00e9s de l\u2019estiu, es faran reunions amb els regidors i regidores i amb les associacions de ve\u00efns del municipi. En aquestes reunions, l\u2019empresa que ha realitzat la redacci\u00f3 del projecte i l\u2019equip de govern explicaran l\u2019estudi i les noves propostes de gesti\u00f3. Tamb\u00e9 s\u2019iniciaran les campanyes informatives adre\u00e7ades a la poblaci\u00f3 i es resoldran els dubtes que pugui tenir la ciutadania en mat\u00e8ria de recollida selectiva de residus domiciliaris.<\/span><\/p>\n<p style=\"text-align: justify;\"><span style=\"color: #000000;\">Paral\u00b7lelament a la implementaci\u00f3 del nou servei, s\u2019ampliar\u00e0 i es millorar\u00e0 el servei del Punt Verd. Est\u00e0 previst que es millori el servei de disposici\u00f3 de poda i de residus vegetals i que es reestructuri el servei de recollida de trastos (voluminosos).<\/span><\/p>\n<p style=\"text-align: justify;\"><span style=\"color: #000000;\">Els residus municipals dom\u00e8stics, les deixalles, s\u00f3n un dels reptes mediambientals i econ\u00f2mics m\u00e9s importants del moment actual. Segons l\u2019<a style=\"color: #000000;\" href=\"http:\/\/residus.gencat.cat\/ca\/ambits_dactuacio\/recollida_selectiva\/models_de_recollida\/segons_sistema_de_recollida\/recollida_selectiva_porta_a_porta\/\">Ag\u00e8ncia Catalana de Residus<\/a>, \u201cels resultats de la recollida selectiva assolits en els municipis que tenen en marxa sistemes porta a porta s\u00f3n en general superiors, tant en quantitat recollida com en qualitat de la separaci\u00f3 (en general se situen entre el 60 i el 80% de la recollida selectiva). L\u2019alcaldessa de la Bisbal del Pened\u00e8s ha explicat que \u201ctot i que aquest sistema requerir\u00e0 un canvi d\u2019h\u00e0bits per part de la ciutadania, confiem en el fet que els ve\u00efns s\u2019esfor\u00e7aran per dur a terme una bona gesti\u00f3 dels residus que permetr\u00e0 millorar el percentatge de recollida selectiva al municipi de forma notable i reduir la generaci\u00f3 de la fracci\u00f3 de resta, \u00e9s a dir, la que no es recicla\u201d. Aquesta fracci\u00f3 encareix de forma substancial la gesti\u00f3 de residus municipal, ja que <a style=\"color: #000000;\" href=\"http:\/\/residus.gencat.cat\/ca\/actualitat\/noticies\/detall\/llei-5-2020\">l\u2019Ag\u00e8ncia de Residus de Catalunya<\/a> aplica un c\u00e0non que, segons la Llei 5\/2020, del 29 d\u2019abril, anir\u00e0 augmentant progressivament en quatre anys amb l\u2019objectiu de \u201ccontinuar afavorint econ\u00f2micament\u00a0 les opcions ambientalment ajustades a la jerarquia de gesti\u00f3 impulsades per les normes europees, segons les quals la disposici\u00f3 per mitj\u00e0 de la deposici\u00f3 \u00e9s la darrera opci\u00f3 de gesti\u00f3 que s\u2019ha d\u2019aplicar, essent les primeres opcions les de prevenci\u00f3, reutilitzaci\u00f3 i reciclatge\u201d. Aquesta fracci\u00f3 hauria de contenir els residus que no es poden separar ni reciclar: pols d\u2019escombrar, algun plat o tassa trencats, algun pl\u00e0stic molt brut o vell o trossets de fusta, entre altres.<\/span><\/p>\n<hr \/>\n<p style=\"text-align: justify;\"><span style=\"color: #000000;\"><strong>CASTELLANO |<\/strong> El Ayuntamiento de la Bisbal del Pened\u00e8s implantar\u00e1 la recogida puerta por puerta en Can Gordei, l\u2019Esplai, el Priorat de la Bisbal, la Miralba, l\u2019Ortig\u00f3s y el Papagai en el a\u00f1o 2021. El actual contrato de \u201cgesti\u00f3n del servicio p\u00fablico de recogida de residuos mediante modalidad de concesi\u00f3n, por procedimiento abierto\u201d, firmado en el a\u00f1o 2011 con CESPA, SA. finaliza el a\u00f1o que viene y, antes de preparar la nueva licitaci\u00f3n, el equipo de gobierno ha considerado replantear el servicio de recogida de residuos para poder optar a la opci\u00f3n m\u00e1s adecuada para el municipio. Por este motivo, en enero de 2020 aprob\u00f3 por Junta de gobierno local un contrato menor para el servicio de redacci\u00f3n del proyecto de gesti\u00f3n de residuos con tal de evaluar cu\u00e1l es la opci\u00f3n m\u00e1s adecuada para la Bisbal del Pened\u00e8s. El objetivo del equipo de gobierno es sacar adelante un proyecto que tenga en cuenta los requerimientos legales de la Agencia de Residuos de Catalunya, los gobiernos catal\u00e1n y espa\u00f1ol y la Uni\u00f3n Europea y que, a la vez, permita mejorar la gesti\u00f3n de residuos municipal.<\/span><\/p>\n<p style=\"text-align: justify;\"><span style=\"color: #000000;\">El estudio redactado prev\u00e9 ampliar la recogida puerta por puerta, que actualmente est\u00e1 en funcionamiento en el n\u00facleo, a todos los n\u00facleos de poblaci\u00f3n del municipio a excepci\u00f3n de la Masieta -donde se tienen que acabar de evaluar, junto con los vecinos, las distintas opciones para resolver la recogida selectiva de desechos- y la Pineda de Santa Cristina, donde el servicio se gestiona desde el Ayuntamiento de Rodony\u00e0. Seg\u00fan ha explicado la alcaldesa de la Bisbal del Pened\u00e8s, Agn\u00e8s Ferr\u00e9, \u201cpensamos que con la recogida puerta por puerta mejoraremos la gesti\u00f3n de los residuos en los distintos barrios del municipio. Cada vecino separar\u00e1 los residuos en su casa y los tendr\u00e1 que dejar en la puerta, la cual cosa exigir\u00e1 el compromiso de la ciudadan\u00eda. Desde el Ayuntamiento sacaremos adelante una campa\u00f1a informativa que contribuir\u00e1 a que los vecinos puedan adquirir el nuevo h\u00e1bito de gesti\u00f3n dom\u00e9stica de los residuos\u201d. Ferr\u00e9 ha explicado que, despu\u00e9s del verano, se har\u00e1n reuniones con los concejales y concejalas y con las asociaciones de vecinos del municipio. En estas reuniones, la empresa que ha realizado la redacci\u00f3n de proyecto y el equipo de gobierno explicar\u00e1n el estudio y las nuevas propuestas de gesti\u00f3n. Tambi\u00e9n se iniciar\u00e1n las campa\u00f1as informativas dirigidas a la poblaci\u00f3n y se resolver\u00e1n las dudas que pueda tener la ciudadan\u00eda en materia de recogida selectiva de residuos domiciliarios.<\/span><\/p>\n<p style=\"text-align: justify;\"><span style=\"color: #000000;\">Paralelamente a la implementaci\u00f3n del nuevo servicio, se ampliar\u00e1 y se mejorar\u00e1 el servicio del Punt Verd. Est\u00e1 previsto que se mejore el servicio de disposici\u00f3n de poda y de residuos vegetales y que se reestructure el servicio de recogida de trastos (voluminosos).<\/span><\/p>\n<p style=\"text-align: justify;\"><span style=\"color: #000000;\">Los residuos municipales dom\u00e9sticos, los desechos, son uno de los retos medioambientales y econ\u00f3micos m\u00e1s importantes del momento actual. Seg\u00fan la <a style=\"color: #000000;\" href=\"http:\/\/residus.gencat.cat\/ca\/ambits_dactuacio\/recollida_selectiva\/models_de_recollida\/segons_sistema_de_recollida\/recollida_selectiva_porta_a_porta\/\">Agencia Catalana de Residuos<\/a>, \u201clos resultados de la recogida selectiva alcanzados en los municipios que tienen en marcha sistemas de recogida puerta por puerta son en general superiores, tanto en cantidad recogida como en calidad de la separaci\u00f3n (en general se sit\u00faan entre el 60 y el 80% de la recogida selectiva). La alcaldesa de la Bisbal del Pened\u00e8s ha explicado que \u201caunque este sistema requerir\u00e1 un cambio de h\u00e1bitos por parte de la ciudadan\u00eda, confiamos en que los vecinos se esforzar\u00e1n por llevar a cabo una buena gesti\u00f3n de los residuos que permitir\u00e1 mejorar el porcentaje de recogida selectiva en el municipio de forma notable y reducir la generaci\u00f3n de la fracci\u00f3n de restos, es decir, la que no se recicla\u201d. Esta fracci\u00f3n encarece de forma sustancial la gesti\u00f3n de residuos municipal, ya que la <a style=\"color: #000000;\" href=\"http:\/\/residus.gencat.cat\/ca\/actualitat\/noticies\/detall\/llei-5-2020\">Agencia de Residuos de Catalunya<\/a> aplica un canon que, seg\u00fan la Ley 5\/2020, del 29 de abril, ir\u00e1 aumentando progresivamente en cuatro a\u00f1os con el objetivo de \u201ccontinuar favoreciendo econ\u00f3micamente las opciones ambientalmente ajustadas a la jerarqu\u00eda de gesti\u00f3n impulsadas por las normas europeas, seg\u00fan las cuales la disposici\u00f3n por medio de la deposici\u00f3n es la \u00faltima opci\u00f3n de gesti\u00f3n que se debe aplicar, siendo las primeras opciones la prevenci\u00f3n, reutilizaci\u00f3n y reciclaje\u201d. Esta fracci\u00f3n deber\u00eda contener los residuos que no se pueden separar ni reciclar: polvo de barrer, alg\u00fan plato o taza rotos, alg\u00fan pl\u00e1stico muy sucio o viejo o trocitos de madera, entre otros.<\/span><\/p>\n","protected":false},"excerpt":{"rendered":"<p>L\u2019Ajuntament de la Bisbal del Pened\u00e8s implantar\u00e0 la recollida porta a porta a Can Gordei, l\u2019Esplai, el Priorat de la Bisbal, la Miralba, l\u2019Ortig\u00f3s i el Papagai l\u2019any 2021. L\u2019actual &hellip; <a href=\"https:\/\/bisbalpenedes.com\/web\/2020\/08\/05\/el-2021-la-majoria-de-nuclis-de-poblacio-de-la-bisbal-del-penedes-funcionaran-mitjancant-el-porta-a-porta\/\" class=\"more-link\">Read More<\/a><\/p>\n","protected":false},"author":4,"featured_media":13964,"comment_status":"closed","ping_status":"closed","sticky":false,"template":"","format":"standard","meta":[],"categories":[3215,8],"tags":[77,198,1177,1479,276,604,246,1730,520,452],"_links":{"self":[{"href":"https:\/\/bisbalpenedes.com\/web\/wp-json\/wp\/v2\/posts\/14259"}],"collection":[{"href":"https:\/\/bisbalpenedes.com\/web\/wp-json\/wp\/v2\/posts"}],"about":[{"href":"https:\/\/bisbalpenedes.com\/web\/wp-json\/wp\/v2\/types\/post"}],"author":[{"embeddable":true,"href":"https:\/\/bisbalpenedes.com\/web\/wp-json\/wp\/v2\/users\/4"}],"replies":[{"embeddable":true,"href":"https:\/\/bisbalpenedes.com\/web\/wp-json\/wp\/v2\/comments?post=14259"}],"version-history":[{"count":3,"href":"https:\/\/bisbalpenedes.com\/web\/wp-json\/wp\/v2\/posts\/14259\/revisions"}],"predecessor-version":[{"id":14263,"href":"https:\/\/bisbalpenedes.com\/web\/wp-json\/wp\/v2\/posts\/14259\/revisions\/14263"}],"wp:featuredmedia":[{"embeddable":true,"href":"https:\/\/bisbalpenedes.com\/web\/wp-json\/wp\/v2\/media\/13964"}],"wp:attachment":[{"href":"https:\/\/bisbalpenedes.com\/web\/wp-json\/wp\/v2\/media?parent=14259"}],"wp:term":[{"taxonomy":"category","embeddable":true,"href":"https:\/\/bisbalpenedes.com\/web\/wp-json\/wp\/v2\/categories?post=14259"},{"taxonomy":"post_tag","embeddable":true,"href":"https:\/\/bisbalpenedes.com\/web\/wp-json\/wp\/v2\/tags?post=14259"}],"curies":[{"name":"wp","href":"https:\/\/api.w.org\/{rel}","templated":true}]}}